{"id":245844,"date":"2017-09-27T00:00:00","date_gmt":"2017-09-27T00:00:00","guid":{"rendered":"https:\/\/www.ecuadortimes.net\/es\/ecuador-recibio-certificacion-mundial-por-equipos-medicos-de-emergencia-de-hospitalizacion-y-cirugia\/"},"modified":"2017-09-27T00:00:00","modified_gmt":"2017-09-27T00:00:00","slug":"ecuador-recibio-certificacion-mundial-por-equipos-medicos-de-emergencia-de-hospitalizacion-y-cirugia","status":"publish","type":"post","link":"https:\/\/www.ecuadortimes.net\/es\/ecuador-recibio-certificacion-mundial-por-equipos-medicos-de-emergencia-de-hospitalizacion-y-cirugia\/","title":{"rendered":"Ecuador recibi\u00f3 certificaci\u00f3n mundial por equipos m\u00e9dicos de emergencia de hospitalizaci\u00f3n y cirug\u00eda"},"content":{"rendered":"<p><img loading=\"lazy\" class=\"size-full wp-image-190092 aligncenter\" src=\"https:\/\/www.ecuadortimes.net\/es\/wp-content\/uploads\/2017\/09\/ECUADORTIMES_ECUADORNEWS_CERTIFICACION_MUNDIAL_EQUIPOS_MEDICOS_ALTA_TECNOLOGIA.jpeg\" alt=\"\" width=\"612\" height=\"340\" \/><\/p>\n<p>&nbsp;<\/p>\n<p>Un certificado que acredita la calificaci\u00f3n de dos hospitales m\u00f3viles y una unidad m\u00e9dica quir\u00fargica del pa\u00eds, como equipos m\u00e9dicos de emergencia nivel dos (EMT, por sus siglas en ingl\u00e9s). Eso recibi\u00f3 la <strong>ministra de Salud de Ecuador<\/strong>, Ver\u00f3nica Espinosa, en la 29 <strong>Conferencia Sanitaria Panamericana<\/strong>. Lo recibi\u00f3 de manos d el director general de la <strong>Organizaci\u00f3n Mundial de la Salud<\/strong>, Tedros Adhanom Ghebreyesus, este martes 26 de septiembre del 2017.<\/p>\n<p>\u00bfQu\u00e9 significa esa certificaci\u00f3n? Que esos equipos cumplen con est\u00e1ndares mundiales para la atenci\u00f3n de emergencias y desastres en <strong>territorio nacional e internacional<\/strong>. Ecuador es el primer pa\u00eds de las Am\u00e9ricas y el sexto del mundo en conseguir esta calificaci\u00f3n de nivel II, seg\u00fan informaci\u00f3n del Ministerio de Salud.<\/p>\n<p>Esto garantiza que el pa\u00eds cuenta con equipos con capacidad de atender hospitalizaci\u00f3n y cirug\u00edas. Antes la obtuvieron Rusia, Australia, China, Jap\u00f3n, Gran Breta\u00f1a. De este modo se ha calificado a los hospitales m\u00f3viles 1 y 2, y la c\u00e9lula especializada quir\u00fargica, que brindaron atenci\u00f3n durante el terremoto del 16 de abril de 2016 y hoy prestan servicios de contingencia en varios lugares del pa\u00eds. En las Am\u00e9ricas, solo Costa Rica hab\u00eda alcanzado una certificaci\u00f3n EMT, pero en nivel I, que implica \u00fanicamente procedimientos ambulatorios.<\/p>\n<p>Seg\u00fan la Cartera, el proceso de calificaci\u00f3n empez\u00f3 a mediados del 2016. Del 13 al 15 de septiembre, una misi\u00f3n de verificaci\u00f3n constituida por expertos de la <strong>Secretar\u00eda Global EMT de la OMS,<\/strong> de la Caja Costarricense del Seguro Social, del Seguro Social del Per\u00fa y de la organizaci\u00f3n internacional Direct Relief verificaron los est\u00e1ndares para que el Ecuador alcance este reconocimiento. La misi\u00f3n recomend\u00f3 que la <strong>Secretar\u00eda Global EMT de la OMS<\/strong> otorgara la calificaci\u00f3n internacional de los equipos m\u00e9dicos de emergencia de Ecuador.<\/p>\n<p>La ministra Espinosa record\u00f3 que durante el terremoto del 2016, fue posible movilizar recursos para garantizar la salud de la poblaci\u00f3n, tambi\u00e9n hospitales m\u00f3viles que el Ministerio de Salud adquiri\u00f3 en el 2011, con una inversi\u00f3n de USD 35 millones, as\u00ed como unidades m\u00f3viles de menor envergadura\u009d. Este es un reconocimiento a aquellos que han trabajado para lograr est\u00e1ndares internacionales para la atenci\u00f3n de emergencias en nuestro pa\u00eds, tambi\u00e9n es un homenaje al trabajo de miles de servidores p\u00fablicos de la salud que colaboraron con m\u00edstica y sacrificio durante el terremoto.<\/p>\n<p>Y es adem\u00e1s una manera en que Ecuador le responde al mundo, que se volc\u00f3 con ayuda y solidaridad para nuestro pa\u00eds tras el terremoto de abril de 2016. Estaremos atentos y preparados para devolverle la solidaridad que recibimos y que lleg\u00f3 a conmovernos en uno de los momentos m\u00e1s duros de nuestra historia reciente\u009d.<small> (I)<\/small><\/p>\n<p>&nbsp;<\/p>\n<p>&nbsp;<\/p>\n<p><strong>Fuente: <\/strong><a href=\"http:\/\/www.elcomercio.com\/tendencias\/ministeriodesalud-certificacion-oms-hospitalizacion-cirugia.html\" target=\"_blank\" rel=\"noopener noreferrer\" data-saferedirecturl=\"https:\/\/www.google.com\/url?hl=es&amp;q=http:\/\/www.elcomercio.com\/tendencias\/ministeriodesalud-certificacion-oms-hospitalizacion-cirugia.html&amp;source=gmail&amp;ust=1506606201980000&amp;usg=AFQjCNEfqEGY7VDUUFMFD_9_32-O--u67A\">http:\/\/www.elcomercio.com\/tendencias\/ministeriodesalud-certificacion-oms-hospitalizacion-cirugia.html<\/a><\/p>\n","protected":false},"excerpt":{"rendered":"<p>&nbsp; Un certificado que acredita la calificaci\u00f3n de dos hospitales m\u00f3viles y una unidad m\u00e9dica quir\u00fargica del pa\u00eds, como equipos m\u00e9dicos de emergencia nivel dos (EMT, por sus siglas en ingl\u00e9s). Eso recibi\u00f3 la ministra de Salud de Ecuador, Ver\u00f3nica Espinosa, en la 29 Conferencia Sanitaria Panamericana. Lo recibi\u00f3 de manos d el director general de la Organizaci\u00f3n Mundial de la Salud, Tedros Adhanom Ghebreyesus, este martes 26 de septiembre del 2017. \u00bfQu\u00e9 significa esa certificaci\u00f3n? Que esos equipos cumplen con est\u00e1ndares mundiales para la atenci\u00f3n de emergencias y desastres en territorio nacional e internacional. Ecuador es el primer pa\u00eds de las Am\u00e9ricas y el sexto del mundo en conseguir esta calificaci\u00f3n de nivel II, seg\u00fan informaci\u00f3n del Ministerio de Salud. Esto garantiza que el pa\u00eds cuenta con equipos con capacidad de atender hospitalizaci\u00f3n y cirug\u00edas. Antes la obtuvieron Rusia, Australia, China, Jap\u00f3n, Gran Breta\u00f1a. De este modo se ha calificado a los hospitales m\u00f3viles 1 y 2, y la c\u00e9lula especializada quir\u00fargica, que brindaron atenci\u00f3n durante el terremoto del 16 de abril de 2016 y hoy prestan servicios de contingencia en varios lugares del pa\u00eds. En las Am\u00e9ricas, solo Costa Rica hab\u00eda alcanzado una certificaci\u00f3n EMT, pero en nivel I, que implica \u00fanicamente procedimientos ambulatorios. Seg\u00fan la Cartera, el proceso de calificaci\u00f3n empez\u00f3 a mediados del 2016. Del 13 al 15 de septiembre, una misi\u00f3n de verificaci\u00f3n constituida por expertos de la Secretar\u00eda Global EMT de la OMS, de la Caja Costarricense del Seguro Social, del Seguro Social del Per\u00fa y de la organizaci\u00f3n internacional Direct Relief verificaron los est\u00e1ndares para que el Ecuador alcance este reconocimiento. La misi\u00f3n recomend\u00f3 que la Secretar\u00eda Global EMT de la OMS otorgara la calificaci\u00f3n internacional de los equipos m\u00e9dicos de emergencia de Ecuador. La ministra Espinosa record\u00f3 que durante el terremoto del 2016, fue posible movilizar recursos para garantizar la salud de la poblaci\u00f3n, tambi\u00e9n hospitales m\u00f3viles que el Ministerio de Salud adquiri\u00f3 en el 2011, con una inversi\u00f3n de USD 35 millones, as\u00ed como unidades m\u00f3viles de menor envergadura\u009d. Este es un reconocimiento a aquellos que han trabajado para lograr est\u00e1ndares internacionales para la atenci\u00f3n de emergencias en nuestro pa\u00eds, tambi\u00e9n es un homenaje al trabajo de miles de servidores p\u00fablicos de la salud que colaboraron con m\u00edstica y sacrificio durante el terremoto. Y es adem\u00e1s una manera en que Ecuador le responde al mundo, que se volc\u00f3 con ayuda y solidaridad para nuestro pa\u00eds tras el terremoto de abril de 2016. Estaremos atentos y preparados para devolverle la solidaridad que recibimos y que lleg\u00f3 a conmovernos en uno de los momentos m\u00e1s duros de nuestra historia reciente\u009d. (I) &nbsp; &nbsp; Fuente: http:\/\/www.elcomercio.com\/tendencias\/ministeriodesalud-certificacion-oms-hospitalizacion-cirugia.html<\/p>\n","protected":false},"author":1,"featured_media":245845,"comment_status":"open","ping_status":"open","sticky":false,"template":"","format":"standard","meta":[],"categories":[54,32,31,51,40,35],"tags":[],"_links":{"self":[{"href":"https:\/\/www.ecuadortimes.net\/es\/wp-json\/wp\/v2\/posts\/245844"}],"collection":[{"href":"https:\/\/www.ecuadortimes.net\/es\/wp-json\/wp\/v2\/posts"}],"about":[{"href":"https:\/\/www.ecuadortimes.net\/es\/wp-json\/wp\/v2\/types\/post"}],"author":[{"embeddable":true,"href":"https:\/\/www.ecuadortimes.net\/es\/wp-json\/wp\/v2\/users\/1"}],"replies":[{"embeddable":true,"href":"https:\/\/www.ecuadortimes.net\/es\/wp-json\/wp\/v2\/comments?post=245844"}],"version-history":[{"count":0,"href":"https:\/\/www.ecuadortimes.net\/es\/wp-json\/wp\/v2\/posts\/245844\/revisions"}],"wp:featuredmedia":[{"embeddable":true,"href":"https:\/\/www.ecuadortimes.net\/es\/wp-json\/wp\/v2\/media\/245845"}],"wp:attachment":[{"href":"https:\/\/www.ecuadortimes.net\/es\/wp-json\/wp\/v2\/media?parent=245844"}],"wp:term":[{"taxonomy":"category","embeddable":true,"href":"https:\/\/www.ecuadortimes.net\/es\/wp-json\/wp\/v2\/categories?post=245844"},{"taxonomy":"post_tag","embeddable":true,"href":"https:\/\/www.ecuadortimes.net\/es\/wp-json\/wp\/v2\/tags?post=245844"}],"curies":[{"name":"wp","href":"https:\/\/api.w.org\/{rel}","templated":true}]}}