{"id":245850,"date":"2017-09-28T00:00:00","date_gmt":"2017-09-28T00:00:00","guid":{"rendered":"https:\/\/www.ecuadortimes.net\/es\/moreno-dice-a-cnn-que-una-de-las-preguntas-de-la-consulta-sera-sobre-la-reeleccion\/"},"modified":"2017-09-28T00:00:00","modified_gmt":"2017-09-28T00:00:00","slug":"moreno-dice-a-cnn-que-una-de-las-preguntas-de-la-consulta-sera-sobre-la-reeleccion","status":"publish","type":"post","link":"https:\/\/www.ecuadortimes.net\/es\/moreno-dice-a-cnn-que-una-de-las-preguntas-de-la-consulta-sera-sobre-la-reeleccion\/","title":{"rendered":"Moreno dice a CNN que una de las preguntas de la consulta ser\u00e1 sobre la reelecci\u00f3n"},"content":{"rendered":"<p><img loading=\"lazy\" class=\"size-full wp-image-190140 aligncenter\" src=\"https:\/\/www.ecuadortimes.net\/es\/wp-content\/uploads\/2017\/09\/ECUADORTIMES_ECUADORNEWS_LENIN_MORENO_CNN_CONSULTA_POPULAR_REELECCCION.jpg\" alt=\"\" width=\"620\" height=\"264\" \/><\/p>\n<p>&nbsp;<\/p>\n<p>El presidente de la rep\u00fablica,\u00a0<strong>Len\u00edn Moreno<\/strong>, a trav\u00e9s de una entrevista con la cadena internacional\u00a0<strong>CNN<\/strong>\u00a0se refiri\u00f3 al tema de la reeleci\u00f3n indefinida como una aberraci\u00f3n pol\u00edtica.<\/p>\n<p><strong>Otra de las preguntas que se est\u00e1 considerando es la posibilidad de que no haya reeleci\u00f3n indefinida. La reeleci\u00f3n indefinida desde mi concepci\u00f3n y creo, desde la \u00e9tica pol\u00edtica, es una aberraci\u00f3n, es una aberraci\u00f3n pol\u00edtica, \u00bfpor qu\u00e9? porque las personas que piensan reelegirse que piensan en el otro periodo, no piensan en el lejano o futuro del pa\u00eds<\/strong>, dijo Moreno.<\/p>\n<p>Moreno tambi\u00e9n ha dicho que Rafael Correa le indic\u00f3 un panorama pol\u00edtico coherente, pero cuando llegu\u00e9 al gobierno la situaci\u00f3n era compleja (\u00a6.) me pidi\u00f3 en Ginebra que sea su candidato a presidente porque el pueblo me necesitaba (\u00a6) hab\u00edamos hablado mucho con Rafael Correa y me dijo que \u0098la mesa estaba servida\u0099; es una \u0098mesa servida\u0099, pero sin nada\u009d.<\/p>\n<p>La deuda que se dec\u00eda que no rebasaba los USD 27 000 millones, aproximadamente el 27% del Producto Interno Bruto, cifraba m\u00e1s o menos los USD 60 000 millones. Lo que pasa es que estaba disfrazado de otra cosa, pues a todas las instituciones deb\u00edan\u009d.<\/p>\n<p>Moreno tras ser consultado si romper\u00eda un peri\u00f3dico porque un titular que no le gusta dijo: No se\u00f1or, me parece una groser\u00eda. As\u00ed -dicho de frente- me parece una groser\u00eda. Haz de cuenta que t\u00fa eres la persona que ha hecho ese peri\u00f3dico y de pronto una persona lo rompe frente a todos. Es una groser\u00eda. Una cosa es que te diga frontalmente que no estoy de acuerdo con tus ideas y que inclusive creo que algunas ideas no coinciden con la realidad, pero otra cosa muy diferente es una agresi\u00f3n de romper un peri\u00f3dico\u009d.<\/p>\n<p>Con respecto a Glas: Yo Asign\u00e9 al vicepresidente (Jorge Glas) las funciones que \u00e9l me pidi\u00f3, que \u00e9l manifest\u00f3 estaba en capacidad de llevar adelante la actividad productiva del pa\u00eds. Sin decirme nada me mand\u00f3 una carta extremadamente grosera. Me acus\u00f3 de que estaba tramando una red de corrupci\u00f3n. Lo que hice fue quitarle las funciones\u009d. (I)<\/p>\n<p>&nbsp;<\/p>\n<p>&nbsp;<\/p>\n<p><strong>Fuente: <\/strong><a href=\"http:\/\/www.larepublica.ec\/blog\/politica\/2017\/09\/27\/moreno-dice-que-la-reeleccion-indefinida-es-una-aberracion-politica\/\" target=\"_blank\" rel=\"noopener noreferrer\">http:\/\/www.larepublica.ec\/<wbr \/>blog\/politica\/2017\/09\/27\/<wbr \/>moreno-dice-que-la-reeleccion-<wbr \/>indefinida-es-una-aberracion-<wbr \/>politica\/<\/a><\/p>\n","protected":false},"excerpt":{"rendered":"<p>&nbsp; El presidente de la rep\u00fablica,\u00a0Len\u00edn Moreno, a trav\u00e9s de una entrevista con la cadena internacional\u00a0CNN\u00a0se refiri\u00f3 al tema de la reeleci\u00f3n indefinida como una aberraci\u00f3n pol\u00edtica. Otra de las preguntas que se est\u00e1 considerando es la posibilidad de que no haya reeleci\u00f3n indefinida. La reeleci\u00f3n indefinida desde mi concepci\u00f3n y creo, desde la \u00e9tica pol\u00edtica, es una aberraci\u00f3n, es una aberraci\u00f3n pol\u00edtica, \u00bfpor qu\u00e9? porque las personas que piensan reelegirse que piensan en el otro periodo, no piensan en el lejano o futuro del pa\u00eds, dijo Moreno. Moreno tambi\u00e9n ha dicho que Rafael Correa le indic\u00f3 un panorama pol\u00edtico coherente, pero cuando llegu\u00e9 al gobierno la situaci\u00f3n era compleja (\u00a6.) me pidi\u00f3 en Ginebra que sea su candidato a presidente porque el pueblo me necesitaba (\u00a6) hab\u00edamos hablado mucho con Rafael Correa y me dijo que \u0098la mesa estaba servida\u0099; es una \u0098mesa servida\u0099, pero sin nada\u009d. La deuda que se dec\u00eda que no rebasaba los USD 27 000 millones, aproximadamente el 27% del Producto Interno Bruto, cifraba m\u00e1s o menos los USD 60 000 millones. Lo que pasa es que estaba disfrazado de otra cosa, pues a todas las instituciones deb\u00edan\u009d. Moreno tras ser consultado si romper\u00eda un peri\u00f3dico porque un titular que no le gusta dijo: No se\u00f1or, me parece una groser\u00eda. As\u00ed -dicho de frente- me parece una groser\u00eda. Haz de cuenta que t\u00fa eres la persona que ha hecho ese peri\u00f3dico y de pronto una persona lo rompe frente a todos. Es una groser\u00eda. Una cosa es que te diga frontalmente que no estoy de acuerdo con tus ideas y que inclusive creo que algunas ideas no coinciden con la realidad, pero otra cosa muy diferente es una agresi\u00f3n de romper un peri\u00f3dico\u009d. Con respecto a Glas: Yo Asign\u00e9 al vicepresidente (Jorge Glas) las funciones que \u00e9l me pidi\u00f3, que \u00e9l manifest\u00f3 estaba en capacidad de llevar adelante la actividad productiva del pa\u00eds. Sin decirme nada me mand\u00f3 una carta extremadamente grosera. Me acus\u00f3 de que estaba tramando una red de corrupci\u00f3n. Lo que hice fue quitarle las funciones\u009d. (I) &nbsp; &nbsp; Fuente: http:\/\/www.larepublica.ec\/blog\/politica\/2017\/09\/27\/moreno-dice-que-la-reeleccion-indefinida-es-una-aberracion-politica\/<\/p>\n","protected":false},"author":1,"featured_media":245851,"comment_status":"open","ping_status":"open","sticky":false,"template":"","format":"standard","meta":[],"categories":[54,32,40,35,46],"tags":[],"_links":{"self":[{"href":"https:\/\/www.ecuadortimes.net\/es\/wp-json\/wp\/v2\/posts\/245850"}],"collection":[{"href":"https:\/\/www.ecuadortimes.net\/es\/wp-json\/wp\/v2\/posts"}],"about":[{"href":"https:\/\/www.ecuadortimes.net\/es\/wp-json\/wp\/v2\/types\/post"}],"author":[{"embeddable":true,"href":"https:\/\/www.ecuadortimes.net\/es\/wp-json\/wp\/v2\/users\/1"}],"replies":[{"embeddable":true,"href":"https:\/\/www.ecuadortimes.net\/es\/wp-json\/wp\/v2\/comments?post=245850"}],"version-history":[{"count":0,"href":"https:\/\/www.ecuadortimes.net\/es\/wp-json\/wp\/v2\/posts\/245850\/revisions"}],"wp:featuredmedia":[{"embeddable":true,"href":"https:\/\/www.ecuadortimes.net\/es\/wp-json\/wp\/v2\/media\/245851"}],"wp:attachment":[{"href":"https:\/\/www.ecuadortimes.net\/es\/wp-json\/wp\/v2\/media?parent=245850"}],"wp:term":[{"taxonomy":"category","embeddable":true,"href":"https:\/\/www.ecuadortimes.net\/es\/wp-json\/wp\/v2\/categories?post=245850"},{"taxonomy":"post_tag","embeddable":true,"href":"https:\/\/www.ecuadortimes.net\/es\/wp-json\/wp\/v2\/tags?post=245850"}],"curies":[{"name":"wp","href":"https:\/\/api.w.org\/{rel}","templated":true}]}}