{"id":245858,"date":"2017-09-28T00:00:00","date_gmt":"2017-09-28T00:00:00","guid":{"rendered":"https:\/\/www.ecuadortimes.net\/es\/ignacio-vallejo-la-proyeccion-de-perdidas-de-tame-subio-a-20-millones\/"},"modified":"2017-09-28T00:00:00","modified_gmt":"2017-09-28T00:00:00","slug":"ignacio-vallejo-la-proyeccion-de-perdidas-de-tame-subio-a-20-millones","status":"publish","type":"post","link":"https:\/\/www.ecuadortimes.net\/es\/ignacio-vallejo-la-proyeccion-de-perdidas-de-tame-subio-a-20-millones\/","title":{"rendered":"Ignacio Vallejo: La proyecci\u00f3n de p\u00e9rdidas de Tame subi\u00f3 a $ 20 millones"},"content":{"rendered":"<p><img loading=\"lazy\" class=\"size-full wp-image-190138 aligncenter\" src=\"https:\/\/www.ecuadortimes.net\/es\/wp-content\/uploads\/2017\/09\/ECUADORTIMES_ECUADORNEWS_IGNACIO_VALLEJO_PERDIDA_TAME_20_MILLONES.jpg\" alt=\"\" width=\"762\" height=\"428\" \/><\/p>\n<p>&nbsp;<\/p>\n<p><b>&#8211; Asume este cargo y, de forma en general, \u00bfcon qu\u00e9 se topa?<\/b><\/p>\n<p><b><\/b>&#8211; Me topo con una compa\u00f1\u00eda que est\u00e1 en una situaci\u00f3n muy cr\u00edtica, que tiene n\u00fameros rojos, que tiene una flota ficticia de 12 aviones y que realmente no los tiene porque la mitad est\u00e1 en uso. Una flota que no es la ideal para dar el servicio que tiene programado.<\/p>\n<p><b>&#8211; \u00bfQu\u00e9 porcentaje del servicio que prestan est\u00e1 cubierto?<\/b><\/p>\n<p><b><\/b>&#8211; Estamos hablando de un 60 % porque se est\u00e1n cancelando vuelos que no podemos atender, tenemos retrasos muy importantes. Ante esta situaci\u00f3n grave se ha mantenido reuniones con directivos responsables de la compa\u00f1\u00eda y con autoridades de la Empresa Coordinadora de Empresas P\u00fablicas para entablar alianzas con otras l\u00edneas a\u00e9reas que nos permitan retomar ese tr\u00e1fico. Son soluciones que no han sido f\u00e1ciles cuando hay otras l\u00edneas que tienen sus propios inconvenientes: vuelos ya ocupados o compa\u00f1\u00edas (como Avianca) que enfrentan huelga y otras (como Air Europa) que est\u00e1n lejos y que para asistirnos tienen que cumplir con un proceso de traer una aeronave (al pa\u00eds), si es que la traen. No obstante, en un lapso de 48 horas (contados desde ayer) esperamos contar con dos aeronaves m\u00e1s: una que regresar\u00e1 de mantenimiento y otra de una aerol\u00ednea amiga.<\/p>\n<p><b>&#8211; \u00bfCu\u00e1ntas cancelaciones reportan? \u00bfC\u00f3mo esto est\u00e1 impactando las ventas?<\/b><\/p>\n<p><b><\/b>&#8211; Por d\u00eda tenemos un promedio de 8 cancelaciones de vuelos, hay d\u00edas en que hemos llegado a 10 porque no tenemos los equipos suficientes. Las ventas, en estos d\u00edas sobre todo, han disminuido por lo menos un 15, 20 %. No estamos poniendo a la venta rutas que sabemos que vamos a cancelar.<\/p>\n<p><b>&#8211; \u00bfQu\u00e9 dicen los balances?, \u00bfcu\u00e1ntas p\u00e9rdidas est\u00e1n reportando?<\/b><\/p>\n<p><b><\/b>&#8211; La proyecci\u00f3n que ten\u00edamos antes no era tan elevada. Habl\u00e1bamos de $ 3 millones, pero hoy estamos proyectando p\u00e9rdidas entre los 15 y 20 millones. Tenemos deudas de mantenimiento de aviones, deudas con hoteles (por la compensaci\u00f3n que se hace a clientes), deudas con terceros, gastos que no estaban previstos.<\/p>\n<p><b>&#8211; \u00bfY qu\u00e9 medidas tomar\u00e1n para hallar un equilibrio?<\/b><\/p>\n<p><b><\/b>&#8211; Te puedo decir que estamos en este momento sin dormir, tomando decisiones inmediatas, trayendo con mayor urgencia los aviones en mantenimiento, haciendo los pagos que corresponden. Pero tendremos que tomar medidas que quiz\u00e1 sean muy duras para mermar o parar el crecimiento de las p\u00e9rdidas econ\u00f3micas. Tenemos que hacer un plan de viabilidad de la compa\u00f1\u00eda a 5 a\u00f1os plazo.<\/p>\n<p><b>&#8211; Se ha hablado de sacar a 400 trabajadores. \u00bfEs un hecho?<\/b><\/p>\n<p><b><\/b>&#8211; S\u00ed, una de ellas ser\u00e1 la reestructuraci\u00f3n de la plantilla, tenemos que reestructurar funciones dentro de la compa\u00f1\u00eda, simplificar la toma de acci\u00f3n. Pero no vamos a sacar a la gente por sacar. Estamos trabajando en un an\u00e1lisis profundo para ver cu\u00e1les son las \u00e1reas que tienen personal en exceso, las personas que est\u00e1n pr\u00f3ximas a su jubilaci\u00f3n y que no pueden realizar tareas que requieran esfuerzo f\u00edsico, veremos la posibilidad de tercerizar servicios. Ser\u00e1 un an\u00e1lisis exhaustivo, no queremos cometer errores ni ser perniciosos en lo social por ning\u00fan concepto.<\/p>\n<p><b>&#8211; \u00bfEn qu\u00e9 qued\u00f3 el proceso de buscar un aliado estrat\u00e9gico para levantar a la empresa o incluso para venderla?<\/b><\/p>\n<p><b><\/b>&#8211; Se pens\u00f3 en vender la empresa, pero no hubo ofertas con las garant\u00edas suficientes para hacer una venta. Lo que ahora estamos estudiando es la posibilidad de establecer una alianza, pero seria para que la compa\u00f1\u00eda grande no engulla a la peque\u00f1a. \u00bfQu\u00e9 podemos ofrecer al aliado? La posibilidad de que ellos se puedan desarrollar con tr\u00e1ficos nuestros y nosotros tambi\u00e9n conseguir una consolidaci\u00f3n.<\/p>\n<p><b>&#8211; \u00bfSe descarta la venta?<\/b><\/p>\n<p><b><\/b>No queremos vender una empresa as\u00ed. Estamos convencidos de que debemos salvar a esta compa\u00f1\u00eda por el bien de la conectividad a\u00e9rea de Ecuador. Es fundamental contar con una empresa nacional para el desarrollo tur\u00edstico del pa\u00eds. (I)<\/p>\n<p>&nbsp;<\/p>\n<p>&nbsp;<\/p>\n<p><strong>Fuente: <\/strong><a href=\"http:\/\/www.expreso.ec\/economia\/tame-perdidas-empresapublica-aerolinea-ecuador-XD1731880\" target=\"_blank\" rel=\"noopener noreferrer\" data-saferedirecturl=\"https:\/\/www.google.com\/url?hl=es&amp;q=http:\/\/www.expreso.ec\/economia\/tame-perdidas-empresapublica-aerolinea-ecuador-XD1731880&amp;source=gmail&amp;ust=1506691763024000&amp;usg=AFQjCNGrJy55oy8T9VP57sjiVgHkgGAobA\">http:\/\/www.expreso.ec\/<wbr \/>economia\/tame-perdidas-<wbr \/>empresapublica-aerolinea-<wbr \/>ecuador-XD1731880<\/a><\/p>\n","protected":false},"excerpt":{"rendered":"<p>&nbsp; &#8211; Asume este cargo y, de forma en general, \u00bfcon qu\u00e9 se topa? &#8211; Me topo con una compa\u00f1\u00eda que est\u00e1 en una situaci\u00f3n muy cr\u00edtica, que tiene n\u00fameros rojos, que tiene una flota ficticia de 12 aviones y que realmente no los tiene porque la mitad est\u00e1 en uso. Una flota que no es la ideal para dar el servicio que tiene programado. &#8211; \u00bfQu\u00e9 porcentaje del servicio que prestan est\u00e1 cubierto? &#8211; Estamos hablando de un 60 % porque se est\u00e1n cancelando vuelos que no podemos atender, tenemos retrasos muy importantes. Ante esta situaci\u00f3n grave se ha mantenido reuniones con directivos responsables de la compa\u00f1\u00eda y con autoridades de la Empresa Coordinadora de Empresas P\u00fablicas para entablar alianzas con otras l\u00edneas a\u00e9reas que nos permitan retomar ese tr\u00e1fico. Son soluciones que no han sido f\u00e1ciles cuando hay otras l\u00edneas que tienen sus propios inconvenientes: vuelos ya ocupados o compa\u00f1\u00edas (como Avianca) que enfrentan huelga y otras (como Air Europa) que est\u00e1n lejos y que para asistirnos tienen que cumplir con un proceso de traer una aeronave (al pa\u00eds), si es que la traen. No obstante, en un lapso de 48 horas (contados desde ayer) esperamos contar con dos aeronaves m\u00e1s: una que regresar\u00e1 de mantenimiento y otra de una aerol\u00ednea amiga. &#8211; \u00bfCu\u00e1ntas cancelaciones reportan? \u00bfC\u00f3mo esto est\u00e1 impactando las ventas? &#8211; Por d\u00eda tenemos un promedio de 8 cancelaciones de vuelos, hay d\u00edas en que hemos llegado a 10 porque no tenemos los equipos suficientes. Las ventas, en estos d\u00edas sobre todo, han disminuido por lo menos un 15, 20 %. No estamos poniendo a la venta rutas que sabemos que vamos a cancelar. &#8211; \u00bfQu\u00e9 dicen los balances?, \u00bfcu\u00e1ntas p\u00e9rdidas est\u00e1n reportando? &#8211; La proyecci\u00f3n que ten\u00edamos antes no era tan elevada. Habl\u00e1bamos de $ 3 millones, pero hoy estamos proyectando p\u00e9rdidas entre los 15 y 20 millones. Tenemos deudas de mantenimiento de aviones, deudas con hoteles (por la compensaci\u00f3n que se hace a clientes), deudas con terceros, gastos que no estaban previstos. &#8211; \u00bfY qu\u00e9 medidas tomar\u00e1n para hallar un equilibrio? &#8211; Te puedo decir que estamos en este momento sin dormir, tomando decisiones inmediatas, trayendo con mayor urgencia los aviones en mantenimiento, haciendo los pagos que corresponden. Pero tendremos que tomar medidas que quiz\u00e1 sean muy duras para mermar o parar el crecimiento de las p\u00e9rdidas econ\u00f3micas. Tenemos que hacer un plan de viabilidad de la compa\u00f1\u00eda a 5 a\u00f1os plazo. &#8211; Se ha hablado de sacar a 400 trabajadores. \u00bfEs un hecho? &#8211; S\u00ed, una de ellas ser\u00e1 la reestructuraci\u00f3n de la plantilla, tenemos que reestructurar funciones dentro de la compa\u00f1\u00eda, simplificar la toma de acci\u00f3n. Pero no vamos a sacar a la gente por sacar. Estamos trabajando en un an\u00e1lisis profundo para ver cu\u00e1les son las \u00e1reas que tienen personal en exceso, las personas que est\u00e1n pr\u00f3ximas a su jubilaci\u00f3n y que no pueden realizar tareas que requieran esfuerzo f\u00edsico, veremos la posibilidad de tercerizar servicios. Ser\u00e1 un an\u00e1lisis exhaustivo, no queremos cometer errores ni ser perniciosos en lo social por ning\u00fan concepto. &#8211; \u00bfEn qu\u00e9 qued\u00f3 el proceso de buscar un aliado estrat\u00e9gico para levantar a la empresa o incluso para venderla? &#8211; Se pens\u00f3 en vender la empresa, pero no hubo ofertas con las garant\u00edas suficientes para hacer una venta. Lo que ahora estamos estudiando es la posibilidad de establecer una alianza, pero seria para que la compa\u00f1\u00eda grande no engulla a la peque\u00f1a. \u00bfQu\u00e9 podemos ofrecer al aliado? La posibilidad de que ellos se puedan desarrollar con tr\u00e1ficos nuestros y nosotros tambi\u00e9n conseguir una consolidaci\u00f3n. &#8211; \u00bfSe descarta la venta? No queremos vender una empresa as\u00ed. Estamos convencidos de que debemos salvar a esta compa\u00f1\u00eda por el bien de la conectividad a\u00e9rea de Ecuador. Es fundamental contar con una empresa nacional para el desarrollo tur\u00edstico del pa\u00eds. (I) &nbsp; &nbsp; Fuente: http:\/\/www.expreso.ec\/economia\/tame-perdidas-empresapublica-aerolinea-ecuador-XD1731880<\/p>\n","protected":false},"author":1,"featured_media":245859,"comment_status":"open","ping_status":"open","sticky":false,"template":"","format":"standard","meta":[],"categories":[54,32,43,40,35],"tags":[],"_links":{"self":[{"href":"https:\/\/www.ecuadortimes.net\/es\/wp-json\/wp\/v2\/posts\/245858"}],"collection":[{"href":"https:\/\/www.ecuadortimes.net\/es\/wp-json\/wp\/v2\/posts"}],"about":[{"href":"https:\/\/www.ecuadortimes.net\/es\/wp-json\/wp\/v2\/types\/post"}],"author":[{"embeddable":true,"href":"https:\/\/www.ecuadortimes.net\/es\/wp-json\/wp\/v2\/users\/1"}],"replies":[{"embeddable":true,"href":"https:\/\/www.ecuadortimes.net\/es\/wp-json\/wp\/v2\/comments?post=245858"}],"version-history":[{"count":0,"href":"https:\/\/www.ecuadortimes.net\/es\/wp-json\/wp\/v2\/posts\/245858\/revisions"}],"wp:featuredmedia":[{"embeddable":true,"href":"https:\/\/www.ecuadortimes.net\/es\/wp-json\/wp\/v2\/media\/245859"}],"wp:attachment":[{"href":"https:\/\/www.ecuadortimes.net\/es\/wp-json\/wp\/v2\/media?parent=245858"}],"wp:term":[{"taxonomy":"category","embeddable":true,"href":"https:\/\/www.ecuadortimes.net\/es\/wp-json\/wp\/v2\/categories?post=245858"},{"taxonomy":"post_tag","embeddable":true,"href":"https:\/\/www.ecuadortimes.net\/es\/wp-json\/wp\/v2\/tags?post=245858"}],"curies":[{"name":"wp","href":"https:\/\/api.w.org\/{rel}","templated":true}]}}