{"id":245860,"date":"2017-09-28T00:00:00","date_gmt":"2017-09-28T00:00:00","guid":{"rendered":"https:\/\/www.ecuadortimes.net\/es\/tras-declaracion-de-delator-de-odebrecht-fiscal-dice-que-se-ratifica-asociacion-ilicita\/"},"modified":"2017-09-28T00:00:00","modified_gmt":"2017-09-28T00:00:00","slug":"tras-declaracion-de-delator-de-odebrecht-fiscal-dice-que-se-ratifica-asociacion-ilicita","status":"publish","type":"post","link":"https:\/\/www.ecuadortimes.net\/es\/tras-declaracion-de-delator-de-odebrecht-fiscal-dice-que-se-ratifica-asociacion-ilicita\/","title":{"rendered":"Tras declaraci\u00f3n de delator de Odebrecht, Fiscal dice que se ratifica asociaci\u00f3n il\u00edcita"},"content":{"rendered":"<p><img loading=\"lazy\" class=\"size-full wp-image-190141 aligncenter\" src=\"https:\/\/www.ecuadortimes.net\/es\/wp-content\/uploads\/2017\/09\/ECUADORTIMES_ECUADORNEWS_TRAS_DELATOR_FISCAL_REATIFICA_ASOCIACION_ILICITA.jpg\" alt=\"\" width=\"620\" height=\"264\" \/><\/p>\n<p>&nbsp;<\/p>\n<p>Quito, 27 sep (EFE).-\u00a0<strong>La Fiscal\u00eda de Ecuador ratific\u00f3 hoy sus sospechas sobre el delito de asociaci\u00f3n il\u00edcita<\/strong>\u00a0que salpica al vicepresidente del pa\u00eds,\u00a0<a href=\"http:\/\/www.larepublica.ec\/blog\/politica\/2017\/08\/03\/delator-odebrecht-dice-pago-sobornos-glas-14-millones-dolares\/\"><strong>Jorge Glas<\/strong><\/a>, en el marco de la investigaci\u00f3n sobre la trama de sobornos de la constructora brasile\u00f1a\u00a0<a href=\"http:\/\/www.larepublica.ec\/blog\/politica\/2016\/12\/22\/odebrecht-dice-pago-33-5-millones-sobornos-ecuador\/\"><strong>Odebrecht<\/strong><\/a>.<\/p>\n<p>El fiscal general del Estado,\u00a0<strong>Carlos Baca<\/strong>, tras acudir a una audiencia de testimonio anticipado por videoconferencia del exdirectivo de\u00a0<strong>Odebrecht<\/strong>\u00a0en Ecuador\u00a0<a href=\"http:\/\/www.larepublica.ec\/blog\/portada\/2017\/09\/27\/delator-de-odebrecht-revela-que-pago-millones-de-dolares-en-sobornos\/\"><strong>Jos\u00e9 Conceicao Santos<\/strong><\/a>, ratific\u00f3 la tesis sobre el <strong>cometimiento de delito de asociaci\u00f3n il\u00edcita<\/strong>.<\/p>\n<p><strong>Con testimonio de Jos\u00e9 Conceicao S. se ratific\u00f3 intervenci\u00f3n en delito de asociaci\u00f3n il\u00edcita de personas privadas (con orden de prisi\u00f3n) y exfuncionarios p\u00fablicos\u009d<\/strong>vinculados al caso, se\u00f1al\u00f3 la Fiscal\u00eda en su cuenta de Twitter.<\/p>\n<p>Asimismo, revel\u00f3 que, adem\u00e1s del testimonio del exdirectivo de Odebrecht,\u00a0<strong>la Fiscal\u00eda ecuatoriana recibi\u00f3 informaci\u00f3n de EE.UU. y Bahamas que est\u00e1 siendo procesada<\/strong>.<\/p>\n<p>La audiencia de testimonio anticipado de Jos\u00e9 Conceicao Santos se efectu\u00f3 a trav\u00e9s de una videoconferencia desde un consulado de Ecuador en Brasil, inform\u00f3 la Fiscal\u00eda.<\/p>\n<p>El esc\u00e1ndalo de corrupci\u00f3n de Odebrecht en Ecuador ha causado la vinculaci\u00f3n del vicepresidente Glas, quien ha defendido su inocencia, aunque ello no ha impedido incluso su distanciamiento con el presidente del pa\u00eds, su correligionario\u00a0<strong>Len\u00edn Moreno<\/strong>.<\/p>\n<p>Moreno retir\u00f3 todas las funciones del Vicepresidente en agosto pasado, lo que ahondo sus diferencias, aunque el segundo mandatario conserva el cargo y ha afirmado que no dimitir\u00e1.<\/p>\n<p><strong>Justamente, el vicepresidente Glas compareci\u00f3 el martes durnte nueve horas ante la Fiscal\u00eda<\/strong>para ampliar otra versi\u00f3n libre y voluntaria sobre la misma causa efectuada semanas atr\u00e1s.<\/p>\n<p>Glas ha denunciado una supuesta conspiraci\u00f3n en su contra por parte de opositores y medios de informaci\u00f3n cr\u00edticos a \u00e9l.<\/p>\n<p>En diciembre pasado, el Departamento de Justicia de EE.UU. inform\u00f3 que la constructora Odebrecht hab\u00eda pagado 788 millones de d\u00f3lares en sobornos en 12 pa\u00edses de Am\u00e9rica Latina y \u00c3\u0081frica.<\/p>\n<p>Ese informe indicaba que en Ecuador, entre 2007 y 2016, la firma brasile\u00f1a presuntamente pag\u00f3 sobornos por valor de m\u00e1s de 35,5 millones de d\u00f3lares a funcionarios del Gobierno\u009d, lo que supuestamente le gener\u00f3 unos beneficios de m\u00e1s de 116 millones de d\u00f3lares.<\/p>\n<p>Otros diez sospechosos del mismo caso ya est\u00e1n bajo arresto, entre ellos un t\u00edo del vicepresidente. (I)<\/p>\n<p>&nbsp;<\/p>\n<p>&nbsp;<\/p>\n<p><strong>Fuente: <\/strong><a href=\"http:\/\/www.larepublica.ec\/blog\/politica\/2017\/09\/27\/fiscal-dice-ratifica-asociacion-ilicita-proceso-involucra-glas\/\" target=\"_blank\" rel=\"noopener noreferrer\" data-saferedirecturl=\"https:\/\/www.google.com\/url?hl=es&amp;q=http:\/\/www.expreso.ec\/economia\/tame-perdidas-empresapublica-aerolinea-ecuador-XD1731880&amp;source=gmail&amp;ust=1506691763024000&amp;usg=AFQjCNGrJy55oy8T9VP57sjiVgHkgGAobA\">http:\/\/www.larepublica.ec\/<wbr \/>blog\/politica\/2017\/09\/27\/<wbr \/>fiscal-dice-ratifica-<wbr \/>asociacion-ilicita-proceso-<wbr \/>involucra-glas\/<\/a><\/p>\n","protected":false},"excerpt":{"rendered":"<p>&nbsp; Quito, 27 sep (EFE).-\u00a0La Fiscal\u00eda de Ecuador ratific\u00f3 hoy sus sospechas sobre el delito de asociaci\u00f3n il\u00edcita\u00a0que salpica al vicepresidente del pa\u00eds,\u00a0Jorge Glas, en el marco de la investigaci\u00f3n sobre la trama de sobornos de la constructora brasile\u00f1a\u00a0Odebrecht. El fiscal general del Estado,\u00a0Carlos Baca, tras acudir a una audiencia de testimonio anticipado por videoconferencia del exdirectivo de\u00a0Odebrecht\u00a0en Ecuador\u00a0Jos\u00e9 Conceicao Santos, ratific\u00f3 la tesis sobre el cometimiento de delito de asociaci\u00f3n il\u00edcita. Con testimonio de Jos\u00e9 Conceicao S. se ratific\u00f3 intervenci\u00f3n en delito de asociaci\u00f3n il\u00edcita de personas privadas (con orden de prisi\u00f3n) y exfuncionarios p\u00fablicos\u009dvinculados al caso, se\u00f1al\u00f3 la Fiscal\u00eda en su cuenta de Twitter. Asimismo, revel\u00f3 que, adem\u00e1s del testimonio del exdirectivo de Odebrecht,\u00a0la Fiscal\u00eda ecuatoriana recibi\u00f3 informaci\u00f3n de EE.UU. y Bahamas que est\u00e1 siendo procesada. La audiencia de testimonio anticipado de Jos\u00e9 Conceicao Santos se efectu\u00f3 a trav\u00e9s de una videoconferencia desde un consulado de Ecuador en Brasil, inform\u00f3 la Fiscal\u00eda. El esc\u00e1ndalo de corrupci\u00f3n de Odebrecht en Ecuador ha causado la vinculaci\u00f3n del vicepresidente Glas, quien ha defendido su inocencia, aunque ello no ha impedido incluso su distanciamiento con el presidente del pa\u00eds, su correligionario\u00a0Len\u00edn Moreno. Moreno retir\u00f3 todas las funciones del Vicepresidente en agosto pasado, lo que ahondo sus diferencias, aunque el segundo mandatario conserva el cargo y ha afirmado que no dimitir\u00e1. Justamente, el vicepresidente Glas compareci\u00f3 el martes durnte nueve horas ante la Fiscal\u00edapara ampliar otra versi\u00f3n libre y voluntaria sobre la misma causa efectuada semanas atr\u00e1s. Glas ha denunciado una supuesta conspiraci\u00f3n en su contra por parte de opositores y medios de informaci\u00f3n cr\u00edticos a \u00e9l. En diciembre pasado, el Departamento de Justicia de EE.UU. inform\u00f3 que la constructora Odebrecht hab\u00eda pagado 788 millones de d\u00f3lares en sobornos en 12 pa\u00edses de Am\u00e9rica Latina y \u00c3\u0081frica. Ese informe indicaba que en Ecuador, entre 2007 y 2016, la firma brasile\u00f1a presuntamente pag\u00f3 sobornos por valor de m\u00e1s de 35,5 millones de d\u00f3lares a funcionarios del Gobierno\u009d, lo que supuestamente le gener\u00f3 unos beneficios de m\u00e1s de 116 millones de d\u00f3lares. Otros diez sospechosos del mismo caso ya est\u00e1n bajo arresto, entre ellos un t\u00edo del vicepresidente. (I) &nbsp; &nbsp; Fuente: http:\/\/www.larepublica.ec\/blog\/politica\/2017\/09\/27\/fiscal-dice-ratifica-asociacion-ilicita-proceso-involucra-glas\/<\/p>\n","protected":false},"author":1,"featured_media":245861,"comment_status":"open","ping_status":"open","sticky":false,"template":"","format":"standard","meta":[],"categories":[54,32,40,35,56,46],"tags":[],"_links":{"self":[{"href":"https:\/\/www.ecuadortimes.net\/es\/wp-json\/wp\/v2\/posts\/245860"}],"collection":[{"href":"https:\/\/www.ecuadortimes.net\/es\/wp-json\/wp\/v2\/posts"}],"about":[{"href":"https:\/\/www.ecuadortimes.net\/es\/wp-json\/wp\/v2\/types\/post"}],"author":[{"embeddable":true,"href":"https:\/\/www.ecuadortimes.net\/es\/wp-json\/wp\/v2\/users\/1"}],"replies":[{"embeddable":true,"href":"https:\/\/www.ecuadortimes.net\/es\/wp-json\/wp\/v2\/comments?post=245860"}],"version-history":[{"count":0,"href":"https:\/\/www.ecuadortimes.net\/es\/wp-json\/wp\/v2\/posts\/245860\/revisions"}],"wp:featuredmedia":[{"embeddable":true,"href":"https:\/\/www.ecuadortimes.net\/es\/wp-json\/wp\/v2\/media\/245861"}],"wp:attachment":[{"href":"https:\/\/www.ecuadortimes.net\/es\/wp-json\/wp\/v2\/media?parent=245860"}],"wp:term":[{"taxonomy":"category","embeddable":true,"href":"https:\/\/www.ecuadortimes.net\/es\/wp-json\/wp\/v2\/categories?post=245860"},{"taxonomy":"post_tag","embeddable":true,"href":"https:\/\/www.ecuadortimes.net\/es\/wp-json\/wp\/v2\/tags?post=245860"}],"curies":[{"name":"wp","href":"https:\/\/api.w.org\/{rel}","templated":true}]}}