{"id":245862,"date":"2017-09-28T00:00:00","date_gmt":"2017-09-28T00:00:00","guid":{"rendered":"https:\/\/www.ecuadortimes.net\/es\/gobierno-revisa-campana-all-you-need-is-ecuador\/"},"modified":"2017-09-28T00:00:00","modified_gmt":"2017-09-28T00:00:00","slug":"gobierno-revisa-campana-all-you-need-is-ecuador","status":"publish","type":"post","link":"https:\/\/www.ecuadortimes.net\/es\/gobierno-revisa-campana-all-you-need-is-ecuador\/","title":{"rendered":"Gobierno revisa campa\u00f1a All you need is Ecuador"},"content":{"rendered":"<p><img loading=\"lazy\" class=\"size-full wp-image-190137 aligncenter\" src=\"https:\/\/www.ecuadortimes.net\/es\/wp-content\/uploads\/2017\/09\/ECUADORTIMES_ECUADORNEWS_GOBIERNO_REVISA_CAMPAN\u00cc\u0083A_ALL_YOU_NEED_IS_ECUADOR.jpg\" alt=\"\" width=\"675\" height=\"450\" \/><\/p>\n<p>&nbsp;<\/p>\n<div class=\"location-event\"><strong>Quito &#8211;<\/strong>El pr\u00f3ximo mes, el Gobierno conocer\u00eda los resultados de la campa\u00f1a <strong>All you need is Ecuador<\/strong> (Todo lo que necesitas es Ecuador), que empez\u00f3 en el r\u00e9gimen anterior, antes de definir su estrategia de promoci\u00f3n internacional.<\/div>\n<p>No hemos recibido todav\u00eda los resultados que nos permitan determinar el impacto real de la campa\u00f1a All you need is Ecuador. Hay que analizar concienzudamente y t\u00e9cnicamente si es que lo que se hizo antes debe seguirse utilizando y c\u00f3mo ha de seguirse utilizando\u009d, dijo el <strong>ministro de Turismo, Enrique Ponce de Le\u00f3n<\/strong>, al consultarle sobre c\u00f3mo ser\u00eda la promoci\u00f3n en el exterior luego de su participaci\u00f3n ayer en conferencias por el D\u00eda del Turismo.<\/p>\n<p>En julio pasado hab\u00eda indicado que est\u00e1n haciendo un an\u00e1lisis de esa campa\u00f1a de promoci\u00f3n tur\u00edstica que se inici\u00f3 en abril del 2014 simult\u00e1neamente en 19 ciudades del mundo, 7 de Ecuador, con miras a posicionar al pa\u00eds como destino tur\u00edstico mundial. En noviembre de ese a\u00f1o arranc\u00f3 la segunda fase en medios digitales y de televisi\u00f3n. En 2016 sum\u00f3 un nuevo enfoque vinculado al amor.<\/p>\n<p>Este Diario se contact\u00f3 con el exministro de Turismo Fernando Alvarado, solicit\u00e1ndole una evaluaci\u00f3n. Respondi\u00f3 que est\u00e1 en actividades privadas y que esa informaci\u00f3n con detalles de medici\u00f3n t\u00e9cnicamente elaborados se la puede solicitar al Ministerio de Turismo.<\/p>\n<p>En la web de esa cartera de Estado se indica, por ejemplo, que la campa\u00f1a gener\u00f3 un retorno que super\u00f3 las expectativas, pues al final del 2014 se registr\u00f3 un crecimiento de llegada de turistas de 14% respecto de 2013 y gener\u00f3 ingresos por alrededor de $ 1.500 millones. En All you need is Ecuador se ten\u00eda previsto invertir unos $ 19 millones. (I)<\/p>\n<p>&nbsp;<\/p>\n<p>&nbsp;<\/p>\n<p><strong>Fuente: <\/strong><a href=\"http:\/\/www.eluniverso.com\/noticias\/2017\/09\/28\/nota\/6404218\/gobierno-revisa-campana-all-you-need-ecuador\" target=\"_blank\" rel=\"noopener noreferrer\" data-saferedirecturl=\"https:\/\/www.google.com\/url?hl=es&amp;q=http:\/\/www.eluniverso.com\/noticias\/2017\/09\/28\/nota\/6404218\/gobierno-revisa-campana-all-you-need-ecuador&amp;source=gmail&amp;ust=1506691763024000&amp;usg=AFQjCNElW8RrtOljjyZwGY_C7CdqJXsvrg\">http:\/\/www.eluniverso.com\/<wbr \/>noticias\/2017\/09\/28\/nota\/<wbr \/>6404218\/gobierno-revisa-<wbr \/>campana-all-you-need-ecuador<\/a><\/p>\n","protected":false},"excerpt":{"rendered":"<p>&nbsp; Quito &#8211;El pr\u00f3ximo mes, el Gobierno conocer\u00eda los resultados de la campa\u00f1a All you need is Ecuador (Todo lo que necesitas es Ecuador), que empez\u00f3 en el r\u00e9gimen anterior, antes de definir su estrategia de promoci\u00f3n internacional. No hemos recibido todav\u00eda los resultados que nos permitan determinar el impacto real de la campa\u00f1a All you need is Ecuador. Hay que analizar concienzudamente y t\u00e9cnicamente si es que lo que se hizo antes debe seguirse utilizando y c\u00f3mo ha de seguirse utilizando\u009d, dijo el ministro de Turismo, Enrique Ponce de Le\u00f3n, al consultarle sobre c\u00f3mo ser\u00eda la promoci\u00f3n en el exterior luego de su participaci\u00f3n ayer en conferencias por el D\u00eda del Turismo. En julio pasado hab\u00eda indicado que est\u00e1n haciendo un an\u00e1lisis de esa campa\u00f1a de promoci\u00f3n tur\u00edstica que se inici\u00f3 en abril del 2014 simult\u00e1neamente en 19 ciudades del mundo, 7 de Ecuador, con miras a posicionar al pa\u00eds como destino tur\u00edstico mundial. En noviembre de ese a\u00f1o arranc\u00f3 la segunda fase en medios digitales y de televisi\u00f3n. En 2016 sum\u00f3 un nuevo enfoque vinculado al amor. Este Diario se contact\u00f3 con el exministro de Turismo Fernando Alvarado, solicit\u00e1ndole una evaluaci\u00f3n. Respondi\u00f3 que est\u00e1 en actividades privadas y que esa informaci\u00f3n con detalles de medici\u00f3n t\u00e9cnicamente elaborados se la puede solicitar al Ministerio de Turismo. En la web de esa cartera de Estado se indica, por ejemplo, que la campa\u00f1a gener\u00f3 un retorno que super\u00f3 las expectativas, pues al final del 2014 se registr\u00f3 un crecimiento de llegada de turistas de 14% respecto de 2013 y gener\u00f3 ingresos por alrededor de $ 1.500 millones. En All you need is Ecuador se ten\u00eda previsto invertir unos $ 19 millones. (I) &nbsp; &nbsp; Fuente: http:\/\/www.eluniverso.com\/noticias\/2017\/09\/28\/nota\/6404218\/gobierno-revisa-campana-all-you-need-ecuador<\/p>\n","protected":false},"author":1,"featured_media":245863,"comment_status":"open","ping_status":"open","sticky":false,"template":"","format":"standard","meta":[],"categories":[54,47,44,42,40,35],"tags":[],"_links":{"self":[{"href":"https:\/\/www.ecuadortimes.net\/es\/wp-json\/wp\/v2\/posts\/245862"}],"collection":[{"href":"https:\/\/www.ecuadortimes.net\/es\/wp-json\/wp\/v2\/posts"}],"about":[{"href":"https:\/\/www.ecuadortimes.net\/es\/wp-json\/wp\/v2\/types\/post"}],"author":[{"embeddable":true,"href":"https:\/\/www.ecuadortimes.net\/es\/wp-json\/wp\/v2\/users\/1"}],"replies":[{"embeddable":true,"href":"https:\/\/www.ecuadortimes.net\/es\/wp-json\/wp\/v2\/comments?post=245862"}],"version-history":[{"count":0,"href":"https:\/\/www.ecuadortimes.net\/es\/wp-json\/wp\/v2\/posts\/245862\/revisions"}],"wp:featuredmedia":[{"embeddable":true,"href":"https:\/\/www.ecuadortimes.net\/es\/wp-json\/wp\/v2\/media\/245863"}],"wp:attachment":[{"href":"https:\/\/www.ecuadortimes.net\/es\/wp-json\/wp\/v2\/media?parent=245862"}],"wp:term":[{"taxonomy":"category","embeddable":true,"href":"https:\/\/www.ecuadortimes.net\/es\/wp-json\/wp\/v2\/categories?post=245862"},{"taxonomy":"post_tag","embeddable":true,"href":"https:\/\/www.ecuadortimes.net\/es\/wp-json\/wp\/v2\/tags?post=245862"}],"curies":[{"name":"wp","href":"https:\/\/api.w.org\/{rel}","templated":true}]}}