{"id":245866,"date":"2017-09-29T00:00:00","date_gmt":"2017-09-29T00:00:00","guid":{"rendered":"https:\/\/www.ecuadortimes.net\/es\/procuraduria-general-acusa-a-glas-caso-odebrecht\/"},"modified":"2017-09-29T00:00:00","modified_gmt":"2017-09-29T00:00:00","slug":"procuraduria-general-acusa-a-glas-caso-odebrecht","status":"publish","type":"post","link":"https:\/\/www.ecuadortimes.net\/es\/procuraduria-general-acusa-a-glas-caso-odebrecht\/","title":{"rendered":"Procuradur\u00eda General acusa a Glas caso Odebrecht"},"content":{"rendered":"<p><img loading=\"lazy\" class=\"size-full wp-image-190161 aligncenter\" src=\"https:\/\/www.ecuadortimes.net\/es\/wp-content\/uploads\/2017\/09\/ECUADORTIMES_ECUADORNEWS_PROCURADURIA_ACUSA_JORGE_GLAS_CASO_ODEBRECHT.jpg\" alt=\"\" width=\"620\" height=\"264\" \/><\/p>\n<p>&nbsp;<\/p>\n<p>El delegado del la Procurador\u00eda General del Estado,\u00a0<strong>Carlos Jurado<\/strong>, present\u00f3 acusaci\u00f3n particular contra\u00a0 18 procesados en el presunto delito de asociaci\u00f3n il\u00edcita en el caso de corrupci\u00f3n Odebrecht, entre ellos al vicepresidente\u00a0<a href=\"http:\/\/www.larepublica.ec\/blog\/politica\/2017\/09\/27\/glas-responde-a-las-acusaciones-del-delator-de-odebrecht\/\"><strong>Jorge Glas<\/strong><\/a>.<\/p>\n<p>Entre las personas vinculadas adem\u00e1s de Glas, est\u00e1 su t\u00edo\u00a0<a href=\"http:\/\/www.larepublica.ec\/blog\/portada\/2017\/09\/28\/ricardo-rivera-rendira-su-primera-version-dentro-del-caso-odebrecht\/\"><strong>Ricardo Rivera<\/strong><\/a>, el excontralor de la naci\u00f3n\u00a0<a href=\"http:\/\/www.larepublica.ec\/blog\/politica\/2017\/09\/28\/jose-santos-dice-que-carlos-polit-recibio-101-millones\/\"><strong>Carlos P\u00f3lit<\/strong><\/a>\u00a0entre otros.<\/p>\n<p>Seg\u00fan la Constituci\u00f3n, son atribuciones de la Procuradur\u00eda <strong>la representaci\u00f3n judicial del Estado<\/strong>\u009d y el control de <strong>los actos y contratos que suscriban los organismos y entidades del sector p\u00fablico<\/strong>.<\/p>\n<p>La intervenci\u00f3n de la Procuradur\u00eda se da un d\u00eda despu\u00e9s que el delator de Odebrecht,\u00a0<strong><a href=\"http:\/\/www.larepublica.ec\/blog\/portada\/2017\/09\/27\/delator-de-odebrecht-revela-que-pago-millones-de-dolares-en-sobornos\/\">\u00a0Jos\u00e9 Concei\u00c3\u00a7\u00c3\u00a3o Santos<\/a>,\u00a0acusara a Glas de haber recibido por parte de la compa\u00f1\u00eda 16 millones de d\u00f3lares, a trav\u00e9s de su t\u00edo Ricardo Rivera: dos millones en 2010, por el regreso de la constructora brasile\u00f1a a Ecuador, y otros 14 millones, por el 1% de todos los contratos que tuvo la empresa en el pa\u00eds tras su retorno.<\/strong><\/p>\n<p><small><\/small>Al final, los representantes de la Procuradur\u00eda no emitieron ning\u00fan pronunciamiento. (I)<\/p>\n<p>&nbsp;<\/p>\n<p>&nbsp;<\/p>\n<p><strong>Fuente: <\/strong><a href=\"http:\/\/www.larepublica.ec\/blog\/portada\/2017\/09\/28\/procuraduria-presento-acusacion-contra-18-procesados-en-caso-odebrecht\/\" target=\"_blank\" rel=\"noopener noreferrer\">http:\/\/www.larepublica.ec\/blog\/portada\/2017\/09\/28\/procuraduria-presento-acusacion-contra-18-procesados-en-caso-odebrecht\/<\/a><\/p>\n","protected":false},"excerpt":{"rendered":"<p>&nbsp; El delegado del la Procurador\u00eda General del Estado,\u00a0Carlos Jurado, present\u00f3 acusaci\u00f3n particular contra\u00a0 18 procesados en el presunto delito de asociaci\u00f3n il\u00edcita en el caso de corrupci\u00f3n Odebrecht, entre ellos al vicepresidente\u00a0Jorge Glas. Entre las personas vinculadas adem\u00e1s de Glas, est\u00e1 su t\u00edo\u00a0Ricardo Rivera, el excontralor de la naci\u00f3n\u00a0Carlos P\u00f3lit\u00a0entre otros. Seg\u00fan la Constituci\u00f3n, son atribuciones de la Procuradur\u00eda la representaci\u00f3n judicial del Estado\u009d y el control de los actos y contratos que suscriban los organismos y entidades del sector p\u00fablico. La intervenci\u00f3n de la Procuradur\u00eda se da un d\u00eda despu\u00e9s que el delator de Odebrecht,\u00a0\u00a0Jos\u00e9 Concei\u00c3\u00a7\u00c3\u00a3o Santos,\u00a0acusara a Glas de haber recibido por parte de la compa\u00f1\u00eda 16 millones de d\u00f3lares, a trav\u00e9s de su t\u00edo Ricardo Rivera: dos millones en 2010, por el regreso de la constructora brasile\u00f1a a Ecuador, y otros 14 millones, por el 1% de todos los contratos que tuvo la empresa en el pa\u00eds tras su retorno. Al final, los representantes de la Procuradur\u00eda no emitieron ning\u00fan pronunciamiento. (I) &nbsp; &nbsp; Fuente: http:\/\/www.larepublica.ec\/blog\/portada\/2017\/09\/28\/procuraduria-presento-acusacion-contra-18-procesados-en-caso-odebrecht\/<\/p>\n","protected":false},"author":1,"featured_media":245867,"comment_status":"open","ping_status":"open","sticky":false,"template":"","format":"standard","meta":[],"categories":[54,32,40,35,56,46],"tags":[],"_links":{"self":[{"href":"https:\/\/www.ecuadortimes.net\/es\/wp-json\/wp\/v2\/posts\/245866"}],"collection":[{"href":"https:\/\/www.ecuadortimes.net\/es\/wp-json\/wp\/v2\/posts"}],"about":[{"href":"https:\/\/www.ecuadortimes.net\/es\/wp-json\/wp\/v2\/types\/post"}],"author":[{"embeddable":true,"href":"https:\/\/www.ecuadortimes.net\/es\/wp-json\/wp\/v2\/users\/1"}],"replies":[{"embeddable":true,"href":"https:\/\/www.ecuadortimes.net\/es\/wp-json\/wp\/v2\/comments?post=245866"}],"version-history":[{"count":0,"href":"https:\/\/www.ecuadortimes.net\/es\/wp-json\/wp\/v2\/posts\/245866\/revisions"}],"wp:featuredmedia":[{"embeddable":true,"href":"https:\/\/www.ecuadortimes.net\/es\/wp-json\/wp\/v2\/media\/245867"}],"wp:attachment":[{"href":"https:\/\/www.ecuadortimes.net\/es\/wp-json\/wp\/v2\/media?parent=245866"}],"wp:term":[{"taxonomy":"category","embeddable":true,"href":"https:\/\/www.ecuadortimes.net\/es\/wp-json\/wp\/v2\/categories?post=245866"},{"taxonomy":"post_tag","embeddable":true,"href":"https:\/\/www.ecuadortimes.net\/es\/wp-json\/wp\/v2\/tags?post=245866"}],"curies":[{"name":"wp","href":"https:\/\/api.w.org\/{rel}","templated":true}]}}