{"id":245868,"date":"2017-09-29T00:00:00","date_gmt":"2017-09-29T00:00:00","guid":{"rendered":"https:\/\/www.ecuadortimes.net\/es\/moreno-cree-que-assange-estaria-sobrepasando-condicion-de-asilo\/"},"modified":"2017-09-29T00:00:00","modified_gmt":"2017-09-29T00:00:00","slug":"moreno-cree-que-assange-estaria-sobrepasando-condicion-de-asilo","status":"publish","type":"post","link":"https:\/\/www.ecuadortimes.net\/es\/moreno-cree-que-assange-estaria-sobrepasando-condicion-de-asilo\/","title":{"rendered":"Moreno cree que Assange estar\u00eda sobrepasando condici\u00f3n de asilo"},"content":{"rendered":"<p><img loading=\"lazy\" class=\"size-full wp-image-190158 aligncenter\" src=\"https:\/\/www.ecuadortimes.net\/es\/wp-content\/uploads\/2017\/09\/ECUADORTIMES_ECUADORNEWS_LENIN_MORENO_CREE_JULIAN_ASSANGE_SOBREPASANDO_CONDICION_ASILO.jpg\" alt=\"\" width=\"620\" height=\"264\" \/><\/p>\n<p>&nbsp;<\/p>\n<p>El presidente ecuatoriano,<strong>\u00a0Len\u00edn Moreno<\/strong>, asegur\u00f3 hoy que su Gobierno mantendr\u00e1 el estatus de asilo otorgado al fundador de WikiLeaks,\u00a0<strong>Julian Assange<\/strong>, pero opin\u00f3 que quiz\u00e1 el australiano est\u00e1 sobrepasando esa condici\u00f3n.<\/p>\n<p><strong>Le hemos pedido, de una manera cordial, que deje de opinar de la pol\u00edtica de\u00a0<span class=\"classCadenaBusqueda\">Ecuador<\/span>\u00a0o de la pol\u00edtica de pa\u00edses amigos, porque su condici\u00f3n no se lo permite\u009d,<\/strong>se\u00f1al\u00f3 Moreno en una entrevista con la cadena estadounidense CNN.<\/p>\n<p>Sin embargo, el mandatario consider\u00f3 que quiz\u00e1 \u00e9l est\u00e1 sobrepasando esa condici\u00f3n\u009d, aunque no profundiz\u00f3 en detalles.<\/p>\n<p>Record\u00f3 que\u00a0<span class=\"classCadenaBusqueda\">Ecuador<\/span>\u00a0le otorg\u00f3 el asilo al se\u00f1or Assange por una raz\u00f3n fundamental, porque cre\u00eda que corr\u00eda peligro su vida\u009d y dijo que el suyo es un pa\u00eds que<strong>\u00a0respeta el derecho de la vida\u009d.<\/strong><\/p>\n<p>Assange se refugi\u00f3 hace cinco a\u00f1os en la Embajada de\u00a0<span class=\"classCadenaBusqueda\">Ecuador<\/span>\u00a0en Londres como forma para evitar su eventual extradici\u00f3n a Suecia, donde afrontaba cargos por supuestos delitos sexuales que \u00e9l negaba, y luego ir a Estados Unidos, donde tem\u00eda ser condenado hasta con la pena de muerte por haber filtrado informaci\u00f3n clasificada de ese pa\u00eds.<\/p>\n<p>El pasado 19 de mayo la Fiscal\u00eda sueca decidi\u00f3 cerrar un caso de supuesta violaci\u00f3n que manten\u00eda hace siete a\u00f1os contra el periodista australiano y que era la causa para que el Reino Unido intentara detenerlo y entregarlo a las autoridades en Estocolmo.<\/p>\n<p><span class=\"classCadenaBusqueda\">Ecuador<\/span>, que le otorg\u00f3 asilo en 2012, ha pedido a las autoridades brit\u00e1nicas que extiendan un salvoconducto a Assange para que pueda abandonar Londres y gozar del estatus conferido por el Gobierno ecuatoriano. (I)<\/p>\n<p>&nbsp;<\/p>\n<p>&nbsp;<\/p>\n<p><strong>Fuente: <\/strong><a href=\"http:\/\/www.larepublica.ec\/blog\/politica\/2017\/09\/28\/lenin-cree-que-assange-estaria-sobrepasando-condicion-de-asilo\/\" target=\"_blank\" rel=\"noopener noreferrer\">http:\/\/www.larepublica.ec\/blog\/politica\/2017\/09\/28\/lenin-cree-que-assange-estaria-sobrepasando-condicion-de-asilo\/<\/a><\/p>\n","protected":false},"excerpt":{"rendered":"<p>&nbsp; El presidente ecuatoriano,\u00a0Len\u00edn Moreno, asegur\u00f3 hoy que su Gobierno mantendr\u00e1 el estatus de asilo otorgado al fundador de WikiLeaks,\u00a0Julian Assange, pero opin\u00f3 que quiz\u00e1 el australiano est\u00e1 sobrepasando esa condici\u00f3n. Le hemos pedido, de una manera cordial, que deje de opinar de la pol\u00edtica de\u00a0Ecuador\u00a0o de la pol\u00edtica de pa\u00edses amigos, porque su condici\u00f3n no se lo permite\u009d,se\u00f1al\u00f3 Moreno en una entrevista con la cadena estadounidense CNN. Sin embargo, el mandatario consider\u00f3 que quiz\u00e1 \u00e9l est\u00e1 sobrepasando esa condici\u00f3n\u009d, aunque no profundiz\u00f3 en detalles. Record\u00f3 que\u00a0Ecuador\u00a0le otorg\u00f3 el asilo al se\u00f1or Assange por una raz\u00f3n fundamental, porque cre\u00eda que corr\u00eda peligro su vida\u009d y dijo que el suyo es un pa\u00eds que\u00a0respeta el derecho de la vida\u009d. Assange se refugi\u00f3 hace cinco a\u00f1os en la Embajada de\u00a0Ecuador\u00a0en Londres como forma para evitar su eventual extradici\u00f3n a Suecia, donde afrontaba cargos por supuestos delitos sexuales que \u00e9l negaba, y luego ir a Estados Unidos, donde tem\u00eda ser condenado hasta con la pena de muerte por haber filtrado informaci\u00f3n clasificada de ese pa\u00eds. El pasado 19 de mayo la Fiscal\u00eda sueca decidi\u00f3 cerrar un caso de supuesta violaci\u00f3n que manten\u00eda hace siete a\u00f1os contra el periodista australiano y que era la causa para que el Reino Unido intentara detenerlo y entregarlo a las autoridades en Estocolmo. Ecuador, que le otorg\u00f3 asilo en 2012, ha pedido a las autoridades brit\u00e1nicas que extiendan un salvoconducto a Assange para que pueda abandonar Londres y gozar del estatus conferido por el Gobierno ecuatoriano. (I) &nbsp; &nbsp; Fuente: http:\/\/www.larepublica.ec\/blog\/politica\/2017\/09\/28\/lenin-cree-que-assange-estaria-sobrepasando-condicion-de-asilo\/<\/p>\n","protected":false},"author":1,"featured_media":245869,"comment_status":"open","ping_status":"open","sticky":false,"template":"","format":"standard","meta":[],"categories":[54,32,36,40,35,46],"tags":[],"_links":{"self":[{"href":"https:\/\/www.ecuadortimes.net\/es\/wp-json\/wp\/v2\/posts\/245868"}],"collection":[{"href":"https:\/\/www.ecuadortimes.net\/es\/wp-json\/wp\/v2\/posts"}],"about":[{"href":"https:\/\/www.ecuadortimes.net\/es\/wp-json\/wp\/v2\/types\/post"}],"author":[{"embeddable":true,"href":"https:\/\/www.ecuadortimes.net\/es\/wp-json\/wp\/v2\/users\/1"}],"replies":[{"embeddable":true,"href":"https:\/\/www.ecuadortimes.net\/es\/wp-json\/wp\/v2\/comments?post=245868"}],"version-history":[{"count":0,"href":"https:\/\/www.ecuadortimes.net\/es\/wp-json\/wp\/v2\/posts\/245868\/revisions"}],"wp:featuredmedia":[{"embeddable":true,"href":"https:\/\/www.ecuadortimes.net\/es\/wp-json\/wp\/v2\/media\/245869"}],"wp:attachment":[{"href":"https:\/\/www.ecuadortimes.net\/es\/wp-json\/wp\/v2\/media?parent=245868"}],"wp:term":[{"taxonomy":"category","embeddable":true,"href":"https:\/\/www.ecuadortimes.net\/es\/wp-json\/wp\/v2\/categories?post=245868"},{"taxonomy":"post_tag","embeddable":true,"href":"https:\/\/www.ecuadortimes.net\/es\/wp-json\/wp\/v2\/tags?post=245868"}],"curies":[{"name":"wp","href":"https:\/\/api.w.org\/{rel}","templated":true}]}}