{"id":245870,"date":"2017-09-29T00:00:00","date_gmt":"2017-09-29T00:00:00","guid":{"rendered":"https:\/\/www.ecuadortimes.net\/es\/dos-horas-duro-declaracion-de-ricardo-rivera-ante-la-fiscalia\/"},"modified":"2017-09-29T00:00:00","modified_gmt":"2017-09-29T00:00:00","slug":"dos-horas-duro-declaracion-de-ricardo-rivera-ante-la-fiscalia","status":"publish","type":"post","link":"https:\/\/www.ecuadortimes.net\/es\/dos-horas-duro-declaracion-de-ricardo-rivera-ante-la-fiscalia\/","title":{"rendered":"Dos horas dur\u00f3 declaraci\u00f3n de Ricardo Rivera ante la Fiscal\u00eda"},"content":{"rendered":"<p><img loading=\"lazy\" class=\"size-full wp-image-190154 aligncenter\" src=\"https:\/\/www.ecuadortimes.net\/es\/wp-content\/uploads\/2017\/09\/ECUADORTIMES_ECUADORNEWS_DOS_HORAS_DECLARACION_RICARDO_RIVERA_EN_FISCALIA.jpg\" alt=\"\" width=\"747\" height=\"450\" \/><\/p>\n<p>&nbsp;<\/p>\n<p>Pese a que\u00a0<a href=\"http:\/\/www.eluniverso.com\/tema\/ricardo-rivera\" target=\"_self\" rel=\"noopener noreferrer\">Ricardo Rivera\u00a0<\/a>en su versi\u00f3n, rendida ayer dentro del proceso de asociaci\u00f3n il\u00edcita relacionado con el<strong> caso Odebrecht<\/strong>, insiste en que la relaci\u00f3n con su sobrino, el vicepresidente Jorge Glas, era de car\u00e1cter familiar, reconoce que ha mantenido conversaciones por correo electr\u00f3nico y \u00a0\u00a0\u00a0que en ocasiones le ha dado a conocer temas relacionados con el campo de las telecomunicaciones.<\/p>\n<p>Ese hecho, afirma Rivera, no significa delito alguno y aclara que jam\u00e1s ha tratado temas que est\u00e9n relacionados con la asociaci\u00f3n il\u00edcita que se investiga. Indic\u00f3, adem\u00e1s, que de entre los procesados solo conoce a Glas y a Jos\u00e9 Santos, exdirectivo de Odebrecht en Ecuador; que viaj\u00f3 a China no en representaci\u00f3n del Gobierno ni del expresidente\u00a0<a href=\"http:\/\/www.eluniverso.com\/tema\/rafael-correa\" target=\"_self\" rel=\"noopener noreferrer\">Rafael Correa<\/a>, sino que fue una visita y participaci\u00f3n personal y de car\u00e1cter privado.<\/p>\n<p>En dos horas de versi\u00f3n, Rivera dijo que sobre el testimonio anticipado de Santos no existe prueba alguna. De lo contado por el brasile\u00f1o, indic\u00f3 que eso solo existe en la mente criminal de un delincuente confeso y sentenciado\u009d.<\/p>\n<p>Santos en su testimonio anticipado, rendido el mi\u00e9rcoles \u00faltimo, asegur\u00f3 que en junio del 2011 Rivera lo busc\u00f3 para decirle que \u00e9l era la persona que intermediar\u00e1 los negocios del sector estrat\u00e9gico para\u00a0<a href=\"http:\/\/www.eluniverso.com\/tema\/jorge-glas-espinel\" target=\"_self\" rel=\"noopener noreferrer\">Jorge Glas<\/a>. De parte de Odebrecht, Santos habr\u00eda entregado al t\u00edo del vicepresidente cerca de $ 16,1 millones, entre 2011 y 2016.<\/p>\n<p>An\u00edbal Quinde, abogado de Rivera, dijo que su cliente reproch\u00f3 en su totalidad el\u00a0<em>pendrive<\/em>\u00a0entregado por su empleado Alfredo A., pues fue obtenido de manera il\u00edcita. Lo que ha dicho (Rivera) es que en el caso de que se le pretenda dar alg\u00fan tipo de validez (al\u00a0<em>pendrive),\u00a0<\/em>lo que obra dentro de ese dispositivo no revela ninguna asociaci\u00f3n il\u00edcita&#8230;\u009d.<\/p>\n<p>Para\u00a0<a href=\"http:\/\/www.eluniverso.com\/tema\/cesar-montufar\" target=\"_self\" rel=\"noopener noreferrer\">C\u00e9sar Mont\u00fafar<\/a>, acusador particular del vicepresidente Glas, la versi\u00f3n de Rivera estuvo llena de contradicciones, pero pese a ello, manifest\u00f3, habr\u00eda hecho reconocimientos importantes, los cuales deber\u00edan servir para que el fiscal general, Carlos Baca, reformule cargo en este caso y establezca un dictamen acusatorio.<\/p>\n<p>Mont\u00fafar afirm\u00f3 que Rivera habr\u00eda reconocido que la informaci\u00f3n que extrajo Alfredo A. fue de su computador.<\/p>\n<p><strong>Asamblea<\/strong><br \/>\nCon 61 votos, Alianza PAIS ayer impidi\u00f3 la inclusi\u00f3n en el orden del d\u00eda de una resoluci\u00f3n que planteaba que la Asamblea discuta un pedido de renuncia al vicepresidente Jorge Glas.<\/p>\n<p><strong>Defensa<\/strong><br \/>\nEn varias entrevistas radiales, Glas reiter\u00f3 que es inocente y no hay pruebas de que cometi\u00f3 alg\u00fan acto de corrupci\u00f3n.\u00a0<strong>(I)<\/strong><\/p>\n<p>&nbsp;<\/p>\n<p>&nbsp;<\/p>\n<p><strong>Fuente: <\/strong><a href=\"http:\/\/www.eluniverso.com\/noticias\/2017\/09\/29\/nota\/6405487\/dos-horas-duro-declaracion-rivera-ante-fiscalia\" target=\"_blank\" rel=\"noopener noreferrer\">http:\/\/www.eluniverso.com\/noticias\/2017\/09\/29\/nota\/6405487\/dos-horas-duro-declaracion-rivera-ante-fiscalia<\/a><\/p>\n","protected":false},"excerpt":{"rendered":"<p>&nbsp; Pese a que\u00a0Ricardo Rivera\u00a0en su versi\u00f3n, rendida ayer dentro del proceso de asociaci\u00f3n il\u00edcita relacionado con el caso Odebrecht, insiste en que la relaci\u00f3n con su sobrino, el vicepresidente Jorge Glas, era de car\u00e1cter familiar, reconoce que ha mantenido conversaciones por correo electr\u00f3nico y \u00a0\u00a0\u00a0que en ocasiones le ha dado a conocer temas relacionados con el campo de las telecomunicaciones. Ese hecho, afirma Rivera, no significa delito alguno y aclara que jam\u00e1s ha tratado temas que est\u00e9n relacionados con la asociaci\u00f3n il\u00edcita que se investiga. Indic\u00f3, adem\u00e1s, que de entre los procesados solo conoce a Glas y a Jos\u00e9 Santos, exdirectivo de Odebrecht en Ecuador; que viaj\u00f3 a China no en representaci\u00f3n del Gobierno ni del expresidente\u00a0Rafael Correa, sino que fue una visita y participaci\u00f3n personal y de car\u00e1cter privado. En dos horas de versi\u00f3n, Rivera dijo que sobre el testimonio anticipado de Santos no existe prueba alguna. De lo contado por el brasile\u00f1o, indic\u00f3 que eso solo existe en la mente criminal de un delincuente confeso y sentenciado\u009d. Santos en su testimonio anticipado, rendido el mi\u00e9rcoles \u00faltimo, asegur\u00f3 que en junio del 2011 Rivera lo busc\u00f3 para decirle que \u00e9l era la persona que intermediar\u00e1 los negocios del sector estrat\u00e9gico para\u00a0Jorge Glas. De parte de Odebrecht, Santos habr\u00eda entregado al t\u00edo del vicepresidente cerca de $ 16,1 millones, entre 2011 y 2016. An\u00edbal Quinde, abogado de Rivera, dijo que su cliente reproch\u00f3 en su totalidad el\u00a0pendrive\u00a0entregado por su empleado Alfredo A., pues fue obtenido de manera il\u00edcita. Lo que ha dicho (Rivera) es que en el caso de que se le pretenda dar alg\u00fan tipo de validez (al\u00a0pendrive),\u00a0lo que obra dentro de ese dispositivo no revela ninguna asociaci\u00f3n il\u00edcita&#8230;\u009d. Para\u00a0C\u00e9sar Mont\u00fafar, acusador particular del vicepresidente Glas, la versi\u00f3n de Rivera estuvo llena de contradicciones, pero pese a ello, manifest\u00f3, habr\u00eda hecho reconocimientos importantes, los cuales deber\u00edan servir para que el fiscal general, Carlos Baca, reformule cargo en este caso y establezca un dictamen acusatorio. Mont\u00fafar afirm\u00f3 que Rivera habr\u00eda reconocido que la informaci\u00f3n que extrajo Alfredo A. fue de su computador. Asamblea Con 61 votos, Alianza PAIS ayer impidi\u00f3 la inclusi\u00f3n en el orden del d\u00eda de una resoluci\u00f3n que planteaba que la Asamblea discuta un pedido de renuncia al vicepresidente Jorge Glas. Defensa En varias entrevistas radiales, Glas reiter\u00f3 que es inocente y no hay pruebas de que cometi\u00f3 alg\u00fan acto de corrupci\u00f3n.\u00a0(I) &nbsp; &nbsp; Fuente: http:\/\/www.eluniverso.com\/noticias\/2017\/09\/29\/nota\/6405487\/dos-horas-duro-declaracion-rivera-ante-fiscalia<\/p>\n","protected":false},"author":1,"featured_media":245871,"comment_status":"open","ping_status":"open","sticky":false,"template":"","format":"standard","meta":[],"categories":[54,32,40,35,56,46],"tags":[],"_links":{"self":[{"href":"https:\/\/www.ecuadortimes.net\/es\/wp-json\/wp\/v2\/posts\/245870"}],"collection":[{"href":"https:\/\/www.ecuadortimes.net\/es\/wp-json\/wp\/v2\/posts"}],"about":[{"href":"https:\/\/www.ecuadortimes.net\/es\/wp-json\/wp\/v2\/types\/post"}],"author":[{"embeddable":true,"href":"https:\/\/www.ecuadortimes.net\/es\/wp-json\/wp\/v2\/users\/1"}],"replies":[{"embeddable":true,"href":"https:\/\/www.ecuadortimes.net\/es\/wp-json\/wp\/v2\/comments?post=245870"}],"version-history":[{"count":0,"href":"https:\/\/www.ecuadortimes.net\/es\/wp-json\/wp\/v2\/posts\/245870\/revisions"}],"wp:featuredmedia":[{"embeddable":true,"href":"https:\/\/www.ecuadortimes.net\/es\/wp-json\/wp\/v2\/media\/245871"}],"wp:attachment":[{"href":"https:\/\/www.ecuadortimes.net\/es\/wp-json\/wp\/v2\/media?parent=245870"}],"wp:term":[{"taxonomy":"category","embeddable":true,"href":"https:\/\/www.ecuadortimes.net\/es\/wp-json\/wp\/v2\/categories?post=245870"},{"taxonomy":"post_tag","embeddable":true,"href":"https:\/\/www.ecuadortimes.net\/es\/wp-json\/wp\/v2\/tags?post=245870"}],"curies":[{"name":"wp","href":"https:\/\/api.w.org\/{rel}","templated":true}]}}