{"id":245874,"date":"2017-09-29T00:00:00","date_gmt":"2017-09-29T00:00:00","guid":{"rendered":"https:\/\/www.ecuadortimes.net\/es\/vecinos-se-unen-para-salvar-sus-ventas-con-una-guia-local\/"},"modified":"2017-09-29T00:00:00","modified_gmt":"2017-09-29T00:00:00","slug":"vecinos-se-unen-para-salvar-sus-ventas-con-una-guia-local","status":"publish","type":"post","link":"https:\/\/www.ecuadortimes.net\/es\/vecinos-se-unen-para-salvar-sus-ventas-con-una-guia-local\/","title":{"rendered":"Vecinos se unen para salvar sus ventas con una gu\u00eda local"},"content":{"rendered":"<p><img loading=\"lazy\" class=\"size-full wp-image-190162 aligncenter\" src=\"https:\/\/www.ecuadortimes.net\/es\/wp-content\/uploads\/2017\/09\/ECUADORTIMES_ECUADORNEWS_VECINOS_SE_UNEN_SALVAR_VENTAS_GUIA_LOCAL.jpg\" alt=\"\" width=\"762\" height=\"428\" \/><\/p>\n<p>&nbsp;<\/p>\n<p>Consultorios m\u00e9dicos, tiendas, restaurantes de todo tipo, ferreter\u00edas, c\u00edber, farmacias, peluquer\u00edas, frigor\u00edficos y hasta locales de elaboraci\u00f3n de cortinas y anaqueles forman parte de una gu\u00eda comercial titulada \u0098<strong>La Voz de Mucho Lote 2<\/strong>\u0099, que fue lanzada hace dos semanas, como parte de un proyecto vecinal para incentivar el comercio en el sector.<\/p>\n<p><strong>El plan, que es liderado por Otto Esparza, coordinador del \u00e1rea externa de Villa Espa\u00f1a 2, cuenta con el apoyo de 97 negocios y de cientos de moradores<\/strong> de las 10 urbanizaciones del sector que dicen sentirse beneficiados por la iniciativa. En total se han repartido 5.000 ejemplares entre los negocios y las viviendas de la autopista.<\/p>\n<p>Ni mi familia ni yo ten\u00edamos idea de la cantidad de cosas que pod\u00edamos encontrar y esto nos ha solucionado la vida. Es como una gu\u00eda telef\u00f3nica de un sector que antes era botado\u009d, menciona Hilda Pes\u00e1ntez, habitante de Para\u00edso del R\u00edo.<\/p>\n<p>El objetivo principal, dice Esparza, es que todos los moradores de las otras urbanizaciones de la avenida Narcisa de Jes\u00fas que no cuentan con comercio sepan qu\u00e9 servicios hay y los visiten o hagan sus pedidos.<\/p>\n<p>Estamos un poco aislados de lo que ofrece Guayaquil, as\u00ed que en teor\u00eda nosotros le damos abastecimiento a todas las ciudadelas de la avenida. Para ir al supermercado m\u00e1s cercano hay que darse una gran vuelta por la v\u00eda\u009d, precisa el tambi\u00e9n morador.<\/p>\n<p>Esparza tambi\u00e9n indica que muchos negocios de la zona hab\u00edan pensado en cerrar, pues no hab\u00edan tenido muchos r\u00e9ditos durante sus primeros meses. Con esta gu\u00eda, los est\u00e1n conociendo poco a poco\u009d, dice.<\/p>\n<p>El cat\u00e1logo est\u00e1 conformado por ocho p\u00e1ginas con informaci\u00f3n y promociones de cada negocio, adem\u00e1s de un mapa de ubicaci\u00f3n general, en donde se se\u00f1ala la mayor\u00eda de locales y recomendaciones de la Polic\u00eda.<\/p>\n<p>Julissa Espa\u00f1a, due\u00f1a de una peluquer\u00eda, ya ha empezado a sentir la rentabilidad de haber invertido en el proyecto.<\/p>\n<p>Esto tiene pocos d\u00edas, pero solo el primero me llegaron 10 clientes m\u00e1s que aseguraban haber visto mi anuncio en la gu\u00eda. Estas cosas dan resultados, por eso cuando Otto vino y me explic\u00f3 no dud\u00e9 en decirle que s\u00ed\u009d, menciona.<\/p>\n<p>Lo mismo opina Pedro R\u00edos, due\u00f1o de un restaurante en Alameda del R\u00edo. Fue la oportunidad de unirnos. Muchos no nos conoc\u00edamos, y solo ten\u00edamos clientes de un lado del sector. Los que est\u00e1n al inicio no sab\u00edan que est\u00e1bamos aqu\u00ed y el otro d\u00eda nos visitaron de Metr\u00f3polis, as\u00ed que espero que sea una buena se\u00f1al\u009d, indica.<\/p>\n<p><b>El futuro<\/b><\/p>\n<p><b><\/b><b>Ejemplares<\/b><\/p>\n<p><b><\/b>La gu\u00eda se renovar\u00e1 cada tres meses para que otros negocios tambi\u00e9n puedan incluirse. En la pr\u00f3xima edici\u00f3n los vecinos planean imprimir 10.000.<\/p>\n<p><b>Uni\u00f3n<\/b><\/p>\n<p><b><\/b>La solidaridad y uni\u00f3n entre moradores son los pilares principales del proyecto. Los habitantes de Mucho Lote esperan sumar a m\u00e1s vecinos de otras ciudadelas.<\/p>\n<p><b>Malec\u00f3n<\/b><\/p>\n<p><b><\/b>Seg\u00fan los vecinos, el Municipio planea construir un malec\u00f3n frente a Para\u00edso del R\u00edo, por lo que desde ahora se organizan para tener una oferta comercial variada.<\/p>\n<p><b>VOCES<\/b><\/p>\n<p><b>Izan Hern\u00e1ndez, due\u00f1o de una pizzer\u00eda en Marbella<\/b><\/p>\n<p><b><\/b>Como local estamos hace un a\u00f1o y aqu\u00ed vimos una oportunidad de negocio. En mi caso s\u00ed he notado que mucha gente que no nos conoc\u00eda nos ha venido a preguntar por las pizzas.<\/p>\n<p><b>Julissa Espa\u00f1a, due\u00f1a de una peluquer\u00eda en Victoria del R\u00edo<\/b><\/p>\n<p>Aqu\u00ed viene una clienta y le hablo de la gu\u00eda. As\u00ed tambi\u00e9n estoy apoyando a la causa para que conozcan todos los locales de ac\u00e1, ya que al menos a m\u00ed s\u00ed me ha ayudado much\u00edsimo.<\/p>\n<p><b>Ximena Bonilla, due\u00f1a de una farmacia en Villa Espa\u00f1a 2<\/b><\/p>\n<p><b><\/b>Esto hace que estemos m\u00e1s al alcance de los habitantes del sector. Nosotros, entre los vecinos, no vemos competencia, sino m\u00e1s bien la mejor atenci\u00f3n al cliente. (I)<\/p>\n<p>&nbsp;<\/p>\n<p>&nbsp;<\/p>\n<p><strong>Fuente: <\/strong><a href=\"http:\/\/www.expreso.ec\/guayaquil\/delincuencia-barrios-seguridad-iniciativas-AF1733983\" target=\"_blank\" rel=\"noopener noreferrer\">http:\/\/www.expreso.ec\/guayaquil\/delincuencia-barrios-seguridad-iniciativas-AF1733983<\/a><\/p>\n","protected":false},"excerpt":{"rendered":"<p>&nbsp; Consultorios m\u00e9dicos, tiendas, restaurantes de todo tipo, ferreter\u00edas, c\u00edber, farmacias, peluquer\u00edas, frigor\u00edficos y hasta locales de elaboraci\u00f3n de cortinas y anaqueles forman parte de una gu\u00eda comercial titulada \u0098La Voz de Mucho Lote 2\u0099, que fue lanzada hace dos semanas, como parte de un proyecto vecinal para incentivar el comercio en el sector. El plan, que es liderado por Otto Esparza, coordinador del \u00e1rea externa de Villa Espa\u00f1a 2, cuenta con el apoyo de 97 negocios y de cientos de moradores de las 10 urbanizaciones del sector que dicen sentirse beneficiados por la iniciativa. En total se han repartido 5.000 ejemplares entre los negocios y las viviendas de la autopista. Ni mi familia ni yo ten\u00edamos idea de la cantidad de cosas que pod\u00edamos encontrar y esto nos ha solucionado la vida. Es como una gu\u00eda telef\u00f3nica de un sector que antes era botado\u009d, menciona Hilda Pes\u00e1ntez, habitante de Para\u00edso del R\u00edo. El objetivo principal, dice Esparza, es que todos los moradores de las otras urbanizaciones de la avenida Narcisa de Jes\u00fas que no cuentan con comercio sepan qu\u00e9 servicios hay y los visiten o hagan sus pedidos. Estamos un poco aislados de lo que ofrece Guayaquil, as\u00ed que en teor\u00eda nosotros le damos abastecimiento a todas las ciudadelas de la avenida. Para ir al supermercado m\u00e1s cercano hay que darse una gran vuelta por la v\u00eda\u009d, precisa el tambi\u00e9n morador. Esparza tambi\u00e9n indica que muchos negocios de la zona hab\u00edan pensado en cerrar, pues no hab\u00edan tenido muchos r\u00e9ditos durante sus primeros meses. Con esta gu\u00eda, los est\u00e1n conociendo poco a poco\u009d, dice. El cat\u00e1logo est\u00e1 conformado por ocho p\u00e1ginas con informaci\u00f3n y promociones de cada negocio, adem\u00e1s de un mapa de ubicaci\u00f3n general, en donde se se\u00f1ala la mayor\u00eda de locales y recomendaciones de la Polic\u00eda. Julissa Espa\u00f1a, due\u00f1a de una peluquer\u00eda, ya ha empezado a sentir la rentabilidad de haber invertido en el proyecto. Esto tiene pocos d\u00edas, pero solo el primero me llegaron 10 clientes m\u00e1s que aseguraban haber visto mi anuncio en la gu\u00eda. Estas cosas dan resultados, por eso cuando Otto vino y me explic\u00f3 no dud\u00e9 en decirle que s\u00ed\u009d, menciona. Lo mismo opina Pedro R\u00edos, due\u00f1o de un restaurante en Alameda del R\u00edo. Fue la oportunidad de unirnos. Muchos no nos conoc\u00edamos, y solo ten\u00edamos clientes de un lado del sector. Los que est\u00e1n al inicio no sab\u00edan que est\u00e1bamos aqu\u00ed y el otro d\u00eda nos visitaron de Metr\u00f3polis, as\u00ed que espero que sea una buena se\u00f1al\u009d, indica. El futuro Ejemplares La gu\u00eda se renovar\u00e1 cada tres meses para que otros negocios tambi\u00e9n puedan incluirse. En la pr\u00f3xima edici\u00f3n los vecinos planean imprimir 10.000. Uni\u00f3n La solidaridad y uni\u00f3n entre moradores son los pilares principales del proyecto. Los habitantes de Mucho Lote esperan sumar a m\u00e1s vecinos de otras ciudadelas. Malec\u00f3n Seg\u00fan los vecinos, el Municipio planea construir un malec\u00f3n frente a Para\u00edso del R\u00edo, por lo que desde ahora se organizan para tener una oferta comercial variada. VOCES Izan Hern\u00e1ndez, due\u00f1o de una pizzer\u00eda en Marbella Como local estamos hace un a\u00f1o y aqu\u00ed vimos una oportunidad de negocio. En mi caso s\u00ed he notado que mucha gente que no nos conoc\u00eda nos ha venido a preguntar por las pizzas. Julissa Espa\u00f1a, due\u00f1a de una peluquer\u00eda en Victoria del R\u00edo Aqu\u00ed viene una clienta y le hablo de la gu\u00eda. As\u00ed tambi\u00e9n estoy apoyando a la causa para que conozcan todos los locales de ac\u00e1, ya que al menos a m\u00ed s\u00ed me ha ayudado much\u00edsimo. Ximena Bonilla, due\u00f1a de una farmacia en Villa Espa\u00f1a 2 Esto hace que estemos m\u00e1s al alcance de los habitantes del sector. Nosotros, entre los vecinos, no vemos competencia, sino m\u00e1s bien la mejor atenci\u00f3n al cliente. (I) &nbsp; &nbsp; Fuente: http:\/\/www.expreso.ec\/guayaquil\/delincuencia-barrios-seguridad-iniciativas-AF1733983<\/p>\n","protected":false},"author":1,"featured_media":245875,"comment_status":"open","ping_status":"open","sticky":false,"template":"","format":"standard","meta":[],"categories":[54,32,43,35],"tags":[],"_links":{"self":[{"href":"https:\/\/www.ecuadortimes.net\/es\/wp-json\/wp\/v2\/posts\/245874"}],"collection":[{"href":"https:\/\/www.ecuadortimes.net\/es\/wp-json\/wp\/v2\/posts"}],"about":[{"href":"https:\/\/www.ecuadortimes.net\/es\/wp-json\/wp\/v2\/types\/post"}],"author":[{"embeddable":true,"href":"https:\/\/www.ecuadortimes.net\/es\/wp-json\/wp\/v2\/users\/1"}],"replies":[{"embeddable":true,"href":"https:\/\/www.ecuadortimes.net\/es\/wp-json\/wp\/v2\/comments?post=245874"}],"version-history":[{"count":0,"href":"https:\/\/www.ecuadortimes.net\/es\/wp-json\/wp\/v2\/posts\/245874\/revisions"}],"wp:featuredmedia":[{"embeddable":true,"href":"https:\/\/www.ecuadortimes.net\/es\/wp-json\/wp\/v2\/media\/245875"}],"wp:attachment":[{"href":"https:\/\/www.ecuadortimes.net\/es\/wp-json\/wp\/v2\/media?parent=245874"}],"wp:term":[{"taxonomy":"category","embeddable":true,"href":"https:\/\/www.ecuadortimes.net\/es\/wp-json\/wp\/v2\/categories?post=245874"},{"taxonomy":"post_tag","embeddable":true,"href":"https:\/\/www.ecuadortimes.net\/es\/wp-json\/wp\/v2\/tags?post=245874"}],"curies":[{"name":"wp","href":"https:\/\/api.w.org\/{rel}","templated":true}]}}