{"id":245882,"date":"2017-09-29T00:00:00","date_gmt":"2017-09-29T00:00:00","guid":{"rendered":"https:\/\/www.ecuadortimes.net\/es\/coleccionistas-y-fans-de-julio-jaramillo-organizan-festival-de-cuatro-dias-en-guayaquil\/"},"modified":"2017-09-29T00:00:00","modified_gmt":"2017-09-29T00:00:00","slug":"coleccionistas-y-fans-de-julio-jaramillo-organizan-festival-de-cuatro-dias-en-guayaquil","status":"publish","type":"post","link":"https:\/\/www.ecuadortimes.net\/es\/coleccionistas-y-fans-de-julio-jaramillo-organizan-festival-de-cuatro-dias-en-guayaquil\/","title":{"rendered":"Coleccionistas y fans de Julio Jaramillo organizan festival de cuatro d\u00edas en Guayaquil"},"content":{"rendered":"<p><img loading=\"lazy\" class=\"size-full wp-image-190153 aligncenter\" src=\"https:\/\/www.ecuadortimes.net\/es\/wp-content\/uploads\/2017\/09\/ECUADORTIMES_ECUADORNEWS_COLECCIONISTAS_FAN_FIESTA_4_DIAS_JULIO_JARAMILLO.jpeg\" alt=\"\" width=\"612\" height=\"340\" \/><\/p>\n<p>&nbsp;<\/p>\n<p><strong>El segundo Festival Encuentro de Coleccionistas y Fans de Julio Jaramillo 2017<\/strong> contempla una cita de cuatro d\u00edas para seguidores del <strong>Ruise\u00f1or de Am\u00e9rica<\/strong> de cuatro pa\u00edses de la regi\u00f3n, una muestra de 300 fotograf\u00edas de distintas \u00e9pocas del legendario cantante ecuatoriano, presentaciones de \u00e9mulos de JJ y una romer\u00eda a su tumba. El cantante cumplir\u00eda 82 a\u00f1os el pr\u00f3ximo domingo 1 de octubre, y su natalicio marca tambi\u00e9n la celebraci\u00f3n del D\u00eda del Pasillo Ecuatoriano.<\/p>\n<p>El encuentro se realizar\u00e1 entre este viernes 29 de septiembre hasta el lunes 2 de octubre, una iniciativa del <strong>Grupo Cultural Julio Jaramillo<\/strong>. Como Club de Fans la agrupaci\u00f3n organiz\u00f3 el a\u00f1o pasado un primer encuentro en su sede del centro, en una sola jornada por el D\u00eda del Pasillo. Las cuatro fechas de este a\u00f1o incluyen actividades en <strong>las escalinatas del Cerro Santa Ana, en la c\u00e9ntrica calle Panam\u00e1, en el Cementerio Patrimonial de Guayaquil y en el local La Taberna -escal\u00f3n 37 del Cerro Santa Ana<\/strong>-, la sede principal del encuentro, un bar decorado con fotos de JJ y con una exhibici\u00f3n de sus elep\u00e9s. Buscamos integrar a toda Latinoam\u00e9rica, a los seguidores de Jota Jota en el mundo\u009d, indic\u00f3 V\u00edctor Hugo Arce, presidente del Grupo Cultural. \u0098Mr. Juramento\u0099 grab\u00f3 alrededor de 4 000 canciones en los m\u00e1s diversos g\u00e9neros populares de la regi\u00f3n. A\u00fan no se ha determinado cu\u00e1ntos LPs grab\u00f3 Julio.<\/p>\n<p>La idea es compartir canciones y discos entre los coleccionistas invitados, liberar el contenido de JJ para que todos conozcamos\u009d, agreg\u00f3. El festival espera la visita de jaramillistas de pa\u00edses como M\u00e9xico, Uruguay y Panam\u00e1, adem\u00e1s de ecuatorianos residentes en Estados Unidos y de seguidores de diversas ciudades del pa\u00eds.<\/p>\n<p>El programa se iniciar\u00e1 este viernes 29, a las 17:00, en La Taberna del Cerro Santa con un conversatorio y la exposici\u00f3n de discos de los coleccionistas internacionales. El s\u00e1bado 29 de septiembre, en la plazoleta Los Monjes, tambi\u00e9n en el escal\u00f3n 37 del cerro Santa Ana, se abrir\u00e1 a las 10:00 una exposici\u00f3n de fotograf\u00edas y car\u00e1tulas de discos de JJ. Habr\u00e1 un micr\u00f3fono abierto para seguidores que quieran cantar con acompa\u00f1amiento, pista o a capela.<\/p>\n<p>El domingo 1 de octubre se realizar\u00e1, de 9:00 a 14:00, la romer\u00eda al Mausoleo de Jota Jota en el Cementerio Patrimonial de Guayaquil, un encuentro en el que cantar\u00e1n \u00e9mulos locales de Jota Jota. Entre las 14:00 y 15:00, los cantantes Gustavo Castro, Olmedo Montero y Jhonny Montero se presentar\u00e1n en el marco del primer Festival Guayaquil Cultural y Tur\u00edstico de la Calle Panam\u00e1.<\/p>\n<p>El espect\u00e1culo de imitadores de &#8216;La Voz de Oro&#8217; se trasladar\u00e1n desde las 16:00 al Cerro Santa Ana. La programaci\u00f3n cerrar\u00e1 el pr\u00f3ximo lunes 2 de octubre, desde las 17:00, en La Taberna con charlas y actos art\u00edsticos. La cita cuenta con el apoyo de la p\u00e1gina de Facebook Julio Jaramillo Sin Fantas\u00edas, la Asociaci\u00f3n Cultural Cerro Santa Ana y la Asociaci\u00f3n de Microempresarios Tur\u00edsticos del Cerro.<small> (I)<\/small><\/p>\n<p>&nbsp;<\/p>\n<p>&nbsp;<\/p>\n<p><strong>Fuente: <\/strong><a href=\"http:\/\/www.elcomercio.com\/tendencias\/coleccionistas-fans-juliojaramillo-festival-guayaquil.html\" target=\"_blank\" rel=\"noopener noreferrer\">http:\/\/www.elcomercio.com\/tendencias\/coleccionistas-fans-juliojaramillo-festival-guayaquil.html<\/a><\/p>\n","protected":false},"excerpt":{"rendered":"<p>&nbsp; El segundo Festival Encuentro de Coleccionistas y Fans de Julio Jaramillo 2017 contempla una cita de cuatro d\u00edas para seguidores del Ruise\u00f1or de Am\u00e9rica de cuatro pa\u00edses de la regi\u00f3n, una muestra de 300 fotograf\u00edas de distintas \u00e9pocas del legendario cantante ecuatoriano, presentaciones de \u00e9mulos de JJ y una romer\u00eda a su tumba. El cantante cumplir\u00eda 82 a\u00f1os el pr\u00f3ximo domingo 1 de octubre, y su natalicio marca tambi\u00e9n la celebraci\u00f3n del D\u00eda del Pasillo Ecuatoriano. El encuentro se realizar\u00e1 entre este viernes 29 de septiembre hasta el lunes 2 de octubre, una iniciativa del Grupo Cultural Julio Jaramillo. Como Club de Fans la agrupaci\u00f3n organiz\u00f3 el a\u00f1o pasado un primer encuentro en su sede del centro, en una sola jornada por el D\u00eda del Pasillo. Las cuatro fechas de este a\u00f1o incluyen actividades en las escalinatas del Cerro Santa Ana, en la c\u00e9ntrica calle Panam\u00e1, en el Cementerio Patrimonial de Guayaquil y en el local La Taberna -escal\u00f3n 37 del Cerro Santa Ana-, la sede principal del encuentro, un bar decorado con fotos de JJ y con una exhibici\u00f3n de sus elep\u00e9s. Buscamos integrar a toda Latinoam\u00e9rica, a los seguidores de Jota Jota en el mundo\u009d, indic\u00f3 V\u00edctor Hugo Arce, presidente del Grupo Cultural. \u0098Mr. Juramento\u0099 grab\u00f3 alrededor de 4 000 canciones en los m\u00e1s diversos g\u00e9neros populares de la regi\u00f3n. A\u00fan no se ha determinado cu\u00e1ntos LPs grab\u00f3 Julio. La idea es compartir canciones y discos entre los coleccionistas invitados, liberar el contenido de JJ para que todos conozcamos\u009d, agreg\u00f3. El festival espera la visita de jaramillistas de pa\u00edses como M\u00e9xico, Uruguay y Panam\u00e1, adem\u00e1s de ecuatorianos residentes en Estados Unidos y de seguidores de diversas ciudades del pa\u00eds. El programa se iniciar\u00e1 este viernes 29, a las 17:00, en La Taberna del Cerro Santa con un conversatorio y la exposici\u00f3n de discos de los coleccionistas internacionales. El s\u00e1bado 29 de septiembre, en la plazoleta Los Monjes, tambi\u00e9n en el escal\u00f3n 37 del cerro Santa Ana, se abrir\u00e1 a las 10:00 una exposici\u00f3n de fotograf\u00edas y car\u00e1tulas de discos de JJ. Habr\u00e1 un micr\u00f3fono abierto para seguidores que quieran cantar con acompa\u00f1amiento, pista o a capela. El domingo 1 de octubre se realizar\u00e1, de 9:00 a 14:00, la romer\u00eda al Mausoleo de Jota Jota en el Cementerio Patrimonial de Guayaquil, un encuentro en el que cantar\u00e1n \u00e9mulos locales de Jota Jota. Entre las 14:00 y 15:00, los cantantes Gustavo Castro, Olmedo Montero y Jhonny Montero se presentar\u00e1n en el marco del primer Festival Guayaquil Cultural y Tur\u00edstico de la Calle Panam\u00e1. El espect\u00e1culo de imitadores de &#8216;La Voz de Oro&#8217; se trasladar\u00e1n desde las 16:00 al Cerro Santa Ana. La programaci\u00f3n cerrar\u00e1 el pr\u00f3ximo lunes 2 de octubre, desde las 17:00, en La Taberna con charlas y actos art\u00edsticos. La cita cuenta con el apoyo de la p\u00e1gina de Facebook Julio Jaramillo Sin Fantas\u00edas, la Asociaci\u00f3n Cultural Cerro Santa Ana y la Asociaci\u00f3n de Microempresarios Tur\u00edsticos del Cerro. (I) &nbsp; &nbsp; Fuente: http:\/\/www.elcomercio.com\/tendencias\/coleccionistas-fans-juliojaramillo-festival-guayaquil.html<\/p>\n","protected":false},"author":1,"featured_media":245883,"comment_status":"open","ping_status":"open","sticky":false,"template":"","format":"standard","meta":[],"categories":[54,32,42,35],"tags":[],"_links":{"self":[{"href":"https:\/\/www.ecuadortimes.net\/es\/wp-json\/wp\/v2\/posts\/245882"}],"collection":[{"href":"https:\/\/www.ecuadortimes.net\/es\/wp-json\/wp\/v2\/posts"}],"about":[{"href":"https:\/\/www.ecuadortimes.net\/es\/wp-json\/wp\/v2\/types\/post"}],"author":[{"embeddable":true,"href":"https:\/\/www.ecuadortimes.net\/es\/wp-json\/wp\/v2\/users\/1"}],"replies":[{"embeddable":true,"href":"https:\/\/www.ecuadortimes.net\/es\/wp-json\/wp\/v2\/comments?post=245882"}],"version-history":[{"count":0,"href":"https:\/\/www.ecuadortimes.net\/es\/wp-json\/wp\/v2\/posts\/245882\/revisions"}],"wp:featuredmedia":[{"embeddable":true,"href":"https:\/\/www.ecuadortimes.net\/es\/wp-json\/wp\/v2\/media\/245883"}],"wp:attachment":[{"href":"https:\/\/www.ecuadortimes.net\/es\/wp-json\/wp\/v2\/media?parent=245882"}],"wp:term":[{"taxonomy":"category","embeddable":true,"href":"https:\/\/www.ecuadortimes.net\/es\/wp-json\/wp\/v2\/categories?post=245882"},{"taxonomy":"post_tag","embeddable":true,"href":"https:\/\/www.ecuadortimes.net\/es\/wp-json\/wp\/v2\/tags?post=245882"}],"curies":[{"name":"wp","href":"https:\/\/api.w.org\/{rel}","templated":true}]}}