{"id":245884,"date":"2017-09-29T00:00:00","date_gmt":"2017-09-29T00:00:00","guid":{"rendered":"https:\/\/www.ecuadortimes.net\/es\/cuarteto-de-nos-y-vilma-palma-daran-un-cocierto-en-cotacachi\/"},"modified":"2017-09-29T00:00:00","modified_gmt":"2017-09-29T00:00:00","slug":"cuarteto-de-nos-y-vilma-palma-daran-un-cocierto-en-cotacachi","status":"publish","type":"post","link":"https:\/\/www.ecuadortimes.net\/es\/cuarteto-de-nos-y-vilma-palma-daran-un-cocierto-en-cotacachi\/","title":{"rendered":"Cuarteto de Nos y Vilma Palma dar\u00e1n un cocierto en Cotacachi"},"content":{"rendered":"<p><img loading=\"lazy\" class=\"size-full wp-image-190159 aligncenter\" src=\"https:\/\/www.ecuadortimes.net\/es\/wp-content\/uploads\/2017\/09\/ECUADORTIMES_ECUADORNEWS_NOS_VILMA_PALMA_CONCIERTO_COTACACHI.jpeg\" alt=\"\" width=\"612\" height=\"340\" \/><\/p>\n<p>&nbsp;<\/p>\n<p><strong>El Cuarteto de Nos, de Uruguay, y Vilma Palma e Vampiros, de Argentina, ser\u00e1n parte de la programaci\u00f3n del Festival Wampra Raymi (Fiesta de los J\u00f3venes, en espa\u00f1ol) 2017, que se desarrollar\u00e1 el pr\u00f3ximo s\u00e1bado 30 de septiembre de 2017 en Cotacachi, Imbabura.<\/strong><\/p>\n<p>El concierto, en el que tambi\u00e9n actuar\u00e1n los artistas locales Marcia Michilena y Acetatto, tendr\u00e1 como escenario el estadio Francisco Espinoza. La cita se inicia a las 17:00. En este escenario deportivo desde ayer se empez\u00f3 a instalar la tarima, que mide 10 por 10 metros y el sistema de sonido.<\/p>\n<p>El festival ha ganado renombre en el pa\u00eds. Naci\u00f3 hace 19 a\u00f1os como un espacio art\u00edstico para que los \u0098wampras\u0099 despidan las vacaciones escolares. Ahora ha variado e incluye juegos tradicionales y jornadas deportivas. Desde el a\u00f1o pasado, para el cierre del llamado Wampra Raymi se incluy\u00f3 artistas internacionales.<\/p>\n<p>El evento es un espacio para la m\u00fasica alternativa\u009d, explica <strong>Juan Daniel Proa\u00f1o, integrante de la Coordinadora de J\u00f3venes de Cotacachi, organizadores de la cita. Cuarteto de Nos aprovechar\u00e1 su estad\u00eda en el pa\u00eds para promocionar su nuevo trabajo discogr\u00e1fico titulado &#8216;Apocalipsis Zombie&#8217;. Algo similar sucedi\u00f3 el a\u00f1o pasado con Bersuit Vergarabat, que estrenaba &#8216;Nube Rosa&#8217;, explica Proa\u00f1o.<\/strong><\/p>\n<p>En el caso de la banda uruguaya, su nuevo CD, que incluye temas como Invisibles, Nombres y La Bestia plantea otra \u00f3ptica a escala musical y tem\u00e1tica, a diferencia de sus 14 discos anteriores. As\u00ed se explica en la p\u00e1gina web de la banda. &#8216;Apocalipsis Zombie&#8217;, comenta Proa\u00f1o, est\u00e1 nominado como mejor \u00e1lbum de m\u00fasica alternativa para la decimoctava entrega anual de los Grammy Latino. Por lo que la velada musical en Cotacachi promete ser una de las mejores del pa\u00eds.<\/p>\n<p>Los Vilma Palma e Vamperos, entre tanto, interpretar\u00e1n sus mejores temas. As\u00ed lo asegur\u00f3 su vocalista Mario G\u00f3mez, en un video promocional. Cada agrupaci\u00f3n estar\u00e1 en escena aproximadamente dos horas, estima Geovanni Alencastro, productor general del Wampra Raymi.\u00a0 Sin embargo, prefiri\u00f3 no dar el orden de salida de los artistas al escenario. <\/p>\n<p>La idea es que el p\u00fablico vaya a disfrutar el espect\u00e1culo de principio a fin\u009d. Hasta el a\u00f1o pasado, el festival inclu\u00eda la participaci\u00f3n de m\u00e1s bandas. Proa\u00f1o asegura que ahora con los dos invitados extranjeros buscan dar renombre a esta celebraci\u00f3n. Una de las fortalezas del Wampra Raymi es que la calidad del espect\u00e1culo le ha dado renombre a Cotacachi.<\/p>\n<p>Una de las razones es que es una de las pocas urbes que presentan artistas de talla internacional. La Coordinadora de J\u00f3venes a la vez ha organizado el programa para alternar con espect\u00e1culos propios como los juegos tradicionales. Es una suerte de rescate de los valores aut\u00f3ctonos, comenta Tyron Chico, presidente de la Coordinadora.<\/p>\n<p>Esta vez, por ejemplo, uno de los ejes de la celebraci\u00f3n ser\u00e1 la carrera de coches de madera, mientras que el a\u00f1o anterior fue el festival de las cometas. El requisito b\u00e1sico que se exige a los participantes es que elaboren con sus propias manos y con materiales locales los juegos. (I)<small><b><\/b><\/small><\/p>\n<p>&nbsp;<\/p>\n<p>&nbsp;<\/p>\n<p><strong>Fuente: <\/strong><a href=\"http:\/\/www.elcomercio.com\/tendencias\/cuartetodenos-vilmapalma-festival-musica-cotacachi.html\" target=\"_blank\" rel=\"noopener noreferrer\">http:\/\/www.elcomercio.com\/tendencias\/cuartetodenos-vilmapalma-festival-musica-cotacachi.html<\/a><\/p>\n","protected":false},"excerpt":{"rendered":"<p>&nbsp; El Cuarteto de Nos, de Uruguay, y Vilma Palma e Vampiros, de Argentina, ser\u00e1n parte de la programaci\u00f3n del Festival Wampra Raymi (Fiesta de los J\u00f3venes, en espa\u00f1ol) 2017, que se desarrollar\u00e1 el pr\u00f3ximo s\u00e1bado 30 de septiembre de 2017 en Cotacachi, Imbabura. El concierto, en el que tambi\u00e9n actuar\u00e1n los artistas locales Marcia Michilena y Acetatto, tendr\u00e1 como escenario el estadio Francisco Espinoza. La cita se inicia a las 17:00. En este escenario deportivo desde ayer se empez\u00f3 a instalar la tarima, que mide 10 por 10 metros y el sistema de sonido. El festival ha ganado renombre en el pa\u00eds. Naci\u00f3 hace 19 a\u00f1os como un espacio art\u00edstico para que los \u0098wampras\u0099 despidan las vacaciones escolares. Ahora ha variado e incluye juegos tradicionales y jornadas deportivas. Desde el a\u00f1o pasado, para el cierre del llamado Wampra Raymi se incluy\u00f3 artistas internacionales. El evento es un espacio para la m\u00fasica alternativa\u009d, explica Juan Daniel Proa\u00f1o, integrante de la Coordinadora de J\u00f3venes de Cotacachi, organizadores de la cita. Cuarteto de Nos aprovechar\u00e1 su estad\u00eda en el pa\u00eds para promocionar su nuevo trabajo discogr\u00e1fico titulado &#8216;Apocalipsis Zombie&#8217;. Algo similar sucedi\u00f3 el a\u00f1o pasado con Bersuit Vergarabat, que estrenaba &#8216;Nube Rosa&#8217;, explica Proa\u00f1o. En el caso de la banda uruguaya, su nuevo CD, que incluye temas como Invisibles, Nombres y La Bestia plantea otra \u00f3ptica a escala musical y tem\u00e1tica, a diferencia de sus 14 discos anteriores. As\u00ed se explica en la p\u00e1gina web de la banda. &#8216;Apocalipsis Zombie&#8217;, comenta Proa\u00f1o, est\u00e1 nominado como mejor \u00e1lbum de m\u00fasica alternativa para la decimoctava entrega anual de los Grammy Latino. Por lo que la velada musical en Cotacachi promete ser una de las mejores del pa\u00eds. Los Vilma Palma e Vamperos, entre tanto, interpretar\u00e1n sus mejores temas. As\u00ed lo asegur\u00f3 su vocalista Mario G\u00f3mez, en un video promocional. Cada agrupaci\u00f3n estar\u00e1 en escena aproximadamente dos horas, estima Geovanni Alencastro, productor general del Wampra Raymi.\u00a0 Sin embargo, prefiri\u00f3 no dar el orden de salida de los artistas al escenario. La idea es que el p\u00fablico vaya a disfrutar el espect\u00e1culo de principio a fin\u009d. Hasta el a\u00f1o pasado, el festival inclu\u00eda la participaci\u00f3n de m\u00e1s bandas. Proa\u00f1o asegura que ahora con los dos invitados extranjeros buscan dar renombre a esta celebraci\u00f3n. Una de las fortalezas del Wampra Raymi es que la calidad del espect\u00e1culo le ha dado renombre a Cotacachi. Una de las razones es que es una de las pocas urbes que presentan artistas de talla internacional. La Coordinadora de J\u00f3venes a la vez ha organizado el programa para alternar con espect\u00e1culos propios como los juegos tradicionales. Es una suerte de rescate de los valores aut\u00f3ctonos, comenta Tyron Chico, presidente de la Coordinadora. Esta vez, por ejemplo, uno de los ejes de la celebraci\u00f3n ser\u00e1 la carrera de coches de madera, mientras que el a\u00f1o anterior fue el festival de las cometas. El requisito b\u00e1sico que se exige a los participantes es que elaboren con sus propias manos y con materiales locales los juegos. (I) &nbsp; &nbsp; Fuente: http:\/\/www.elcomercio.com\/tendencias\/cuartetodenos-vilmapalma-festival-musica-cotacachi.html<\/p>\n","protected":false},"author":1,"featured_media":245885,"comment_status":"open","ping_status":"open","sticky":false,"template":"","format":"standard","meta":[],"categories":[54,32,42,35],"tags":[],"_links":{"self":[{"href":"https:\/\/www.ecuadortimes.net\/es\/wp-json\/wp\/v2\/posts\/245884"}],"collection":[{"href":"https:\/\/www.ecuadortimes.net\/es\/wp-json\/wp\/v2\/posts"}],"about":[{"href":"https:\/\/www.ecuadortimes.net\/es\/wp-json\/wp\/v2\/types\/post"}],"author":[{"embeddable":true,"href":"https:\/\/www.ecuadortimes.net\/es\/wp-json\/wp\/v2\/users\/1"}],"replies":[{"embeddable":true,"href":"https:\/\/www.ecuadortimes.net\/es\/wp-json\/wp\/v2\/comments?post=245884"}],"version-history":[{"count":0,"href":"https:\/\/www.ecuadortimes.net\/es\/wp-json\/wp\/v2\/posts\/245884\/revisions"}],"wp:featuredmedia":[{"embeddable":true,"href":"https:\/\/www.ecuadortimes.net\/es\/wp-json\/wp\/v2\/media\/245885"}],"wp:attachment":[{"href":"https:\/\/www.ecuadortimes.net\/es\/wp-json\/wp\/v2\/media?parent=245884"}],"wp:term":[{"taxonomy":"category","embeddable":true,"href":"https:\/\/www.ecuadortimes.net\/es\/wp-json\/wp\/v2\/categories?post=245884"},{"taxonomy":"post_tag","embeddable":true,"href":"https:\/\/www.ecuadortimes.net\/es\/wp-json\/wp\/v2\/tags?post=245884"}],"curies":[{"name":"wp","href":"https:\/\/api.w.org\/{rel}","templated":true}]}}