{"id":245892,"date":"2017-10-02T00:00:00","date_gmt":"2017-10-02T00:00:00","guid":{"rendered":"https:\/\/www.ecuadortimes.net\/es\/glas-no-renunciara-aunque-el-bloque-de-pais-se-lo-pida\/"},"modified":"2017-10-02T00:00:00","modified_gmt":"2017-10-02T00:00:00","slug":"glas-no-renunciara-aunque-el-bloque-de-pais-se-lo-pida","status":"publish","type":"post","link":"https:\/\/www.ecuadortimes.net\/es\/glas-no-renunciara-aunque-el-bloque-de-pais-se-lo-pida\/","title":{"rendered":"Glas no renunciar\u00e1 aunque el bloque de PAIS se lo pida"},"content":{"rendered":"<p><img loading=\"lazy\" class=\"size-full wp-image-190200 aligncenter\" src=\"https:\/\/www.ecuadortimes.net\/es\/wp-content\/uploads\/2017\/10\/ECUADORTIMES_ECUADORNEWS_GLAS_NO_RENUNCIARA_AUNQUE_EL_BLOQUE_PAIS_SE_LO_PIDA.jpg\" alt=\"\" width=\"762\" height=\"428\" \/><\/p>\n<p>&nbsp;<\/p>\n<p>Un d\u00eda crucial para el vicepresidente Jorge Glas y, en general, para el pa\u00eds. No solo se revisar\u00e1n hoy las medidas cautelares dictadas contra \u00e9l y su t\u00edo, dentro del\u00a0<b>caso de corrupci\u00f3n de<\/b>\u00a0<b>Odebrecht<\/b>, al que est\u00e1 vinculado por supuesta asociaci\u00f3n il\u00edcita en la entrega de sobornos, sino que adem\u00e1s el bloque legislativo de Alianza PAIS se reunir\u00e1 a las 09:30 para definir su postura: respaldarlo o pedirle que deje el cargo.<\/p>\n<p>A la cita acudir\u00e1n morenistas, <strong>corre\u00edstas, glasistas y aliancistas que hab\u00edan previsto reunirse ayer a las 19:00, pero el encuentro fue cancelado a \u00faltima hora por quien lo convoc\u00f3: el presidente de la Asamblea, Jos\u00e9 Serrano. \u00c3\u0089l dijo que Glas debe dar un paso al costado.<\/strong><\/p>\n<p>La oposici\u00f3n, de su lado, ve con poca expectativa y, en ciertos casos, con cautela la suerte del segundo mandatario, contra quien quieren insistir en un llamado a juicio pol\u00edtico.<\/p>\n<p>Ese es un tema de Alianza PAIS\u009d, coment\u00f3 el asamble\u00edsta de CREO Patricio Donoso, sobre la reuni\u00f3n del bloque oficialista.\u00a0<b>Su movimiento espera que Glas renuncie o reiniciamos la petici\u00f3n de juicio pol\u00edtico por las serias responsabilidades\u00a0<\/b>que de orden pol\u00edtico tiene, porque la corrupci\u00f3n no se la ha detectado ni en el colegio Aguirre Abad ni en un diario, sino en las \u00e1reas estrat\u00e9gicas (del Estado) que manej\u00f3\u009d, manifest\u00f3.<\/p>\n<p>Igual que Vilma Andrade, asamble\u00edsta por la ID, Donoso mostr\u00f3 su deseo de que el fiscal general reformule los cargos en contra de Glas, como un mecanismo justo para conocer a fondo los delitos de corrupci\u00f3n que se est\u00e1n ventilando.<\/p>\n<p>Andrade, quien no cree que Glas renuncie aunque su bloque se lo exija, reconoci\u00f3 que el caso est\u00e1 en manos del fiscal. Creo que el Ecuador est\u00e1 esperando una reformulaci\u00f3n de cargos para que no se venga luego a sentenciarle con un delito menor y despu\u00e9s salga a hacerse la v\u00edctima\u009d.<\/p>\n<p>Por parte de la bancada PSC-Madera de Guerrero, el legislador Vicente Taiano calific\u00f3 de contradictorio que quienes se opusieron y bloquearon un juicio pol\u00edtico, hoy sean quienes requieran la renuncia del vicepresidente\u009d.<\/p>\n<p>Para Taiano, lo procedente es que la justicia haga bien su trabajo y que, a su vez, el control pol\u00edtico pueda reactivar un verdadero juicio pol\u00edtico.<\/p>\n<p>Sociedad Patri\u00f3tica, a trav\u00e9s de su presidente Gilmar Guti\u00e9rrez, tambi\u00e9n expres\u00f3 su deseo de que Glas responda por los delitos que se le imputan y que sigan las investigaciones. No es solo Glas y Odebrecht, hay corrupci\u00f3n en todas las acciones que dirigi\u00f3 y administr\u00f3 Rafael Correa como presidente de la Rep\u00fablica\u009d.<\/p>\n<p>Con un pronunciamiento en las redes sociales en la tarde, el vicepresidente Glas parece presentir la decisi\u00f3n que tomar\u00e1 el bloque hoy. Dijo que renunciar ser\u00eda como aceptar mi culpabilidad cuando soy inocente\u009d.<\/p>\n<p>Calific\u00f3 como una m\u00e1s de las traiciones\u009d la posibilidad de que alg\u00fan compa\u00f1ero de su bancada le pida que d\u00e9 un paso al costado. Cree que esto deja en claro qui\u00e9n est\u00e1 atr\u00e1s de hacerse de su cargo de vicepresidente, del que no tiene funciones desde agosto pasado.<\/p>\n<p>En su defensa tambi\u00e9n sali\u00f3 el expresidente Rafael Correa, que compar\u00f3 la situaci\u00f3n con algunos pasajes b\u00edblicos. <b>Es en los momentos dif\u00edciles que sabemos qui\u00e9nes act\u00faan por principios y valores<\/b>, o tan solo por conveniencia e intereses\u009d, escribi\u00f3 desde B\u00e9lgica, a trav\u00e9s de Twitter.<\/p>\n<p>Y agreg\u00f3: Sacrificar a un hombre honesto para proteger el \u0098proceso pol\u00edtico\u0099, \u00bfacaso no es la \u0098\u00e9tica\u0099 de Poncio Pilatos? \u00a1Eso no puede ser AP!\u009d.<\/p>\n<p><b>VOCES<\/b><\/p>\n<p><b><\/b><b>Gilmar Guti\u00e9rrez, de Sociedad Patri\u00f3tica<\/b><\/p>\n<p><b><\/b>Ojal\u00e1 esta semana se d\u00e9 la ca\u00edda de Glas, porque todos los ecuatorianos tenemos la esperanza de que se aclare la exagerada corrupci\u00f3n de estos \u00faltimos diez a\u00f1os.<\/p>\n<p><b>Vilma Andrade, asamble\u00edsta de la ID<\/b><\/p>\n<p><b><\/b>Lo que estamos viviendo ahora es el resultado de un sistema fallido y l\u00f3gicamente quien encarna ese sistema es el Consejo de Participaci\u00f3n Ciudadana, ese reducto corre\u00edsta. (I)<\/p>\n<p>&nbsp;<\/p>\n<p>&nbsp;<\/p>\n<p><strong>Fuente: <\/strong><a href=\"http:\/\/www.expreso.ec\/actualidad\/jorgeglas-alianzapais-politica-joseserrano-GL1739392\" target=\"_blank\" rel=\"noopener noreferrer\" data-saferedirecturl=\"https:\/\/www.google.com\/url?hl=es&amp;q=http:\/\/www.expreso.ec\/actualidad\/jorgeglas-alianzapais-politica-joseserrano-GL1739392&amp;source=gmail&amp;ust=1507037116653000&amp;usg=AFQjCNEbscwvKUvU8hur_T3_6m5kZL-djw\">http:\/\/www.expreso.ec\/actualidad\/jorgeglas-alianzapais-politica-joseserrano-GL1739392<\/a><\/p>\n","protected":false},"excerpt":{"rendered":"<p>&nbsp; Un d\u00eda crucial para el vicepresidente Jorge Glas y, en general, para el pa\u00eds. No solo se revisar\u00e1n hoy las medidas cautelares dictadas contra \u00e9l y su t\u00edo, dentro del\u00a0caso de corrupci\u00f3n de\u00a0Odebrecht, al que est\u00e1 vinculado por supuesta asociaci\u00f3n il\u00edcita en la entrega de sobornos, sino que adem\u00e1s el bloque legislativo de Alianza PAIS se reunir\u00e1 a las 09:30 para definir su postura: respaldarlo o pedirle que deje el cargo. A la cita acudir\u00e1n morenistas, corre\u00edstas, glasistas y aliancistas que hab\u00edan previsto reunirse ayer a las 19:00, pero el encuentro fue cancelado a \u00faltima hora por quien lo convoc\u00f3: el presidente de la Asamblea, Jos\u00e9 Serrano. \u00c3\u0089l dijo que Glas debe dar un paso al costado. La oposici\u00f3n, de su lado, ve con poca expectativa y, en ciertos casos, con cautela la suerte del segundo mandatario, contra quien quieren insistir en un llamado a juicio pol\u00edtico. Ese es un tema de Alianza PAIS\u009d, coment\u00f3 el asamble\u00edsta de CREO Patricio Donoso, sobre la reuni\u00f3n del bloque oficialista.\u00a0Su movimiento espera que Glas renuncie o reiniciamos la petici\u00f3n de juicio pol\u00edtico por las serias responsabilidades\u00a0que de orden pol\u00edtico tiene, porque la corrupci\u00f3n no se la ha detectado ni en el colegio Aguirre Abad ni en un diario, sino en las \u00e1reas estrat\u00e9gicas (del Estado) que manej\u00f3\u009d, manifest\u00f3. Igual que Vilma Andrade, asamble\u00edsta por la ID, Donoso mostr\u00f3 su deseo de que el fiscal general reformule los cargos en contra de Glas, como un mecanismo justo para conocer a fondo los delitos de corrupci\u00f3n que se est\u00e1n ventilando. Andrade, quien no cree que Glas renuncie aunque su bloque se lo exija, reconoci\u00f3 que el caso est\u00e1 en manos del fiscal. Creo que el Ecuador est\u00e1 esperando una reformulaci\u00f3n de cargos para que no se venga luego a sentenciarle con un delito menor y despu\u00e9s salga a hacerse la v\u00edctima\u009d. Por parte de la bancada PSC-Madera de Guerrero, el legislador Vicente Taiano calific\u00f3 de contradictorio que quienes se opusieron y bloquearon un juicio pol\u00edtico, hoy sean quienes requieran la renuncia del vicepresidente\u009d. Para Taiano, lo procedente es que la justicia haga bien su trabajo y que, a su vez, el control pol\u00edtico pueda reactivar un verdadero juicio pol\u00edtico. Sociedad Patri\u00f3tica, a trav\u00e9s de su presidente Gilmar Guti\u00e9rrez, tambi\u00e9n expres\u00f3 su deseo de que Glas responda por los delitos que se le imputan y que sigan las investigaciones. No es solo Glas y Odebrecht, hay corrupci\u00f3n en todas las acciones que dirigi\u00f3 y administr\u00f3 Rafael Correa como presidente de la Rep\u00fablica\u009d. Con un pronunciamiento en las redes sociales en la tarde, el vicepresidente Glas parece presentir la decisi\u00f3n que tomar\u00e1 el bloque hoy. Dijo que renunciar ser\u00eda como aceptar mi culpabilidad cuando soy inocente\u009d. Calific\u00f3 como una m\u00e1s de las traiciones\u009d la posibilidad de que alg\u00fan compa\u00f1ero de su bancada le pida que d\u00e9 un paso al costado. Cree que esto deja en claro qui\u00e9n est\u00e1 atr\u00e1s de hacerse de su cargo de vicepresidente, del que no tiene funciones desde agosto pasado. En su defensa tambi\u00e9n sali\u00f3 el expresidente Rafael Correa, que compar\u00f3 la situaci\u00f3n con algunos pasajes b\u00edblicos. Es en los momentos dif\u00edciles que sabemos qui\u00e9nes act\u00faan por principios y valores, o tan solo por conveniencia e intereses\u009d, escribi\u00f3 desde B\u00e9lgica, a trav\u00e9s de Twitter. Y agreg\u00f3: Sacrificar a un hombre honesto para proteger el \u0098proceso pol\u00edtico\u0099, \u00bfacaso no es la \u0098\u00e9tica\u0099 de Poncio Pilatos? \u00a1Eso no puede ser AP!\u009d. VOCES Gilmar Guti\u00e9rrez, de Sociedad Patri\u00f3tica Ojal\u00e1 esta semana se d\u00e9 la ca\u00edda de Glas, porque todos los ecuatorianos tenemos la esperanza de que se aclare la exagerada corrupci\u00f3n de estos \u00faltimos diez a\u00f1os. Vilma Andrade, asamble\u00edsta de la ID Lo que estamos viviendo ahora es el resultado de un sistema fallido y l\u00f3gicamente quien encarna ese sistema es el Consejo de Participaci\u00f3n Ciudadana, ese reducto corre\u00edsta. (I) &nbsp; &nbsp; Fuente: http:\/\/www.expreso.ec\/actualidad\/jorgeglas-alianzapais-politica-joseserrano-GL1739392<\/p>\n","protected":false},"author":1,"featured_media":245893,"comment_status":"open","ping_status":"open","sticky":false,"template":"","format":"standard","meta":[],"categories":[54,32,40,35],"tags":[],"_links":{"self":[{"href":"https:\/\/www.ecuadortimes.net\/es\/wp-json\/wp\/v2\/posts\/245892"}],"collection":[{"href":"https:\/\/www.ecuadortimes.net\/es\/wp-json\/wp\/v2\/posts"}],"about":[{"href":"https:\/\/www.ecuadortimes.net\/es\/wp-json\/wp\/v2\/types\/post"}],"author":[{"embeddable":true,"href":"https:\/\/www.ecuadortimes.net\/es\/wp-json\/wp\/v2\/users\/1"}],"replies":[{"embeddable":true,"href":"https:\/\/www.ecuadortimes.net\/es\/wp-json\/wp\/v2\/comments?post=245892"}],"version-history":[{"count":0,"href":"https:\/\/www.ecuadortimes.net\/es\/wp-json\/wp\/v2\/posts\/245892\/revisions"}],"wp:featuredmedia":[{"embeddable":true,"href":"https:\/\/www.ecuadortimes.net\/es\/wp-json\/wp\/v2\/media\/245893"}],"wp:attachment":[{"href":"https:\/\/www.ecuadortimes.net\/es\/wp-json\/wp\/v2\/media?parent=245892"}],"wp:term":[{"taxonomy":"category","embeddable":true,"href":"https:\/\/www.ecuadortimes.net\/es\/wp-json\/wp\/v2\/categories?post=245892"},{"taxonomy":"post_tag","embeddable":true,"href":"https:\/\/www.ecuadortimes.net\/es\/wp-json\/wp\/v2\/tags?post=245892"}],"curies":[{"name":"wp","href":"https:\/\/api.w.org\/{rel}","templated":true}]}}