{"id":245894,"date":"2017-10-02T00:00:00","date_gmt":"2017-10-02T00:00:00","guid":{"rendered":"https:\/\/www.ecuadortimes.net\/es\/el-optimismo-olvida-al-empleo\/"},"modified":"2017-10-02T00:00:00","modified_gmt":"2017-10-02T00:00:00","slug":"el-optimismo-olvida-al-empleo","status":"publish","type":"post","link":"https:\/\/www.ecuadortimes.net\/es\/el-optimismo-olvida-al-empleo\/","title":{"rendered":"El optimismo olvida al empleo"},"content":{"rendered":"<p><img loading=\"lazy\" class=\"size-full wp-image-190204 aligncenter\" src=\"https:\/\/www.ecuadortimes.net\/es\/wp-content\/uploads\/2017\/10\/ECUADORTIMES_ECUADORNEWS_OPTIMISMO_OLVIDA_AL_EMPLEO.jpg\" alt=\"\" width=\"762\" height=\"428\" \/><\/p>\n<p>&nbsp;<\/p>\n<p>M\u00e1s de 50 millones de j\u00f3venes participan en un mercado laboral marcado por el desempleo,<b>\u00a0la informalidad y la falta de oportunidades<\/b>. El tema se debati\u00f3 en el marco de los preparativos para la Conferencia Mundial sobre la Erradicaci\u00f3n Sostenida del Trabajo Infantil, que se realizar\u00e1 en noviembre en Argentina.<\/p>\n<p>Esos j\u00f3venes trabajadores representan poco m\u00e1s de la mitad de los 108 millones de j\u00f3venes de la regi\u00f3n, destac\u00f3 el especialista en empleo juvenil de la <strong>Organizaci\u00f3n Internacional de Trabajo (OIT)<\/strong> para Am\u00e9rica Latina y el Caribe, Guillermo Dema, al presentar un resumen de cu\u00e1les son las dimensiones de este desaf\u00edo en el seminario \u0098<b>\u00bfQu\u00e9 funciona en las pol\u00edticas para el empleo juvenil?<\/b>\u0099.<\/p>\n<p>Entre los j\u00f3venes que forman parte de la fuerza laboral hay 7,8 millones que est\u00e1n desempleados y 48,3 millones que s\u00ed tienen un trabajo, aunque de este total son 27 millones los que est\u00e1n empleados en condiciones de informalidad, mientras que 30,4 millones no tienen ning\u00fan tipo de seguridad social.<\/p>\n<p><b>Los j\u00f3venes enfrentan mayores obst\u00e1culos que los adultos en el mercado laboral<\/b>\u009d, dijo Dema al recordar que en porcentajes la tasa de desempleo juvenil casi triplica a la de los adultos. Adem\u00e1s, los 7,6 millones de j\u00f3venes que buscan empleo sin conseguirlo representan el 43 % del total de los desempleados de la regi\u00f3n.<\/p>\n<p>Por otra parte, el especialista de la OIT destac\u00f3 que hay 37,2 millones de j\u00f3venes que solo estudian y 13,3 millones que estudian y trabajan. Pero al mismo tiempo hay cerca de 21 millones de j\u00f3venes que no estudian ni laboran (incluyendo a los desempleados que no estudian).<\/p>\n<p>El tema tambi\u00e9n es una preocupaci\u00f3n del Gobierno de Ecuador. Para asegurar un empleo a los j\u00f3venes, hasta junio de este a\u00f1o el Ministerio de Trabajo ha realizado 466 talleres de sensibilizaci\u00f3n y 847 asesor\u00edas legales que forman parte del dise\u00f1o, articulaci\u00f3n y construcci\u00f3n de la normativa ejecutada por la Direcci\u00f3n de Atenci\u00f3n a Grupos Prioritarios en beneficio de los j\u00f3venes. Otra herramienta es \u0098Mi Primer Empleo\u0099. En el periodo enero-junio 2017 m\u00e1s de 649 estudiantes y egresados de instituciones de educaci\u00f3n superior han sido integrados, mediante pasant\u00edas pagadas, a instituciones p\u00fablicas a escala nacional. El objetivo es que los j\u00f3venes adquieran su primera experiencia laboral, que les permita acceder a un empleo digno. Tambi\u00e9n existe la Red Socio Empleo, plataforma digital para encontrar las mejores opciones laborales e identificar personal altamente calificado para las empresas. Hasta junio de 2017 aproximadamente 7.554 j\u00f3venes prestan sus servicios en el sector laboral por este medio.<\/p>\n<p>Sin embargo, se requiere de una pol\u00edtica que realmente asegure trabajo a los j\u00f3venes. El desempleo juvenil pas\u00f3 de 149.384 a 166.763 personas entre 2015 y 2016.<\/p>\n<p>Adem\u00e1s, las cifras de subempleo y otros tipos de trabajo informal pasaron de 701.608 j\u00f3venes en 2015 a 827.670 en 2016. En total, la precariedad laboral juvenil creci\u00f3, pasando de 850.992 a 994.433 personas en un a\u00f1o en Ecuador. El n\u00famero de j\u00f3venes con un empleo pleno, en cambio, baj\u00f3 de 418.252 a 339.848 en el mismo periodo. (I)<\/p>\n<p>&nbsp;<\/p>\n<p>&nbsp;<\/p>\n<p><strong>Fuente: <\/strong><a href=\"http:\/\/www.expreso.ec\/economia\/trabajo-empleo-jovenes-subempleo-YL1739551\" target=\"_blank\" rel=\"noopener noreferrer\" data-saferedirecturl=\"https:\/\/www.google.com\/url?hl=es&amp;q=http:\/\/www.expreso.ec\/economia\/trabajo-empleo-jovenes-subempleo-YL1739551&amp;source=gmail&amp;ust=1507037116653000&amp;usg=AFQjCNEwBDNWYQ8EdqaAueAkMEg9DyrRMg\">http:\/\/www.expreso.ec\/economia\/trabajo-empleo-jovenes-subempleo-YL1739551<\/a><\/p>\n","protected":false},"excerpt":{"rendered":"<p>&nbsp; M\u00e1s de 50 millones de j\u00f3venes participan en un mercado laboral marcado por el desempleo,\u00a0la informalidad y la falta de oportunidades. El tema se debati\u00f3 en el marco de los preparativos para la Conferencia Mundial sobre la Erradicaci\u00f3n Sostenida del Trabajo Infantil, que se realizar\u00e1 en noviembre en Argentina. Esos j\u00f3venes trabajadores representan poco m\u00e1s de la mitad de los 108 millones de j\u00f3venes de la regi\u00f3n, destac\u00f3 el especialista en empleo juvenil de la Organizaci\u00f3n Internacional de Trabajo (OIT) para Am\u00e9rica Latina y el Caribe, Guillermo Dema, al presentar un resumen de cu\u00e1les son las dimensiones de este desaf\u00edo en el seminario \u0098\u00bfQu\u00e9 funciona en las pol\u00edticas para el empleo juvenil?\u0099. Entre los j\u00f3venes que forman parte de la fuerza laboral hay 7,8 millones que est\u00e1n desempleados y 48,3 millones que s\u00ed tienen un trabajo, aunque de este total son 27 millones los que est\u00e1n empleados en condiciones de informalidad, mientras que 30,4 millones no tienen ning\u00fan tipo de seguridad social. Los j\u00f3venes enfrentan mayores obst\u00e1culos que los adultos en el mercado laboral\u009d, dijo Dema al recordar que en porcentajes la tasa de desempleo juvenil casi triplica a la de los adultos. Adem\u00e1s, los 7,6 millones de j\u00f3venes que buscan empleo sin conseguirlo representan el 43 % del total de los desempleados de la regi\u00f3n. Por otra parte, el especialista de la OIT destac\u00f3 que hay 37,2 millones de j\u00f3venes que solo estudian y 13,3 millones que estudian y trabajan. Pero al mismo tiempo hay cerca de 21 millones de j\u00f3venes que no estudian ni laboran (incluyendo a los desempleados que no estudian). El tema tambi\u00e9n es una preocupaci\u00f3n del Gobierno de Ecuador. Para asegurar un empleo a los j\u00f3venes, hasta junio de este a\u00f1o el Ministerio de Trabajo ha realizado 466 talleres de sensibilizaci\u00f3n y 847 asesor\u00edas legales que forman parte del dise\u00f1o, articulaci\u00f3n y construcci\u00f3n de la normativa ejecutada por la Direcci\u00f3n de Atenci\u00f3n a Grupos Prioritarios en beneficio de los j\u00f3venes. Otra herramienta es \u0098Mi Primer Empleo\u0099. En el periodo enero-junio 2017 m\u00e1s de 649 estudiantes y egresados de instituciones de educaci\u00f3n superior han sido integrados, mediante pasant\u00edas pagadas, a instituciones p\u00fablicas a escala nacional. El objetivo es que los j\u00f3venes adquieran su primera experiencia laboral, que les permita acceder a un empleo digno. Tambi\u00e9n existe la Red Socio Empleo, plataforma digital para encontrar las mejores opciones laborales e identificar personal altamente calificado para las empresas. Hasta junio de 2017 aproximadamente 7.554 j\u00f3venes prestan sus servicios en el sector laboral por este medio. Sin embargo, se requiere de una pol\u00edtica que realmente asegure trabajo a los j\u00f3venes. El desempleo juvenil pas\u00f3 de 149.384 a 166.763 personas entre 2015 y 2016. Adem\u00e1s, las cifras de subempleo y otros tipos de trabajo informal pasaron de 701.608 j\u00f3venes en 2015 a 827.670 en 2016. En total, la precariedad laboral juvenil creci\u00f3, pasando de 850.992 a 994.433 personas en un a\u00f1o en Ecuador. El n\u00famero de j\u00f3venes con un empleo pleno, en cambio, baj\u00f3 de 418.252 a 339.848 en el mismo periodo. (I) &nbsp; &nbsp; Fuente: http:\/\/www.expreso.ec\/economia\/trabajo-empleo-jovenes-subempleo-YL1739551<\/p>\n","protected":false},"author":1,"featured_media":245895,"comment_status":"open","ping_status":"open","sticky":false,"template":"","format":"standard","meta":[],"categories":[54,32,51,43,35],"tags":[],"_links":{"self":[{"href":"https:\/\/www.ecuadortimes.net\/es\/wp-json\/wp\/v2\/posts\/245894"}],"collection":[{"href":"https:\/\/www.ecuadortimes.net\/es\/wp-json\/wp\/v2\/posts"}],"about":[{"href":"https:\/\/www.ecuadortimes.net\/es\/wp-json\/wp\/v2\/types\/post"}],"author":[{"embeddable":true,"href":"https:\/\/www.ecuadortimes.net\/es\/wp-json\/wp\/v2\/users\/1"}],"replies":[{"embeddable":true,"href":"https:\/\/www.ecuadortimes.net\/es\/wp-json\/wp\/v2\/comments?post=245894"}],"version-history":[{"count":0,"href":"https:\/\/www.ecuadortimes.net\/es\/wp-json\/wp\/v2\/posts\/245894\/revisions"}],"wp:featuredmedia":[{"embeddable":true,"href":"https:\/\/www.ecuadortimes.net\/es\/wp-json\/wp\/v2\/media\/245895"}],"wp:attachment":[{"href":"https:\/\/www.ecuadortimes.net\/es\/wp-json\/wp\/v2\/media?parent=245894"}],"wp:term":[{"taxonomy":"category","embeddable":true,"href":"https:\/\/www.ecuadortimes.net\/es\/wp-json\/wp\/v2\/categories?post=245894"},{"taxonomy":"post_tag","embeddable":true,"href":"https:\/\/www.ecuadortimes.net\/es\/wp-json\/wp\/v2\/tags?post=245894"}],"curies":[{"name":"wp","href":"https:\/\/api.w.org\/{rel}","templated":true}]}}