{"id":245896,"date":"2017-10-02T00:00:00","date_gmt":"2017-10-02T00:00:00","guid":{"rendered":"https:\/\/www.ecuadortimes.net\/es\/alemania-socio-comercial-clave-de-ecuador\/"},"modified":"2017-10-02T00:00:00","modified_gmt":"2017-10-02T00:00:00","slug":"alemania-socio-comercial-clave-de-ecuador","status":"publish","type":"post","link":"https:\/\/www.ecuadortimes.net\/es\/alemania-socio-comercial-clave-de-ecuador\/","title":{"rendered":"Alemania, socio comercial clave de Ecuador"},"content":{"rendered":"<p><img loading=\"lazy\" class=\"size-full wp-image-190196 aligncenter\" src=\"https:\/\/www.ecuadortimes.net\/es\/wp-content\/uploads\/2017\/10\/ECUADORTIMES_ECUADORNEWS_ALEMANIA_SOCIO_COMERCIAL_CLAVE_ECUADOR.jpeg\" alt=\"\" width=\"612\" height=\"340\" \/><\/p>\n<p>&nbsp;<\/p>\n<p>Uno de lo <strong>principales socios comerciales de Ecuador es Alemania<\/strong>. Este v\u00ednculo se ha reforzado a trav\u00e9s de comercio bilateral, capacitaci\u00f3n, ferias en las que participan empresas ecuatorianas y programas como el de formaci\u00f3n dual, que traen beneficios a estudiantes y compa\u00f1\u00edas.<\/p>\n<p>Esta potencia europea, que el pr\u00f3ximo martes 2 de octubre de 2017 celebra el D\u00eda de la Unidad, es destino para productos ecuatorianos como banano, caf\u00e9, cacao, entre otros. Adem\u00e1s, es un mercado que busca productos org\u00e1nicos y con certificaciones que garantizan valor agregado. \u008b All\u00ed, las posibilidades son grandes para el br\u00f3coli, panela org\u00e1nica, frutas tropicales, etc.<\/p>\n<p>Por su parte, Ecuador adquiere maquinaria, qu\u00edmicos, pl\u00e1sticos, veh\u00edculos y productos farma\u00adc\u00e9uticos alemanes. Wilfried Meinlschmidt, presidente de la <strong>C\u00e1mara de Comercio Ecuatoriano Alemana<\/strong>, asegur\u00f3 que su pa\u00eds es el campe\u00f3n en temas de maquinaria. Hacemos lo que se necesite y eso debe aprovechar la industria ecuatoriana\u009d, indic\u00f3.<\/p>\n<p>Daniel Legarda, presidente de la <strong>Federaci\u00f3n Ecuatoriana de Exportadores (Fedexpor)<\/strong>, explic\u00f3 que Alemania es uno de <strong>los tres principales socios de Ecuador en el bloque de la Uni\u00f3n Europea (UE), junto con Espa\u00f1a y Holanda.<\/strong> Es un mercado muy atractivo\u009d. Legarda describi\u00f3 a la potencia europea como un mercado que marca mucha tendencia en el consumo. Como ejemplo, menciona el tema de las certificaciones que exige ese pa\u00eds. Al revisar esos sellos de calidad -dijo Legarda- es f\u00e1cil darse cuenta que es un mercado con nichos espec\u00edficos, lo que abre oportunidades para que Ecuador explore con diferentes productos. Los alimentos ecuatorianos son lo que m\u00e1s destacan los alemanes.<\/p>\n<p>Banano, caf\u00e9 y cacao son los art\u00edculos que m\u00e1s demanda tienen en ese pa\u00eds ya que el 70% de las ventas no petroleras se concentra en estos . Jimmy Ter\u00e1n, propietario de Exporganic, firma que exporta banano desde el 2004 a pa\u00edses europeos, destac\u00f3 que el mercado alem\u00e1n tiene particularidades que exigen mayor calidad. Es un mercado en que se le da mucha m\u00e1s importancia al cuidado del medioambiente en los procesos de producci\u00f3n y de justicia laboral\u009d, mencion\u00f3.<\/p>\n<p>No se quedan atr\u00e1s en la demanda ni el chocolate ni los camarones con sello nacional. Una empresa que coloca sus productos en Alemania es la chocolatera Pacari. Su fundador, Santiago Peralta, indic\u00f3 que ingresar a ese mercado fue dif\u00edcil, por ser competitivo y porque el alem\u00e1n es austero.<\/p>\n<p>Los datos del Banco Central del Ecuador dejan ver que la balanza comercial total es favorable para el pa\u00eds. Pro Ecuador tiene una lista de 19 productos estrella, es decir que tienen oportunidades para el crecimiento y rentabilidad a largo plazo. Entre estos est\u00e1n los sombreros de fibras como la paja toquilla, las manufacturas de madera y las mermeladas ecuatorianas.<\/p>\n<p>Tambi\u00e9n dice que existen productos con potencial, pero con un dilema: son productos que ocupan una posici\u00f3n en el mercado que abarca una parte peque\u00f1a, pero compiten en una industria de gran crecimiento\u009d, dice el estudio. En esta categor\u00eda est\u00e1n productos agr\u00edcolas como la pi\u00f1a. <small><b><\/b><\/small><\/p>\n<p>&nbsp;<\/p>\n<p><strong>Colaboraci\u00f3n social \u008b<\/strong><\/p>\n<p>Alemania est\u00e1 entre los destinos principales para la formaci\u00f3n acad\u00e9mica de profesionales ecuatorianos en diferentes \u00e1mbitos, no solo a trav\u00e9s de becas sino tambi\u00e9n de programas empresariales, como el que aplica la transnacional Continental AG. \u008b<\/p>\n<p>Esta firma impulsa el programa que se denomina Trainee y que se aplica en todas las plantas de este grupo en el mundo. En el caso de las becas, el tr\u00e1mite se coordina a trav\u00e9s del Servicio Alem\u00e1n de Intercambio Acad\u00e9mico (DAAD). Seg\u00fan su representante en Ecuador, Anna Marcos Nickol, tienen becas para diferentes niveles y \u00e1reas del conocimiento.<\/p>\n<p>La mayor\u00eda es completa y se concede para realizar maestr\u00edas o doctorados. Los programas m\u00e1s importantes son para posgrados relacionados con ingenier\u00edas, administraci\u00f3n de empresas y negocios y ambiente. Todos est\u00e1n relacionados con el desarrollo y dirigidos a j\u00f3venes profesionales.<\/p>\n<p>Cuenta con dos a\u00f1os de experiencia en el \u00e1mbito laboral y en un \u00e1rea relacionada con la maestr\u00eda. Otros programas, dice Anna Marcos Nickol, son para pol\u00edtica p\u00fablica y buen gobierno y para hacer un doctorado completo. M\u00e1s informaci\u00f3n sobre este tema se encuentra en el semanario L\u00edderes que este lunes 2 de octubre presenta un amplio especial.<small> (I)<\/small><\/p>\n<p>&nbsp;<\/p>\n<p>&nbsp;<\/p>\n<p><strong>Fuente: <\/strong><a href=\"http:\/\/www.elcomercio.com\/actualidad\/alemania-ecuador-comercio-unioneuropea-exportaciones.html\" target=\"_blank\" rel=\"noopener noreferrer\" data-saferedirecturl=\"https:\/\/www.google.com\/url?hl=es&amp;q=http:\/\/www.elcomercio.com\/actualidad\/alemania-ecuador-comercio-unioneuropea-exportaciones.html&amp;source=gmail&amp;ust=1507037116653000&amp;usg=AFQjCNEy3EVIvSf0M2ZGmvrr9G_2rJZFlg\">http:\/\/www.elcomercio.com\/actualidad\/alemania-ecuador-comercio-unioneuropea-exportaciones.html<\/a><\/p>\n","protected":false},"excerpt":{"rendered":"<p>&nbsp; Uno de lo principales socios comerciales de Ecuador es Alemania. Este v\u00ednculo se ha reforzado a trav\u00e9s de comercio bilateral, capacitaci\u00f3n, ferias en las que participan empresas ecuatorianas y programas como el de formaci\u00f3n dual, que traen beneficios a estudiantes y compa\u00f1\u00edas. Esta potencia europea, que el pr\u00f3ximo martes 2 de octubre de 2017 celebra el D\u00eda de la Unidad, es destino para productos ecuatorianos como banano, caf\u00e9, cacao, entre otros. Adem\u00e1s, es un mercado que busca productos org\u00e1nicos y con certificaciones que garantizan valor agregado. \u008b All\u00ed, las posibilidades son grandes para el br\u00f3coli, panela org\u00e1nica, frutas tropicales, etc. Por su parte, Ecuador adquiere maquinaria, qu\u00edmicos, pl\u00e1sticos, veh\u00edculos y productos farma\u00adc\u00e9uticos alemanes. Wilfried Meinlschmidt, presidente de la C\u00e1mara de Comercio Ecuatoriano Alemana, asegur\u00f3 que su pa\u00eds es el campe\u00f3n en temas de maquinaria. Hacemos lo que se necesite y eso debe aprovechar la industria ecuatoriana\u009d, indic\u00f3. Daniel Legarda, presidente de la Federaci\u00f3n Ecuatoriana de Exportadores (Fedexpor), explic\u00f3 que Alemania es uno de los tres principales socios de Ecuador en el bloque de la Uni\u00f3n Europea (UE), junto con Espa\u00f1a y Holanda. Es un mercado muy atractivo\u009d. Legarda describi\u00f3 a la potencia europea como un mercado que marca mucha tendencia en el consumo. Como ejemplo, menciona el tema de las certificaciones que exige ese pa\u00eds. Al revisar esos sellos de calidad -dijo Legarda- es f\u00e1cil darse cuenta que es un mercado con nichos espec\u00edficos, lo que abre oportunidades para que Ecuador explore con diferentes productos. Los alimentos ecuatorianos son lo que m\u00e1s destacan los alemanes. Banano, caf\u00e9 y cacao son los art\u00edculos que m\u00e1s demanda tienen en ese pa\u00eds ya que el 70% de las ventas no petroleras se concentra en estos . Jimmy Ter\u00e1n, propietario de Exporganic, firma que exporta banano desde el 2004 a pa\u00edses europeos, destac\u00f3 que el mercado alem\u00e1n tiene particularidades que exigen mayor calidad. Es un mercado en que se le da mucha m\u00e1s importancia al cuidado del medioambiente en los procesos de producci\u00f3n y de justicia laboral\u009d, mencion\u00f3. No se quedan atr\u00e1s en la demanda ni el chocolate ni los camarones con sello nacional. Una empresa que coloca sus productos en Alemania es la chocolatera Pacari. Su fundador, Santiago Peralta, indic\u00f3 que ingresar a ese mercado fue dif\u00edcil, por ser competitivo y porque el alem\u00e1n es austero. Los datos del Banco Central del Ecuador dejan ver que la balanza comercial total es favorable para el pa\u00eds. Pro Ecuador tiene una lista de 19 productos estrella, es decir que tienen oportunidades para el crecimiento y rentabilidad a largo plazo. Entre estos est\u00e1n los sombreros de fibras como la paja toquilla, las manufacturas de madera y las mermeladas ecuatorianas. Tambi\u00e9n dice que existen productos con potencial, pero con un dilema: son productos que ocupan una posici\u00f3n en el mercado que abarca una parte peque\u00f1a, pero compiten en una industria de gran crecimiento\u009d, dice el estudio. En esta categor\u00eda est\u00e1n productos agr\u00edcolas como la pi\u00f1a. &nbsp; Colaboraci\u00f3n social \u008b Alemania est\u00e1 entre los destinos principales para la formaci\u00f3n acad\u00e9mica de profesionales ecuatorianos en diferentes \u00e1mbitos, no solo a trav\u00e9s de becas sino tambi\u00e9n de programas empresariales, como el que aplica la transnacional Continental AG. \u008b Esta firma impulsa el programa que se denomina Trainee y que se aplica en todas las plantas de este grupo en el mundo. En el caso de las becas, el tr\u00e1mite se coordina a trav\u00e9s del Servicio Alem\u00e1n de Intercambio Acad\u00e9mico (DAAD). Seg\u00fan su representante en Ecuador, Anna Marcos Nickol, tienen becas para diferentes niveles y \u00e1reas del conocimiento. La mayor\u00eda es completa y se concede para realizar maestr\u00edas o doctorados. Los programas m\u00e1s importantes son para posgrados relacionados con ingenier\u00edas, administraci\u00f3n de empresas y negocios y ambiente. Todos est\u00e1n relacionados con el desarrollo y dirigidos a j\u00f3venes profesionales. Cuenta con dos a\u00f1os de experiencia en el \u00e1mbito laboral y en un \u00e1rea relacionada con la maestr\u00eda. Otros programas, dice Anna Marcos Nickol, son para pol\u00edtica p\u00fablica y buen gobierno y para hacer un doctorado completo. M\u00e1s informaci\u00f3n sobre este tema se encuentra en el semanario L\u00edderes que este lunes 2 de octubre presenta un amplio especial. (I) &nbsp; &nbsp; Fuente: http:\/\/www.elcomercio.com\/actualidad\/alemania-ecuador-comercio-unioneuropea-exportaciones.html<\/p>\n","protected":false},"author":1,"featured_media":245897,"comment_status":"open","ping_status":"open","sticky":false,"template":"","format":"standard","meta":[],"categories":[54,32,31,33,51,43],"tags":[],"_links":{"self":[{"href":"https:\/\/www.ecuadortimes.net\/es\/wp-json\/wp\/v2\/posts\/245896"}],"collection":[{"href":"https:\/\/www.ecuadortimes.net\/es\/wp-json\/wp\/v2\/posts"}],"about":[{"href":"https:\/\/www.ecuadortimes.net\/es\/wp-json\/wp\/v2\/types\/post"}],"author":[{"embeddable":true,"href":"https:\/\/www.ecuadortimes.net\/es\/wp-json\/wp\/v2\/users\/1"}],"replies":[{"embeddable":true,"href":"https:\/\/www.ecuadortimes.net\/es\/wp-json\/wp\/v2\/comments?post=245896"}],"version-history":[{"count":0,"href":"https:\/\/www.ecuadortimes.net\/es\/wp-json\/wp\/v2\/posts\/245896\/revisions"}],"wp:featuredmedia":[{"embeddable":true,"href":"https:\/\/www.ecuadortimes.net\/es\/wp-json\/wp\/v2\/media\/245897"}],"wp:attachment":[{"href":"https:\/\/www.ecuadortimes.net\/es\/wp-json\/wp\/v2\/media?parent=245896"}],"wp:term":[{"taxonomy":"category","embeddable":true,"href":"https:\/\/www.ecuadortimes.net\/es\/wp-json\/wp\/v2\/categories?post=245896"},{"taxonomy":"post_tag","embeddable":true,"href":"https:\/\/www.ecuadortimes.net\/es\/wp-json\/wp\/v2\/tags?post=245896"}],"curies":[{"name":"wp","href":"https:\/\/api.w.org\/{rel}","templated":true}]}}