{"id":245900,"date":"2017-10-02T00:00:00","date_gmt":"2017-10-02T00:00:00","guid":{"rendered":"https:\/\/www.ecuadortimes.net\/es\/foro-y-encuentro-de-sector-bananero-en-guayaquil\/"},"modified":"2017-10-02T00:00:00","modified_gmt":"2017-10-02T00:00:00","slug":"foro-y-encuentro-de-sector-bananero-en-guayaquil","status":"publish","type":"post","link":"https:\/\/www.ecuadortimes.net\/es\/foro-y-encuentro-de-sector-bananero-en-guayaquil\/","title":{"rendered":"Foro y encuentro de sector bananero en Guayaquil"},"content":{"rendered":"<p><img loading=\"lazy\" class=\"size-full wp-image-190198 aligncenter\" src=\"https:\/\/www.ecuadortimes.net\/es\/wp-content\/uploads\/2017\/10\/ECUADORTIMES_ECUADORNEWS_FORO_INTERNACIONAL_BANANERO_GUAYAQUIL_2017_1.jpg\" alt=\"\" width=\"800\" height=\"500\" \/><\/p>\n<p>&nbsp;<\/p>\n<p>Una semana muy activa le espera al <strong>sector bananero en Guayaquil<\/strong>, donde a partir de hoy se desarrollan dos eventos con la participaci\u00f3n de esta actividad, que representa el primer producto de exportaci\u00f3n no petrolera del pa\u00eds.<\/p>\n<p>La jornada empieza a las 09:00, en la Casa de la Cultura, N\u00facleo del Guayas, donde se realizar\u00e1 el <strong>Primer Encuentro Internacional de Trabajadores Bananeros<\/strong>, con la participaci\u00f3n de delegaciones procedentes de la <strong>Uni\u00f3n Europea (UE)<\/strong>.<\/p>\n<p>El encuentro tiene como objetivo crear un espacio para abordar temas como derechos laborales y salud de los trabajadores bananeros y sus familias, as\u00ed como derechos de la naturaleza. Es organizado por <strong>la Asociaci\u00f3n de Trabajadores Agr\u00edcolas y Campesinos (Astac)<\/strong>, en conjunto con agrupaciones internacionales como Oxfam-Alemania; Fundaci\u00f3n Rosa Luxemburgo-Alemania; S\u00fcdwind-Austria; Pueblos Solidarios-Francia, Mai Bine-Rumania; M\u00e9dicos Austriacos por un Ambiente Sano AGU y tambi\u00e9n la Federaci\u00f3n Austriaca de Trabajadores.<\/p>\n<p>Tienen previsto asistir el defensor del Pueblo, Ramiro Rivadeneira; el ministro de Comercio Exterior, Pablo Campana; y la embajadora de la UE, Marianne van Steen.<\/p>\n<p>En la noche, a partir de las 19:00, se dar\u00e1 inicio al XIV Foro Internacional de Banano 2017, en <strong>el hotel Hilton Col\u00f3n, en el norte de la ciudad.<\/strong><\/p>\n<p>Eduardo Ledesma, director ejecutivo de la Asociaci\u00f3n de Exportadores de Banano del Ecuador, organizadora del evento, se\u00f1al\u00f3 que habr\u00e1 m\u00e1s de ochenta estands donde se mostrar\u00e1n los productos de la cadena productiva de la fruta.<\/p>\n<p>Adem\u00e1s, el Foro por primera vez incluir\u00e1 una rueda de negocios, coordinada por Pro Ecuador que arrancar\u00e1 ma\u00f1ana, Se proyecta contar con cincuenta exportadores provenientes de diferentes pa\u00edses. (I)<\/p>\n<p>&nbsp;<\/p>\n<p>&nbsp;<\/p>\n<p><strong>Fuente: <\/strong><a href=\"http:\/\/www.eluniverso.com\/noticias\/2017\/10\/02\/nota\/6411127\/foro-encuentro-sector-bananero\" target=\"_blank\" rel=\"noopener noreferrer\" data-saferedirecturl=\"https:\/\/www.google.com\/url?hl=es&amp;q=http:\/\/www.eluniverso.com\/noticias\/2017\/10\/02\/nota\/6411127\/foro-encuentro-sector-bananero&amp;source=gmail&amp;ust=1507037116653000&amp;usg=AFQjCNEAG5Hq5SOj57580RQb-E4Xoq5vQw\">http:\/\/www.eluniverso.com\/noticias\/2017\/10\/02\/nota\/6411127\/foro-encuentro-sector-bananero<\/a><\/p>\n","protected":false},"excerpt":{"rendered":"<p>&nbsp; Una semana muy activa le espera al sector bananero en Guayaquil, donde a partir de hoy se desarrollan dos eventos con la participaci\u00f3n de esta actividad, que representa el primer producto de exportaci\u00f3n no petrolera del pa\u00eds. La jornada empieza a las 09:00, en la Casa de la Cultura, N\u00facleo del Guayas, donde se realizar\u00e1 el Primer Encuentro Internacional de Trabajadores Bananeros, con la participaci\u00f3n de delegaciones procedentes de la Uni\u00f3n Europea (UE). El encuentro tiene como objetivo crear un espacio para abordar temas como derechos laborales y salud de los trabajadores bananeros y sus familias, as\u00ed como derechos de la naturaleza. Es organizado por la Asociaci\u00f3n de Trabajadores Agr\u00edcolas y Campesinos (Astac), en conjunto con agrupaciones internacionales como Oxfam-Alemania; Fundaci\u00f3n Rosa Luxemburgo-Alemania; S\u00fcdwind-Austria; Pueblos Solidarios-Francia, Mai Bine-Rumania; M\u00e9dicos Austriacos por un Ambiente Sano AGU y tambi\u00e9n la Federaci\u00f3n Austriaca de Trabajadores. Tienen previsto asistir el defensor del Pueblo, Ramiro Rivadeneira; el ministro de Comercio Exterior, Pablo Campana; y la embajadora de la UE, Marianne van Steen. En la noche, a partir de las 19:00, se dar\u00e1 inicio al XIV Foro Internacional de Banano 2017, en el hotel Hilton Col\u00f3n, en el norte de la ciudad. Eduardo Ledesma, director ejecutivo de la Asociaci\u00f3n de Exportadores de Banano del Ecuador, organizadora del evento, se\u00f1al\u00f3 que habr\u00e1 m\u00e1s de ochenta estands donde se mostrar\u00e1n los productos de la cadena productiva de la fruta. Adem\u00e1s, el Foro por primera vez incluir\u00e1 una rueda de negocios, coordinada por Pro Ecuador que arrancar\u00e1 ma\u00f1ana, Se proyecta contar con cincuenta exportadores provenientes de diferentes pa\u00edses. (I) &nbsp; &nbsp; Fuente: http:\/\/www.eluniverso.com\/noticias\/2017\/10\/02\/nota\/6411127\/foro-encuentro-sector-bananero<\/p>\n","protected":false},"author":1,"featured_media":245901,"comment_status":"open","ping_status":"open","sticky":false,"template":"","format":"standard","meta":[],"categories":[54,32,31,33,43,35],"tags":[],"_links":{"self":[{"href":"https:\/\/www.ecuadortimes.net\/es\/wp-json\/wp\/v2\/posts\/245900"}],"collection":[{"href":"https:\/\/www.ecuadortimes.net\/es\/wp-json\/wp\/v2\/posts"}],"about":[{"href":"https:\/\/www.ecuadortimes.net\/es\/wp-json\/wp\/v2\/types\/post"}],"author":[{"embeddable":true,"href":"https:\/\/www.ecuadortimes.net\/es\/wp-json\/wp\/v2\/users\/1"}],"replies":[{"embeddable":true,"href":"https:\/\/www.ecuadortimes.net\/es\/wp-json\/wp\/v2\/comments?post=245900"}],"version-history":[{"count":0,"href":"https:\/\/www.ecuadortimes.net\/es\/wp-json\/wp\/v2\/posts\/245900\/revisions"}],"wp:featuredmedia":[{"embeddable":true,"href":"https:\/\/www.ecuadortimes.net\/es\/wp-json\/wp\/v2\/media\/245901"}],"wp:attachment":[{"href":"https:\/\/www.ecuadortimes.net\/es\/wp-json\/wp\/v2\/media?parent=245900"}],"wp:term":[{"taxonomy":"category","embeddable":true,"href":"https:\/\/www.ecuadortimes.net\/es\/wp-json\/wp\/v2\/categories?post=245900"},{"taxonomy":"post_tag","embeddable":true,"href":"https:\/\/www.ecuadortimes.net\/es\/wp-json\/wp\/v2\/tags?post=245900"}],"curies":[{"name":"wp","href":"https:\/\/api.w.org\/{rel}","templated":true}]}}