{"id":245904,"date":"2017-10-02T00:00:00","date_gmt":"2017-10-02T00:00:00","guid":{"rendered":"https:\/\/www.ecuadortimes.net\/es\/transporte-y-tributos-frenan-el-crecimiento-vertical-en-quito\/"},"modified":"2017-10-02T00:00:00","modified_gmt":"2017-10-02T00:00:00","slug":"transporte-y-tributos-frenan-el-crecimiento-vertical-en-quito","status":"publish","type":"post","link":"https:\/\/www.ecuadortimes.net\/es\/transporte-y-tributos-frenan-el-crecimiento-vertical-en-quito\/","title":{"rendered":"Transporte y tributos frenan el crecimiento vertical en Quito"},"content":{"rendered":"<p><img loading=\"lazy\" class=\"size-full wp-image-190207 aligncenter\" src=\"https:\/\/www.ecuadortimes.net\/es\/wp-content\/uploads\/2017\/10\/ECUADORTIMES_ECUADORNEWS_TRANSPORTE_Y_TRIBUTO_FRENAN_CRECIMIENTO_VERTICAL_QUITO.jpeg\" alt=\"\" width=\"612\" height=\"340\" \/><\/p>\n<p>&nbsp;<\/p>\n<p>Uno de los objetivos de desarrollo de <strong>Quito<\/strong> es convertirse en una ciudad m\u00e1s compacta. Tras el cierre del antiguo aeropuerto, se emiti\u00f3 una serie de ordenanzas que propende a un crecimiento vertical de la ciudad. Aunque hay dos proyectos de edificios de 30 pisos en tr\u00e1mite, a\u00fan no se evidencia un cambio radical en el Distrito, seg\u00fan <strong>el Colegio de Arquitectos de Pichincha y los constructores.<\/strong><\/p>\n<p>En la av. Gonz\u00e1lez Su\u00e1rez resalta el edificio en construcci\u00f3n Yoo Quito, que tiene 23 pisos, uno m\u00e1s que la torre CFN, que hasta ahora es el m\u00e1s alto de Quito. Pero <strong>Jaime Rumbea, de la Asociaci\u00f3n de Promotores Inmobiliarios<\/strong>, aclara que la mayor\u00eda de estas edificaciones se empez\u00f3 a levantar antes de que existiera <strong>la Ley de Plusval\u00eda o la Ordenanza Municipal<\/strong> para proyectos arquitect\u00f3nicos urban\u00edsticos especiales. Seg\u00fan su criterio, las dos normas generan impuestos y retribuciones y esto desincentiva la inversi\u00f3n inmobiliaria.<\/p>\n<p>En general, hay proyectos aislados, pero los de envergadura se pararon. Rumbea explica que por a\u00f1o y medio no se proces\u00f3 ning\u00fan proyecto especial, porque estaba en espera el segundo debate de la ordenanza que fue aprobada el 1 de septiembre del 2017. Y en cuanto a proyectos regulares, en el 2016 se registr\u00f3 una ca\u00edda del 30% respecto del 2015. La densificaci\u00f3n de ciudades es una recomendaci\u00f3n del H\u00e1bitat III, que se realiz\u00f3 en Quito.<\/p>\n<p>El concepto se orienta a evitar usos poco eficientes del suelo, que deriven en especulaci\u00f3n. La tierra se puede multiplicar por los pisos que se construyan\u009d, dice Rumbea. Jos\u00e9 Luis Barros, director Metropolitano de Desarrollo Urban\u00edstico, se\u00f1ala que en general en Quito hay zonas en donde se puede pagar para aumentar entre el 50 y el 100% de pisos adicionales. Lo anterior significa que si originalmente se pod\u00edan construir cuatro pisos, tras comprar lo que se conoce como edificabilidad, se podr\u00e1 llegar hasta seis u ocho. Barros se\u00f1ala que para determinar el aumento se consideran factores como la cercan\u00eda a medios de transporte y el uso eficiente de recursos como agua y energ\u00eda.<\/p>\n<p>Entre los sectores opcionados est\u00e1n los de las avenida Naciones Unidas o 6 de Diciembre, que tienen conexi\u00f3n con la Ecov\u00eda o el Trole. A futuro, tambi\u00e9n estar\u00e1n en el \u00e1rea de influencia del Metro. Pero el plan de que Quito crezca hacia arriba est\u00e1 a\u00fan en papeles, seg\u00fan Pablo Moreira, presidente del Colegio de Arquitectos, entidad que certifica la mayor parte de proyectos, por encargo del Municipio. Adem\u00e1s de los impuestos y la crisis econ\u00f3mica, Moreira considera que hace falta un plan integral que permita aplicar la norma de forma eficiente.<\/p>\n<p>En ese punto, la movilidad es un tema crucial, porque se debe propender a una compatibilidad de sistemas urbanos. Hay una norma de ecoeficiencia que permite 100% de edificabilidad adicional, pero obliga a bajar la cantidad de estacionamientos de un edificio, seg\u00fan Moreira. Esa normativa no puede funcionar al 100% mientras no llegue el Metro y su integraci\u00f3n con el resto de servicios de transporte\u009d.<\/p>\n<p>Una familia que tenga actualmente dos o tres carros, si hubiese un buen sistema de transporte, podr\u00eda quedarse con un solo veh\u00edculo, para viajes largos, lo que implicar\u00eda un cambio cultural. Para que esto pase, el Municipio debe tener claro cu\u00e1l es el modelo de movilidad y construir la idea de una ciudad menos contaminada, con un buen sistema colectivo, dice Moreira. Adem\u00e1s de la regulaci\u00f3n general, existe una Ordenanza especial del Plan Bicentenario, que est\u00e1 en proceso de reforma.<\/p>\n<p>Cristina Paredes, quien est\u00e1 a cargo de estos ajustes, explica que se trata de cambios en los usos de suelo y edificabilidad. Seg\u00fan el sector, se podr\u00edan construir edificios de hasta 16, 20, 25 y 30 pisos. Para lograrlo, deben cumplirse varios requisitos.<\/p>\n<p>Paredes detalla que en el \u00e1rea de la estaci\u00f3n intermodal y del centro de convenciones, <strong>(Amazonas y De la Prensa)<\/strong>, se podr\u00edan construir, en cuatro manzanas, edificios de hasta 30 pisos. Pero se debe considerar que en la zona hay lotes de entre 200 a 2 000 metros y el crecimiento solo podr\u00e1 aplicarse a terrenos amplios, que soporten edificios altos. Adem\u00e1s, Paredes se\u00f1ala que los predios est\u00e1n en manos p\u00fablicas y privadas. En el primer caso, ya existe un plan para levantar un edificio de 16 pisos, a cargo del Issfa. (I)<\/p>\n<p>&nbsp;<\/p>\n<p>&nbsp;<\/p>\n<p><strong>Fuente: <\/strong><a href=\"http:\/\/www.elcomercio.com\/actualidad\/transporte-tributos-crecimiento-construcciones-quito.html\" target=\"_blank\" rel=\"noopener noreferrer\" data-saferedirecturl=\"https:\/\/www.google.com\/url?hl=es&amp;q=http:\/\/www.elcomercio.com\/actualidad\/transporte-tributos-crecimiento-construcciones-quito.html&amp;source=gmail&amp;ust=1507037116653000&amp;usg=AFQjCNFk2KsvA5wtAuIC9vU2FWEK1tv5Kw\">http:\/\/www.elcomercio.com\/actualidad\/transporte-tributos-crecimiento-construcciones-quito.html<\/a><\/p>\n","protected":false},"excerpt":{"rendered":"<p>&nbsp; Uno de los objetivos de desarrollo de Quito es convertirse en una ciudad m\u00e1s compacta. Tras el cierre del antiguo aeropuerto, se emiti\u00f3 una serie de ordenanzas que propende a un crecimiento vertical de la ciudad. Aunque hay dos proyectos de edificios de 30 pisos en tr\u00e1mite, a\u00fan no se evidencia un cambio radical en el Distrito, seg\u00fan el Colegio de Arquitectos de Pichincha y los constructores. En la av. Gonz\u00e1lez Su\u00e1rez resalta el edificio en construcci\u00f3n Yoo Quito, que tiene 23 pisos, uno m\u00e1s que la torre CFN, que hasta ahora es el m\u00e1s alto de Quito. Pero Jaime Rumbea, de la Asociaci\u00f3n de Promotores Inmobiliarios, aclara que la mayor\u00eda de estas edificaciones se empez\u00f3 a levantar antes de que existiera la Ley de Plusval\u00eda o la Ordenanza Municipal para proyectos arquitect\u00f3nicos urban\u00edsticos especiales. Seg\u00fan su criterio, las dos normas generan impuestos y retribuciones y esto desincentiva la inversi\u00f3n inmobiliaria. En general, hay proyectos aislados, pero los de envergadura se pararon. Rumbea explica que por a\u00f1o y medio no se proces\u00f3 ning\u00fan proyecto especial, porque estaba en espera el segundo debate de la ordenanza que fue aprobada el 1 de septiembre del 2017. Y en cuanto a proyectos regulares, en el 2016 se registr\u00f3 una ca\u00edda del 30% respecto del 2015. La densificaci\u00f3n de ciudades es una recomendaci\u00f3n del H\u00e1bitat III, que se realiz\u00f3 en Quito. El concepto se orienta a evitar usos poco eficientes del suelo, que deriven en especulaci\u00f3n. La tierra se puede multiplicar por los pisos que se construyan\u009d, dice Rumbea. Jos\u00e9 Luis Barros, director Metropolitano de Desarrollo Urban\u00edstico, se\u00f1ala que en general en Quito hay zonas en donde se puede pagar para aumentar entre el 50 y el 100% de pisos adicionales. Lo anterior significa que si originalmente se pod\u00edan construir cuatro pisos, tras comprar lo que se conoce como edificabilidad, se podr\u00e1 llegar hasta seis u ocho. Barros se\u00f1ala que para determinar el aumento se consideran factores como la cercan\u00eda a medios de transporte y el uso eficiente de recursos como agua y energ\u00eda. Entre los sectores opcionados est\u00e1n los de las avenida Naciones Unidas o 6 de Diciembre, que tienen conexi\u00f3n con la Ecov\u00eda o el Trole. A futuro, tambi\u00e9n estar\u00e1n en el \u00e1rea de influencia del Metro. Pero el plan de que Quito crezca hacia arriba est\u00e1 a\u00fan en papeles, seg\u00fan Pablo Moreira, presidente del Colegio de Arquitectos, entidad que certifica la mayor parte de proyectos, por encargo del Municipio. Adem\u00e1s de los impuestos y la crisis econ\u00f3mica, Moreira considera que hace falta un plan integral que permita aplicar la norma de forma eficiente. En ese punto, la movilidad es un tema crucial, porque se debe propender a una compatibilidad de sistemas urbanos. Hay una norma de ecoeficiencia que permite 100% de edificabilidad adicional, pero obliga a bajar la cantidad de estacionamientos de un edificio, seg\u00fan Moreira. Esa normativa no puede funcionar al 100% mientras no llegue el Metro y su integraci\u00f3n con el resto de servicios de transporte\u009d. Una familia que tenga actualmente dos o tres carros, si hubiese un buen sistema de transporte, podr\u00eda quedarse con un solo veh\u00edculo, para viajes largos, lo que implicar\u00eda un cambio cultural. Para que esto pase, el Municipio debe tener claro cu\u00e1l es el modelo de movilidad y construir la idea de una ciudad menos contaminada, con un buen sistema colectivo, dice Moreira. Adem\u00e1s de la regulaci\u00f3n general, existe una Ordenanza especial del Plan Bicentenario, que est\u00e1 en proceso de reforma. Cristina Paredes, quien est\u00e1 a cargo de estos ajustes, explica que se trata de cambios en los usos de suelo y edificabilidad. Seg\u00fan el sector, se podr\u00edan construir edificios de hasta 16, 20, 25 y 30 pisos. Para lograrlo, deben cumplirse varios requisitos. Paredes detalla que en el \u00e1rea de la estaci\u00f3n intermodal y del centro de convenciones, (Amazonas y De la Prensa), se podr\u00edan construir, en cuatro manzanas, edificios de hasta 30 pisos. Pero se debe considerar que en la zona hay lotes de entre 200 a 2 000 metros y el crecimiento solo podr\u00e1 aplicarse a terrenos amplios, que soporten edificios altos. Adem\u00e1s, Paredes se\u00f1ala que los predios est\u00e1n en manos p\u00fablicas y privadas. En el primer caso, ya existe un plan para levantar un edificio de 16 pisos, a cargo del Issfa. (I) &nbsp; &nbsp; Fuente: http:\/\/www.elcomercio.com\/actualidad\/transporte-tributos-crecimiento-construcciones-quito.html<\/p>\n","protected":false},"author":1,"featured_media":245905,"comment_status":"open","ping_status":"open","sticky":false,"template":"","format":"standard","meta":[],"categories":[54,32,43,40,35],"tags":[],"_links":{"self":[{"href":"https:\/\/www.ecuadortimes.net\/es\/wp-json\/wp\/v2\/posts\/245904"}],"collection":[{"href":"https:\/\/www.ecuadortimes.net\/es\/wp-json\/wp\/v2\/posts"}],"about":[{"href":"https:\/\/www.ecuadortimes.net\/es\/wp-json\/wp\/v2\/types\/post"}],"author":[{"embeddable":true,"href":"https:\/\/www.ecuadortimes.net\/es\/wp-json\/wp\/v2\/users\/1"}],"replies":[{"embeddable":true,"href":"https:\/\/www.ecuadortimes.net\/es\/wp-json\/wp\/v2\/comments?post=245904"}],"version-history":[{"count":0,"href":"https:\/\/www.ecuadortimes.net\/es\/wp-json\/wp\/v2\/posts\/245904\/revisions"}],"wp:featuredmedia":[{"embeddable":true,"href":"https:\/\/www.ecuadortimes.net\/es\/wp-json\/wp\/v2\/media\/245905"}],"wp:attachment":[{"href":"https:\/\/www.ecuadortimes.net\/es\/wp-json\/wp\/v2\/media?parent=245904"}],"wp:term":[{"taxonomy":"category","embeddable":true,"href":"https:\/\/www.ecuadortimes.net\/es\/wp-json\/wp\/v2\/categories?post=245904"},{"taxonomy":"post_tag","embeddable":true,"href":"https:\/\/www.ecuadortimes.net\/es\/wp-json\/wp\/v2\/tags?post=245904"}],"curies":[{"name":"wp","href":"https:\/\/api.w.org\/{rel}","templated":true}]}}