{"id":245908,"date":"2017-10-02T00:00:00","date_gmt":"2017-10-02T00:00:00","guid":{"rendered":"https:\/\/www.ecuadortimes.net\/es\/cancilleria-inicio-dialogos-sobre-inversion-economica-y-comercial-con-catar\/"},"modified":"2017-10-02T00:00:00","modified_gmt":"2017-10-02T00:00:00","slug":"cancilleria-inicio-dialogos-sobre-inversion-economica-y-comercial-con-catar","status":"publish","type":"post","link":"https:\/\/www.ecuadortimes.net\/es\/cancilleria-inicio-dialogos-sobre-inversion-economica-y-comercial-con-catar\/","title":{"rendered":"Canciller\u00eda inici\u00f3 di\u00e1logos sobre inversi\u00f3n econ\u00f3mica y comercial con Catar"},"content":{"rendered":"<p><img loading=\"lazy\" class=\"size-full wp-image-190197 aligncenter\" src=\"https:\/\/www.ecuadortimes.net\/es\/wp-content\/uploads\/2017\/10\/ECUADORTIMES_ECUADORNEWS_CANCILLERIA_INICIO_DIALOGOS_INVERSION_ECONOMICA_COMERCIAL_CATAR.jpg\" alt=\"\" width=\"1170\" height=\"552\" \/><\/p>\n<p>&nbsp;<\/p>\n<p>La canciller ecuatoriana, <strong>Mar\u00eda Fernanda Espinosa, se reuni\u00f3 con Hassan Al Malki, embajador de Catar en Ecuador<\/strong>, para analizar temas de la agenda bilateral. En el encuentro, Espinosa manifest\u00f3 el inter\u00e9s del Gobierno ecuatoriano de construir las relaciones de cooperaci\u00f3n con Catar, especialmente en el \u00e1mbito econ\u00f3mico-comercial y de inversiones para los proyectos prioritarios, entre ellos <strong>el programa emblem\u00e1tico del Gobierno Nacional: Toda Una Vida\u009d. <\/strong><\/p>\n<p>La ministra se refiri\u00f3 adem\u00e1s al inter\u00e9s de Ecuador de coordinar acciones con Catar en <strong>el marco de la Organizaci\u00f3n de Pa\u00edses Exportadores de Petr\u00f3leo<\/strong>, a fin de promover pol\u00edticas que beneficien a los dos pa\u00edses. Al Malki, de su lado, manifest\u00f3 su inter\u00e9s de ampliar la cooperaci\u00f3n con el Ecuador. Adem\u00e1s, expuso la posici\u00f3n de su pa\u00eds sobre la crisis que atraviesa el Golfo P\u00e9rsico y enfatiz\u00f3 que su gobierno busca una soluci\u00f3n pac\u00edfica y negociada al conflicto.<\/p>\n<p>En esa l\u00ednea, la canciller reiter\u00f3 que que Ecuador hace votos por una pronta y pac\u00edfica soluci\u00f3n al conflicto. Reiter\u00f3 que Ecuador tiene como principio b\u00e1sico de su pol\u00edtica exterior el respeto a la soberan\u00eda y a la no injerencia en los asuntos internos de otros Estados. En este encuentro estuvo tambi\u00e9n presente la nueva embajadora del Ecuador en ese pa\u00eds, Ivonne Baki. (I)<\/p>\n<p>&nbsp;<\/p>\n<p>&nbsp;<\/p>\n<p><strong>Fuente: <\/strong><a href=\"http:\/\/www.eltelegrafo.com.ec\/noticias\/economia\/8\/cancilleria-inicio-dialogos-con-catar-sobre-inversion-economica-y-comercial\" target=\"_blank\" rel=\"noopener noreferrer\" data-saferedirecturl=\"https:\/\/www.google.com\/url?hl=es&amp;q=http:\/\/www.eltelegrafo.com.ec\/noticias\/economia\/8\/cancilleria-inicio-dialogos-con-catar-sobre-inversion-economica-y-comercial&amp;source=gmail&amp;ust=1507037116653000&amp;usg=AFQjCNErsbcinluOsjfHqUN-UgHOLPJfig\">http:\/\/www.eltelegrafo.com.ec\/noticias\/economia\/8\/cancilleria-inicio-dialogos-con-catar-sobre-inversion-economica-y-comercial<\/a><\/p>\n","protected":false},"excerpt":{"rendered":"<p>&nbsp; La canciller ecuatoriana, Mar\u00eda Fernanda Espinosa, se reuni\u00f3 con Hassan Al Malki, embajador de Catar en Ecuador, para analizar temas de la agenda bilateral. En el encuentro, Espinosa manifest\u00f3 el inter\u00e9s del Gobierno ecuatoriano de construir las relaciones de cooperaci\u00f3n con Catar, especialmente en el \u00e1mbito econ\u00f3mico-comercial y de inversiones para los proyectos prioritarios, entre ellos el programa emblem\u00e1tico del Gobierno Nacional: Toda Una Vida\u009d. La ministra se refiri\u00f3 adem\u00e1s al inter\u00e9s de Ecuador de coordinar acciones con Catar en el marco de la Organizaci\u00f3n de Pa\u00edses Exportadores de Petr\u00f3leo, a fin de promover pol\u00edticas que beneficien a los dos pa\u00edses. Al Malki, de su lado, manifest\u00f3 su inter\u00e9s de ampliar la cooperaci\u00f3n con el Ecuador. Adem\u00e1s, expuso la posici\u00f3n de su pa\u00eds sobre la crisis que atraviesa el Golfo P\u00e9rsico y enfatiz\u00f3 que su gobierno busca una soluci\u00f3n pac\u00edfica y negociada al conflicto. En esa l\u00ednea, la canciller reiter\u00f3 que que Ecuador hace votos por una pronta y pac\u00edfica soluci\u00f3n al conflicto. Reiter\u00f3 que Ecuador tiene como principio b\u00e1sico de su pol\u00edtica exterior el respeto a la soberan\u00eda y a la no injerencia en los asuntos internos de otros Estados. En este encuentro estuvo tambi\u00e9n presente la nueva embajadora del Ecuador en ese pa\u00eds, Ivonne Baki. (I) &nbsp; &nbsp; Fuente: http:\/\/www.eltelegrafo.com.ec\/noticias\/economia\/8\/cancilleria-inicio-dialogos-con-catar-sobre-inversion-economica-y-comercial<\/p>\n","protected":false},"author":1,"featured_media":245909,"comment_status":"open","ping_status":"open","sticky":false,"template":"","format":"standard","meta":[],"categories":[54,32,33,51,43,35],"tags":[],"_links":{"self":[{"href":"https:\/\/www.ecuadortimes.net\/es\/wp-json\/wp\/v2\/posts\/245908"}],"collection":[{"href":"https:\/\/www.ecuadortimes.net\/es\/wp-json\/wp\/v2\/posts"}],"about":[{"href":"https:\/\/www.ecuadortimes.net\/es\/wp-json\/wp\/v2\/types\/post"}],"author":[{"embeddable":true,"href":"https:\/\/www.ecuadortimes.net\/es\/wp-json\/wp\/v2\/users\/1"}],"replies":[{"embeddable":true,"href":"https:\/\/www.ecuadortimes.net\/es\/wp-json\/wp\/v2\/comments?post=245908"}],"version-history":[{"count":0,"href":"https:\/\/www.ecuadortimes.net\/es\/wp-json\/wp\/v2\/posts\/245908\/revisions"}],"wp:featuredmedia":[{"embeddable":true,"href":"https:\/\/www.ecuadortimes.net\/es\/wp-json\/wp\/v2\/media\/245909"}],"wp:attachment":[{"href":"https:\/\/www.ecuadortimes.net\/es\/wp-json\/wp\/v2\/media?parent=245908"}],"wp:term":[{"taxonomy":"category","embeddable":true,"href":"https:\/\/www.ecuadortimes.net\/es\/wp-json\/wp\/v2\/categories?post=245908"},{"taxonomy":"post_tag","embeddable":true,"href":"https:\/\/www.ecuadortimes.net\/es\/wp-json\/wp\/v2\/tags?post=245908"}],"curies":[{"name":"wp","href":"https:\/\/api.w.org\/{rel}","templated":true}]}}