{"id":245910,"date":"2017-10-02T00:00:00","date_gmt":"2017-10-02T00:00:00","guid":{"rendered":"https:\/\/www.ecuadortimes.net\/es\/pedido-de-prision-preventiva-es-una-decision-politica-del-fiscal-baca-asegura-abogado-de-vicepresidente-glas\/"},"modified":"2017-10-02T00:00:00","modified_gmt":"2017-10-02T00:00:00","slug":"pedido-de-prision-preventiva-es-una-decision-politica-del-fiscal-baca-asegura-abogado-de-vicepresidente-glas","status":"publish","type":"post","link":"https:\/\/www.ecuadortimes.net\/es\/pedido-de-prision-preventiva-es-una-decision-politica-del-fiscal-baca-asegura-abogado-de-vicepresidente-glas\/","title":{"rendered":"Pedido de prisi\u00f3n preventiva &#8220;es una decisi\u00f3n pol\u00edtica del Fiscal&#8221; Baca, asegura abogado de Vicepresidente Glas"},"content":{"rendered":"<p><img loading=\"lazy\" class=\"size-full wp-image-190227 aligncenter\" src=\"https:\/\/www.ecuadortimes.net\/es\/wp-content\/uploads\/2017\/10\/ECUADORTIMES_ECUADORNEWS_EDUARDO_FRANCO_ABOGADO_JORGE_GLAS_PRISION_PREVENTIVA.jpg\" alt=\"\" width=\"600\" height=\"600\" \/><\/p>\n<p>&nbsp;<\/p>\n<p>Eduardo Franco Loor, abogado del Vicepresidente de la Rep\u00fablica,<strong> Jorge Glas,<\/strong> rechaz\u00f3 el pedido del Fiscal General del Estado, Carlos Baca, de que se dicte prisi\u00f3n preventiva en contra del Segundo Mandatario, precisando que no existen elementos de convicci\u00f3n para la solicitud y recalc\u00f3 que <strong>la decisi\u00f3n de Baca es &#8220;pol\u00edtica&#8221;.<\/strong><\/p>\n<p>Durante la audiencia para revisar medidas cautelares para el vicepresidente de la Rep\u00fablica, Jorge Glas, y Ricardo Rivera, en la investigaci\u00f3n por presunta asociaci\u00f3n il\u00edcita dentro del caso <strong>ODEBRECHT<\/strong>, se dio inicio en <strong>la Corte Nacional de Justicia (CNJ)<\/strong>, el fiscal general del Estado, <strong>Carlos Baca Mancheno<\/strong>, pidi\u00f3 al juez Miguel Jurado, prisi\u00f3n preventiva para el Segundo Mandatario y su t\u00edo.<\/p>\n<p>La audiencia fue suspendida y se retomar\u00e1 a las 17h00 de este lunes. A su salida de la diligencia Eduardo Franco Loor afirm\u00f3 que no existe ninguna prueba ni elemento de convicci\u00f3n que sustente el pedido de prisi\u00f3n preventiva del Fiscal Baca.<\/p>\n<p>Que es una decisi\u00f3n de \u00faltima ratio, \u00e9l habla ante una posible fuga, potenciales delitos futuros, eso no est\u00e1 contemplado en la ley, pienso que esta decisi\u00f3n es una decisi\u00f3n pol\u00edtica del fiscal del Estado\u009d, afirm\u00f3.<\/p>\n<p>M\u00e1s temprano, el Vicepresidente de la Rep\u00fablica, Jorge Glas, mediante su cuenta en la red social de Twitter, reaccion\u00f3 ante el pedido de la Fiscal\u00eda.<\/p>\n<p>&#8220;No se preocupen, no tienen que buscarme, estoy donde siempre. No voy a escapar. Los inocentes jam\u00e1s huimos&#8221;, recalc\u00f3 el Segundo Mandatario, quien estar\u00eda en su residencia en la ciudad de Guayaquil.<\/p>\n<p>M\u00e1s tarde, el abogado Eduardo Franco Loor us\u00f3 su cuenta en la red social de Twitter para explicar en profundidad el hecho. (I)<\/p>\n<p>&nbsp;<\/p>\n<p><a href=\"https:\/\/twitter.com\/Efrancoloor\/status\/914922907117264896\" target=\"_blank\" rel=\"noopener noreferrer\"><img loading=\"lazy\" class=\"size-full wp-image-190228 aligncenter\" src=\"https:\/\/www.ecuadortimes.net\/es\/wp-content\/uploads\/2017\/10\/ECUADORTIMES_ECUADORNEWS_EDUARDO_FRANCO_ABOGADO_JORGE_GLAS_PRISION_PREVENTIVA_1.png\" alt=\"\" width=\"504\" height=\"620\" \/><\/a><\/p>\n<p><a href=\"https:\/\/twitter.com\/Efrancoloor\/status\/914925396684046343\" target=\"_blank\" rel=\"noopener noreferrer\"><img loading=\"lazy\" class=\"size-full wp-image-190229 aligncenter\" src=\"https:\/\/www.ecuadortimes.net\/es\/wp-content\/uploads\/2017\/10\/ECUADORTIMES_ECUADORNEWS_EDUARDO_FRANCO_ABOGADO_JORGE_GLAS_PRISION_PREVENTIVA_2.png\" alt=\"\" width=\"504\" height=\"597\" \/><\/a><\/p>\n<p>&nbsp;<\/p>\n<p><strong>Fuente: <\/strong><a href=\"http:\/\/ecuadorinmediato.com\/index.php?module=Noticias&amp;func=news_user_view&amp;id=2818826651&amp;umt=pedido_prision_preventiva_es_una_decision_politica_del_fiscal_baca_asegura_abogado_vicepresidente_glas\" target=\"_blank\" rel=\"noopener noreferrer\">http:\/\/ecuadorinmediato.com\/index.php?module=Noticias&amp;func=news_user_view&amp;id=2818826651&amp;umt=pedido_prision_preventiva_es_una_decision_politica_del_fiscal_baca_asegura_abogado_vicepresidente_glas<\/a><\/p>\n","protected":false},"excerpt":{"rendered":"<p>&nbsp; Eduardo Franco Loor, abogado del Vicepresidente de la Rep\u00fablica, Jorge Glas, rechaz\u00f3 el pedido del Fiscal General del Estado, Carlos Baca, de que se dicte prisi\u00f3n preventiva en contra del Segundo Mandatario, precisando que no existen elementos de convicci\u00f3n para la solicitud y recalc\u00f3 que la decisi\u00f3n de Baca es &#8220;pol\u00edtica&#8221;. Durante la audiencia para revisar medidas cautelares para el vicepresidente de la Rep\u00fablica, Jorge Glas, y Ricardo Rivera, en la investigaci\u00f3n por presunta asociaci\u00f3n il\u00edcita dentro del caso ODEBRECHT, se dio inicio en la Corte Nacional de Justicia (CNJ), el fiscal general del Estado, Carlos Baca Mancheno, pidi\u00f3 al juez Miguel Jurado, prisi\u00f3n preventiva para el Segundo Mandatario y su t\u00edo. La audiencia fue suspendida y se retomar\u00e1 a las 17h00 de este lunes. A su salida de la diligencia Eduardo Franco Loor afirm\u00f3 que no existe ninguna prueba ni elemento de convicci\u00f3n que sustente el pedido de prisi\u00f3n preventiva del Fiscal Baca. Que es una decisi\u00f3n de \u00faltima ratio, \u00e9l habla ante una posible fuga, potenciales delitos futuros, eso no est\u00e1 contemplado en la ley, pienso que esta decisi\u00f3n es una decisi\u00f3n pol\u00edtica del fiscal del Estado\u009d, afirm\u00f3. M\u00e1s temprano, el Vicepresidente de la Rep\u00fablica, Jorge Glas, mediante su cuenta en la red social de Twitter, reaccion\u00f3 ante el pedido de la Fiscal\u00eda. &#8220;No se preocupen, no tienen que buscarme, estoy donde siempre. No voy a escapar. Los inocentes jam\u00e1s huimos&#8221;, recalc\u00f3 el Segundo Mandatario, quien estar\u00eda en su residencia en la ciudad de Guayaquil. M\u00e1s tarde, el abogado Eduardo Franco Loor us\u00f3 su cuenta en la red social de Twitter para explicar en profundidad el hecho. (I) &nbsp; &nbsp; Fuente: http:\/\/ecuadorinmediato.com\/index.php?module=Noticias&amp;func=news_user_view&amp;id=2818826651&amp;umt=pedido_prision_preventiva_es_una_decision_politica_del_fiscal_baca_asegura_abogado_vicepresidente_glas<\/p>\n","protected":false},"author":1,"featured_media":245911,"comment_status":"open","ping_status":"open","sticky":false,"template":"","format":"standard","meta":[],"categories":[54,32,40,35,56,46],"tags":[],"_links":{"self":[{"href":"https:\/\/www.ecuadortimes.net\/es\/wp-json\/wp\/v2\/posts\/245910"}],"collection":[{"href":"https:\/\/www.ecuadortimes.net\/es\/wp-json\/wp\/v2\/posts"}],"about":[{"href":"https:\/\/www.ecuadortimes.net\/es\/wp-json\/wp\/v2\/types\/post"}],"author":[{"embeddable":true,"href":"https:\/\/www.ecuadortimes.net\/es\/wp-json\/wp\/v2\/users\/1"}],"replies":[{"embeddable":true,"href":"https:\/\/www.ecuadortimes.net\/es\/wp-json\/wp\/v2\/comments?post=245910"}],"version-history":[{"count":0,"href":"https:\/\/www.ecuadortimes.net\/es\/wp-json\/wp\/v2\/posts\/245910\/revisions"}],"wp:featuredmedia":[{"embeddable":true,"href":"https:\/\/www.ecuadortimes.net\/es\/wp-json\/wp\/v2\/media\/245911"}],"wp:attachment":[{"href":"https:\/\/www.ecuadortimes.net\/es\/wp-json\/wp\/v2\/media?parent=245910"}],"wp:term":[{"taxonomy":"category","embeddable":true,"href":"https:\/\/www.ecuadortimes.net\/es\/wp-json\/wp\/v2\/categories?post=245910"},{"taxonomy":"post_tag","embeddable":true,"href":"https:\/\/www.ecuadortimes.net\/es\/wp-json\/wp\/v2\/tags?post=245910"}],"curies":[{"name":"wp","href":"https:\/\/api.w.org\/{rel}","templated":true}]}}