{"id":245912,"date":"2017-10-03T00:00:00","date_gmt":"2017-10-03T00:00:00","guid":{"rendered":"https:\/\/www.ecuadortimes.net\/es\/vicepresidente-jorge-g-fue-apresado-en-la-carcel-4-de-quito\/"},"modified":"2017-10-03T00:00:00","modified_gmt":"2017-10-03T00:00:00","slug":"vicepresidente-jorge-g-fue-apresado-en-la-carcel-4-de-quito","status":"publish","type":"post","link":"https:\/\/www.ecuadortimes.net\/es\/vicepresidente-jorge-g-fue-apresado-en-la-carcel-4-de-quito\/","title":{"rendered":"Vicepresidente Jorge G. fue apresado en la c\u00e1rcel 4 de Quito"},"content":{"rendered":"<p>&nbsp;<\/p>\n<p><img loading=\"lazy\" class=\"size-full wp-image-190249 aligncenter\" src=\"https:\/\/www.ecuadortimes.net\/es\/wp-content\/uploads\/2017\/10\/ECUADORTIMES_ECUADORNEWS_JORGE_GLAS_CARCEL_4_QUITO.jpg\" alt=\"\" width=\"1170\" height=\"552\" \/><\/p>\n<p>&nbsp;<\/p>\n<p><strong>El vicepresidente de la Rep\u00fablica, Jorge G.<\/strong>, lleg\u00f3\u00a0anoche a Quito\u00a0y de inmediato fue trasladado a la c\u00e1rcel 4, por su vinculaci\u00f3n al caso Odebrecht. Previamente,\u00a0pasadas las 22:00, hab\u00eda salido <strong>desde el Ala de Combate 22 de las Fuerzas Armadas (contigua al aeropuerto Jos\u00e9 Joaqu\u00edn de Olmedo), en Guayaquil.<\/strong><\/p>\n<p>El Segundo Mandatario se encontraba esta ayer, alrededor de las 20:00, en su casa, a la espera de que lleguen miembros de la Polic\u00eda Nacional a detenerlo. Minutos antes public\u00f3 un video en su cuenta de Twitter para anunciar que estaba listo para entregarse a las autoridades.<\/p>\n<p>Su detenci\u00f3n se dio pasadas las 21:00. <strong>Paralelamente,\u00a0su t\u00edo, Ricardo R., sali\u00f3 de su domicilio resguardado por miembros del GOE con direcci\u00f3n a la Base A\u00e9rea<\/strong>, pero no se confirm\u00f3 su llegada al sitio. El pasado domingo se inform\u00f3 que el detenido, quien ten\u00eda prisi\u00f3n domiciliaria por tercera edad, habr\u00eda sufrido una descompensaci\u00f3n en su salud.<\/p>\n<p>Tras la llegada a\u00a0la capital, el Vicepresidente fue conducido hasta la c\u00e1rcel, donde fue esperado por varios simpatizantes, quienes le mostraron su apoyo\u00a0con gritos y aplausos.<\/p>\n<p>&nbsp;<\/p>\n<p><img loading=\"lazy\" class=\"size-full wp-image-190257 aligncenter\" src=\"https:\/\/www.ecuadortimes.net\/es\/wp-content\/uploads\/2017\/10\/ECUADORTIMES_ECUADORNEWS_JORGE_GLAS_CARCEL_4_QUITO_2.jpg\" alt=\"\" width=\"880\" height=\"415\" \/><\/p>\n<p>&nbsp;<\/p>\n<p>Vicepresidente fue despedido en Guayaquil Previo a la salida, Jorge G. fue despedido por su esposa, quien lo acompa\u00f1\u00f3 hasta la Base A\u00e9rea de Guayaquil.\u00a0 Hasta los exteriores de la Base A\u00e9rea Sim\u00f3n Bol\u00edvar, ubicada al norte del Puerto Principal, lleg\u00f3 un grupo de ciudadanos para expresar su apoyo al Vicepresidente.<\/p>\n<p>Una de ellas, Mar\u00eda Montesdeoca, oriunda de Portoviejo (Manab\u00ed), se\u00f1al\u00f3 que quiere agradecer al Segundo Mandatario su trabajo luego del terremoto de 2016.\u00a0 Los manifestantes gritaron consignas y exhibieron una pancarta con el mensaje: El pueblo presente, Glas es inocente\u009d. (I)<\/p>\n<p>&nbsp;<\/p>\n<p><a href=\"https:\/\/twitter.com\/el_telegrafo\/status\/915054038412087296\" target=\"_blank\" rel=\"noopener noreferrer\"><img loading=\"lazy\" class=\"size-full wp-image-190258 aligncenter\" src=\"https:\/\/www.ecuadortimes.net\/es\/wp-content\/uploads\/2017\/10\/ECUADORTIMES_ECUADORNEWS_JORGE_GLAS_CARCEL_4_QUITO_1.png\" alt=\"\" width=\"504\" height=\"476\" \/><\/a><\/p>\n<p>&nbsp;<\/p>\n<p>&nbsp;<\/p>\n<p><strong>Fuente: <\/strong><a href=\"http:\/\/www.eltelegrafo.com.ec\/noticias\/judicial\/13\/vicepresidente-fue-trasladado-a-la-base-aerea\" target=\"_blank\" rel=\"noopener noreferrer\">http:\/\/www.eltelegrafo.com.ec\/noticias\/judicial\/13\/vicepresidente-fue-trasladado-a-la-base-aerea<\/a><\/p>\n","protected":false},"excerpt":{"rendered":"<p>&nbsp; &nbsp; El vicepresidente de la Rep\u00fablica, Jorge G., lleg\u00f3\u00a0anoche a Quito\u00a0y de inmediato fue trasladado a la c\u00e1rcel 4, por su vinculaci\u00f3n al caso Odebrecht. Previamente,\u00a0pasadas las 22:00, hab\u00eda salido desde el Ala de Combate 22 de las Fuerzas Armadas (contigua al aeropuerto Jos\u00e9 Joaqu\u00edn de Olmedo), en Guayaquil. El Segundo Mandatario se encontraba esta ayer, alrededor de las 20:00, en su casa, a la espera de que lleguen miembros de la Polic\u00eda Nacional a detenerlo. Minutos antes public\u00f3 un video en su cuenta de Twitter para anunciar que estaba listo para entregarse a las autoridades. Su detenci\u00f3n se dio pasadas las 21:00. Paralelamente,\u00a0su t\u00edo, Ricardo R., sali\u00f3 de su domicilio resguardado por miembros del GOE con direcci\u00f3n a la Base A\u00e9rea, pero no se confirm\u00f3 su llegada al sitio. El pasado domingo se inform\u00f3 que el detenido, quien ten\u00eda prisi\u00f3n domiciliaria por tercera edad, habr\u00eda sufrido una descompensaci\u00f3n en su salud. Tras la llegada a\u00a0la capital, el Vicepresidente fue conducido hasta la c\u00e1rcel, donde fue esperado por varios simpatizantes, quienes le mostraron su apoyo\u00a0con gritos y aplausos. &nbsp; &nbsp; Vicepresidente fue despedido en Guayaquil Previo a la salida, Jorge G. fue despedido por su esposa, quien lo acompa\u00f1\u00f3 hasta la Base A\u00e9rea de Guayaquil.\u00a0 Hasta los exteriores de la Base A\u00e9rea Sim\u00f3n Bol\u00edvar, ubicada al norte del Puerto Principal, lleg\u00f3 un grupo de ciudadanos para expresar su apoyo al Vicepresidente. Una de ellas, Mar\u00eda Montesdeoca, oriunda de Portoviejo (Manab\u00ed), se\u00f1al\u00f3 que quiere agradecer al Segundo Mandatario su trabajo luego del terremoto de 2016.\u00a0 Los manifestantes gritaron consignas y exhibieron una pancarta con el mensaje: El pueblo presente, Glas es inocente\u009d. (I) &nbsp; &nbsp; &nbsp; Fuente: http:\/\/www.eltelegrafo.com.ec\/noticias\/judicial\/13\/vicepresidente-fue-trasladado-a-la-base-aerea<\/p>\n","protected":false},"author":1,"featured_media":245913,"comment_status":"open","ping_status":"open","sticky":false,"template":"","format":"standard","meta":[],"categories":[54,32,40,35,56,46],"tags":[],"_links":{"self":[{"href":"https:\/\/www.ecuadortimes.net\/es\/wp-json\/wp\/v2\/posts\/245912"}],"collection":[{"href":"https:\/\/www.ecuadortimes.net\/es\/wp-json\/wp\/v2\/posts"}],"about":[{"href":"https:\/\/www.ecuadortimes.net\/es\/wp-json\/wp\/v2\/types\/post"}],"author":[{"embeddable":true,"href":"https:\/\/www.ecuadortimes.net\/es\/wp-json\/wp\/v2\/users\/1"}],"replies":[{"embeddable":true,"href":"https:\/\/www.ecuadortimes.net\/es\/wp-json\/wp\/v2\/comments?post=245912"}],"version-history":[{"count":0,"href":"https:\/\/www.ecuadortimes.net\/es\/wp-json\/wp\/v2\/posts\/245912\/revisions"}],"wp:featuredmedia":[{"embeddable":true,"href":"https:\/\/www.ecuadortimes.net\/es\/wp-json\/wp\/v2\/media\/245913"}],"wp:attachment":[{"href":"https:\/\/www.ecuadortimes.net\/es\/wp-json\/wp\/v2\/media?parent=245912"}],"wp:term":[{"taxonomy":"category","embeddable":true,"href":"https:\/\/www.ecuadortimes.net\/es\/wp-json\/wp\/v2\/categories?post=245912"},{"taxonomy":"post_tag","embeddable":true,"href":"https:\/\/www.ecuadortimes.net\/es\/wp-json\/wp\/v2\/tags?post=245912"}],"curies":[{"name":"wp","href":"https:\/\/api.w.org\/{rel}","templated":true}]}}