{"id":245914,"date":"2017-10-03T00:00:00","date_gmt":"2017-10-03T00:00:00","guid":{"rendered":"https:\/\/www.ecuadortimes.net\/es\/jorge-glas-llego-a-la-carcel-4-de-quito-en-medio-de-fuerte-resguardo-policial\/"},"modified":"2017-10-03T00:00:00","modified_gmt":"2017-10-03T00:00:00","slug":"jorge-glas-llego-a-la-carcel-4-de-quito-en-medio-de-fuerte-resguardo-policial","status":"publish","type":"post","link":"https:\/\/www.ecuadortimes.net\/es\/jorge-glas-llego-a-la-carcel-4-de-quito-en-medio-de-fuerte-resguardo-policial\/","title":{"rendered":"Jorge Glas lleg\u00f3 a la C\u00e1rcel 4 de Quito en medio de fuerte resguardo policial"},"content":{"rendered":"<p><img loading=\"lazy\" class=\"size-full wp-image-190250 aligncenter\" src=\"https:\/\/www.ecuadortimes.net\/es\/wp-content\/uploads\/2017\/10\/ECUADORTIMES_ECUADORNEWS_JORGE_GLAS_CARCEL_RESGUARDO_POLICIAL.jpeg\" alt=\"\" width=\"612\" height=\"340\" \/><\/p>\n<p>&nbsp;<\/p>\n<p>El avi\u00f3n que traslad\u00f3 desde Guayaquil al vicepresidente <strong>Jorge Glas<\/strong> aterriz\u00f3 en el <strong>aeropuerto Mariscal Sucre, en Tababela<\/strong>, pasadas las 23:00 de este lunes 2 de octubre de 2017.<\/p>\n<p>En medio del hermetismo, dos veh\u00edculos con militantes de Alianza Pa\u00eds (AP) aguardaban en los exteriores del edificio de <strong>la Secretaria Nacional de Aduanas (Senae)<\/strong>, localizado a aproximadamente 70 metros de la sala protocolar de la terminal a\u00e9rea. <strong>Marcela Agui\u00f1aga, asamble\u00edsta por Guayas y dirigente de AP<\/strong>, estaba en uno de los veh\u00edculos.<\/p>\n<p>Efectivos de la <strong>Polic\u00eda Nacional<\/strong> impidieron el paso de la prensa hasta ese punto. Los uniformados armaron una barrera humana para evitar el paso de los periodistas. En el otro automotor, sin placas y con vidrios polarizados, hab\u00eda una publicidad de la asamble\u00edsta Liuba Cuesta, tambi\u00e9n de AP. Al notar la presencia de EL COMERCIO, el equipo de comunicaci\u00f3n de Agui\u00f1aga trat\u00f3 de evitar que se tomaran fotograf\u00edas.<\/p>\n<p>Luego, cuando se le pidi\u00f3 su opini\u00f3n, los colaboradores la Asamble\u00edsta respondieron que &#8220;no se coordin\u00f3 previamente ninguna entrevista&#8221;.<small><b><\/b><\/small><\/p>\n<p>&nbsp;<\/p>\n<p><img loading=\"lazy\" class=\"size-full wp-image-190261 aligncenter\" src=\"https:\/\/www.ecuadortimes.net\/es\/wp-content\/uploads\/2017\/10\/ECUADORTIMES_ECUADORNEWS_JORGE_GLAS_CARCEL_RESGUARDO_POLICIAL_ASAMBLEISTA_AGUINAGA.jpeg\" alt=\"\" width=\"970\" height=\"640\" \/><\/p>\n<p>&nbsp;<\/p>\n<p>El objetivo de los miembros de AP era poder ver al vicepresidente <strong>Jorge Glas<\/strong> antes de que saliera de la terminal a\u00e9rea, pero no lo pudieron hacer. Cuando el veh\u00edculo que transportaba al Vicepresidente abandon\u00f3 el aeropuerto, Agui\u00f1aga y sus colaboradores retornaron a sus automotores y siguieron a la caravana policial que se dirigi\u00f3 a<strong> la C\u00e1rcel 4, en el sector El Condado, en el norte de Quito. Pasadas las 23:30 de este lunes<\/strong>, Jorge Glas lleg\u00f3 al centro carcelario.<\/p>\n<p>El Vicepresidente entr\u00f3 caminando al predio y escoltado por los uniformados.\u00a0 Jorge Glas y su t\u00edo Ricardo Rivera tienen orden de prisi\u00f3n preventiva desde las 17:21 de este lunes. Miguel Jurado, juez de la Corte Nacional de Justicia, acept\u00f3 la solicitud de medidas cautelares planteada en la ma\u00f1ana por el fiscal general del Estado, Carlos Baca Mancheno, con base en nuevos indicios hallados en la investigaci\u00f3n por\u00a0supuesta asociaci\u00f3n il\u00edcita en el caso Odebrecht.<\/p>\n<p>En los exteriores del centro, simpatizantes de Glas se agolparon para presenciar el arribo del funcionario.<\/p>\n<p>Las personas llevaron banderas de Alianza Pa\u00eds y gritaron consigas en respaldo al Vicepresidente. Los ciudadanos\u00a0se mantuvieron a la espera, a un costado de la avenida De La Prensa.<br \/>\n<small><b><\/b><\/small><\/p>\n<p><img loading=\"lazy\" class=\"size-full wp-image-190260 aligncenter\" src=\"https:\/\/www.ecuadortimes.net\/es\/wp-content\/uploads\/2017\/10\/ECUADORTIMES_ECUADORNEWS_JORGE_GLAS_CARCEL_RESGUARDO_POLICIAL_1.jpeg\" alt=\"\" width=\"970\" height=\"640\" \/><\/p>\n<p>&nbsp;<\/p>\n<p>El ingreso de Glas a la C\u00e1rcel 4 fue r\u00e1pido. Los gendarmes montaron un cord\u00f3n de seguridad con vallas met\u00e1licas y permitieron el ingreso de dos autos. De uno de ellos baj\u00f3 el Segundo Mandatario escoltado por varios polic\u00edas.<\/p>\n<p>Antes de ingresar a la c\u00e1rcel salud\u00f3 a sus seguidores. Los simpatizantes se agolparon a las vallas para intensificar sus consignas. &#8220;La justicia brillar\u00e1&#8221; y &#8220;Glas inocente&#8221; eran algunas de las frases que reiteraban. El Vicepresidente lleg\u00f3 a la capital despu\u00e9s de que se hiciera efectiva la orden de prisi\u00f3n preventiva.<\/p>\n<p>Glas fue despedido por su esposa, coidearios y amigos en la Base A\u00e9rea de Guayaquil, antes de ser trasladado en un avi\u00f3n\u00a0de la FAE desde el Puerto Principal hacia Quito.<small> (I)<\/small><\/p>\n<p>&nbsp;<\/p>\n<p>&nbsp;<\/p>\n<p><strong>Fuente: <\/strong><a href=\"http:\/\/www.elcomercio.com\/actualidad\/jorgeglas-carcel-quito-odebrecht-prisionpreventiva.html\" target=\"_blank\" rel=\"noopener noreferrer\">http:\/\/www.elcomercio.com\/<wbr \/>actualidad\/jorgeglas-carcel-<wbr \/>quito-odebrecht-<wbr \/>prisionpreventiva.html<\/a><\/p>\n","protected":false},"excerpt":{"rendered":"<p>&nbsp; El avi\u00f3n que traslad\u00f3 desde Guayaquil al vicepresidente Jorge Glas aterriz\u00f3 en el aeropuerto Mariscal Sucre, en Tababela, pasadas las 23:00 de este lunes 2 de octubre de 2017. En medio del hermetismo, dos veh\u00edculos con militantes de Alianza Pa\u00eds (AP) aguardaban en los exteriores del edificio de la Secretaria Nacional de Aduanas (Senae), localizado a aproximadamente 70 metros de la sala protocolar de la terminal a\u00e9rea. Marcela Agui\u00f1aga, asamble\u00edsta por Guayas y dirigente de AP, estaba en uno de los veh\u00edculos. Efectivos de la Polic\u00eda Nacional impidieron el paso de la prensa hasta ese punto. Los uniformados armaron una barrera humana para evitar el paso de los periodistas. En el otro automotor, sin placas y con vidrios polarizados, hab\u00eda una publicidad de la asamble\u00edsta Liuba Cuesta, tambi\u00e9n de AP. Al notar la presencia de EL COMERCIO, el equipo de comunicaci\u00f3n de Agui\u00f1aga trat\u00f3 de evitar que se tomaran fotograf\u00edas. Luego, cuando se le pidi\u00f3 su opini\u00f3n, los colaboradores la Asamble\u00edsta respondieron que &#8220;no se coordin\u00f3 previamente ninguna entrevista&#8221;. &nbsp; &nbsp; El objetivo de los miembros de AP era poder ver al vicepresidente Jorge Glas antes de que saliera de la terminal a\u00e9rea, pero no lo pudieron hacer. Cuando el veh\u00edculo que transportaba al Vicepresidente abandon\u00f3 el aeropuerto, Agui\u00f1aga y sus colaboradores retornaron a sus automotores y siguieron a la caravana policial que se dirigi\u00f3 a la C\u00e1rcel 4, en el sector El Condado, en el norte de Quito. Pasadas las 23:30 de este lunes, Jorge Glas lleg\u00f3 al centro carcelario. El Vicepresidente entr\u00f3 caminando al predio y escoltado por los uniformados.\u00a0 Jorge Glas y su t\u00edo Ricardo Rivera tienen orden de prisi\u00f3n preventiva desde las 17:21 de este lunes. Miguel Jurado, juez de la Corte Nacional de Justicia, acept\u00f3 la solicitud de medidas cautelares planteada en la ma\u00f1ana por el fiscal general del Estado, Carlos Baca Mancheno, con base en nuevos indicios hallados en la investigaci\u00f3n por\u00a0supuesta asociaci\u00f3n il\u00edcita en el caso Odebrecht. En los exteriores del centro, simpatizantes de Glas se agolparon para presenciar el arribo del funcionario. Las personas llevaron banderas de Alianza Pa\u00eds y gritaron consigas en respaldo al Vicepresidente. Los ciudadanos\u00a0se mantuvieron a la espera, a un costado de la avenida De La Prensa. &nbsp; El ingreso de Glas a la C\u00e1rcel 4 fue r\u00e1pido. Los gendarmes montaron un cord\u00f3n de seguridad con vallas met\u00e1licas y permitieron el ingreso de dos autos. De uno de ellos baj\u00f3 el Segundo Mandatario escoltado por varios polic\u00edas. Antes de ingresar a la c\u00e1rcel salud\u00f3 a sus seguidores. Los simpatizantes se agolparon a las vallas para intensificar sus consignas. &#8220;La justicia brillar\u00e1&#8221; y &#8220;Glas inocente&#8221; eran algunas de las frases que reiteraban. El Vicepresidente lleg\u00f3 a la capital despu\u00e9s de que se hiciera efectiva la orden de prisi\u00f3n preventiva. Glas fue despedido por su esposa, coidearios y amigos en la Base A\u00e9rea de Guayaquil, antes de ser trasladado en un avi\u00f3n\u00a0de la FAE desde el Puerto Principal hacia Quito. (I) &nbsp; &nbsp; Fuente: http:\/\/www.elcomercio.com\/actualidad\/jorgeglas-carcel-quito-odebrecht-prisionpreventiva.html<\/p>\n","protected":false},"author":1,"featured_media":245915,"comment_status":"open","ping_status":"open","sticky":false,"template":"","format":"standard","meta":[],"categories":[54,32,40,35,56,46],"tags":[],"_links":{"self":[{"href":"https:\/\/www.ecuadortimes.net\/es\/wp-json\/wp\/v2\/posts\/245914"}],"collection":[{"href":"https:\/\/www.ecuadortimes.net\/es\/wp-json\/wp\/v2\/posts"}],"about":[{"href":"https:\/\/www.ecuadortimes.net\/es\/wp-json\/wp\/v2\/types\/post"}],"author":[{"embeddable":true,"href":"https:\/\/www.ecuadortimes.net\/es\/wp-json\/wp\/v2\/users\/1"}],"replies":[{"embeddable":true,"href":"https:\/\/www.ecuadortimes.net\/es\/wp-json\/wp\/v2\/comments?post=245914"}],"version-history":[{"count":0,"href":"https:\/\/www.ecuadortimes.net\/es\/wp-json\/wp\/v2\/posts\/245914\/revisions"}],"wp:featuredmedia":[{"embeddable":true,"href":"https:\/\/www.ecuadortimes.net\/es\/wp-json\/wp\/v2\/media\/245915"}],"wp:attachment":[{"href":"https:\/\/www.ecuadortimes.net\/es\/wp-json\/wp\/v2\/media?parent=245914"}],"wp:term":[{"taxonomy":"category","embeddable":true,"href":"https:\/\/www.ecuadortimes.net\/es\/wp-json\/wp\/v2\/categories?post=245914"},{"taxonomy":"post_tag","embeddable":true,"href":"https:\/\/www.ecuadortimes.net\/es\/wp-json\/wp\/v2\/tags?post=245914"}],"curies":[{"name":"wp","href":"https:\/\/api.w.org\/{rel}","templated":true}]}}