{"id":245916,"date":"2017-10-03T00:00:00","date_gmt":"2017-10-03T00:00:00","guid":{"rendered":"https:\/\/www.ecuadortimes.net\/es\/estos-son-los-siete-temas-propuestos-por-lenin-moreno-para-la-consulta-y-referendum\/"},"modified":"2017-10-03T00:00:00","modified_gmt":"2017-10-03T00:00:00","slug":"estos-son-los-siete-temas-propuestos-por-lenin-moreno-para-la-consulta-y-referendum","status":"publish","type":"post","link":"https:\/\/www.ecuadortimes.net\/es\/estos-son-los-siete-temas-propuestos-por-lenin-moreno-para-la-consulta-y-referendum\/","title":{"rendered":"Estos son los siete temas propuestos por Len\u00edn Moreno para la consulta y refer\u00e9ndum"},"content":{"rendered":"<p><img loading=\"lazy\" class=\"size-full wp-image-190253 aligncenter\" src=\"https:\/\/www.ecuadortimes.net\/es\/wp-content\/uploads\/2017\/10\/ECUADORTIMES_ECUADORNEWS_SIETE_TEMAS_REFERNDUM_LENIN_MORENO.jpg\" alt=\"\" width=\"675\" height=\"450\" \/><\/p>\n<p>&nbsp;<\/p>\n<p>El Gobierno Nacional, a trav\u00e9s de <strong>la Secretaria Nacional Jur\u00eddica<\/strong>, Johana Pes\u00e1ntez, entreg\u00f3 este lunes el pliego de preguntas para<strong> la\u00a0<a href=\"http:\/\/www.eluniverso.com\/tema\/consulta-popular-0\">consulta popular<\/a>\u00a0a la Corte Constitucional (CC).<\/strong><\/p>\n<p>En su informe semanal de labores, el presidente de la Rep\u00fablica <strong>Len\u00edn Moreno<\/strong> ampli\u00f3 las siete tem\u00e1ticas que se consultar\u00e1 a la ciudadan\u00eda, previo a la calificaci\u00f3n de la Corte Constitucional.<\/p>\n<p><u>Aqu\u00ed los temas propuestos por el Gobierno Nacional:<\/u><\/p>\n<p>&nbsp;<\/p>\n<h2>Primera pregunta<\/h2>\n<p>&nbsp;<\/p>\n<p><img loading=\"lazy\" class=\"size-full wp-image-190268 aligncenter\" src=\"https:\/\/www.ecuadortimes.net\/es\/wp-content\/uploads\/2017\/10\/ECUADORTIMES_ECUADORNEWS_primera_pregunta_CONSULTA_POPULAR_2017jpg.jpg\" alt=\"\" width=\"600\" height=\"227\" \/><\/p>\n<p>&nbsp;<\/p>\n<p>Se refiere al tema de la corrupci\u00f3n, para suprimir de por vida de los derechos pol\u00edticos para los servidores p\u00fablicos declarados culpables de delitos de corrupci\u00f3n para que nunca vuelvan a ser ni funcionarios ni candidatos. Adem\u00e1s, que las empresas corruptas y corruptoras jam\u00e1s vuelva a contratar con el Estado.<\/p>\n<p>La propuesta es que los bienes y propiedades de esas personas se recupere lo que el Estado perdi\u00f3 por corrupci\u00f3n.<\/p>\n<p>&nbsp;<\/p>\n<h2>Segunda pregunta<\/h2>\n<p>&nbsp;<\/p>\n<p><img loading=\"lazy\" class=\"size-full wp-image-190264 aligncenter\" src=\"https:\/\/www.ecuadortimes.net\/es\/wp-content\/uploads\/2017\/10\/ECUADORTIMES_ECUADORNEWS_segunda_pregunta_CONSULTA_POPULAR_2017jpg.jpg\" alt=\"\" width=\"600\" height=\"211\" \/><\/p>\n<p>&nbsp;<\/p>\n<p>Relativa al Consejo de Participaci\u00f3n Ciudadana y Control Social, para cesar inmediatamente en el cargo a los actuales miembros del Consejo. La propuesta es nombrar nuevos integrantes por elecci\u00f3n universal. Hasta eso, un Consejo Transitorio evaluar\u00e1 a las autoridades y los concursos en marcha.<\/p>\n<p>&nbsp;<\/p>\n<h2>Tercera pregunta<\/h2>\n<p>&nbsp;<\/p>\n<p><img loading=\"lazy\" class=\"size-full wp-image-190266 aligncenter\" src=\"https:\/\/www.ecuadortimes.net\/es\/wp-content\/uploads\/2017\/10\/ECUADORTIMES_ECUADORNEWS_tercera_pregunta_CONSULTA_POPULAR_2017jpg.jpg\" alt=\"\" width=\"600\" height=\"224\" \/><\/p>\n<p>&nbsp;<\/p>\n<p>Dejar sin efecto la enmienda que permite la reelecci\u00f3n indefinida. &#8220;Nunca hizo parte del esp\u00edritu ni de la letra de Montecristi&#8221;, dijo el primer mandatario.<\/p>\n<p>&nbsp;<\/p>\n<h2>Cuarta pregunta<\/h2>\n<p>&nbsp;<\/p>\n<p><img loading=\"lazy\" class=\"size-full wp-image-190265 aligncenter\" src=\"https:\/\/www.ecuadortimes.net\/es\/wp-content\/uploads\/2017\/10\/ECUADORTIMES_ECUADORNEWS_cuarta_pregunta_CONSULTA_POPULAR_2017jpg.jpg\" alt=\"\" width=\"600\" height=\"213\" \/><\/p>\n<p>&nbsp;<\/p>\n<p>Se consultar\u00e1 la eliminaci\u00f3n de la denominada Ley de Plusval\u00eda, porque se considera que ha golpeado el sector de la construcci\u00f3n, con efectos negativos en empleo y econom\u00eda.<\/p>\n<p>&nbsp;<\/p>\n<h2>Quinta pregunta<\/h2>\n<p>&nbsp;<\/p>\n<p><img loading=\"lazy\" class=\"size-full wp-image-190263 aligncenter\" src=\"https:\/\/www.ecuadortimes.net\/es\/wp-content\/uploads\/2017\/10\/ECUADORTIMES_ECUADORNEWS_quinta_pregunta_CONSULTA_POPULAR_2017jpg.jpg\" alt=\"\" width=\"600\" height=\"208\" \/><\/p>\n<p>&nbsp;<\/p>\n<p>Se plantea la ampliaci\u00f3n de 50 mil hect\u00e1reas de la Zona Intangible del Yasun\u00ed y la reducci\u00f3n a la tercera parte de la explotaci\u00f3n petrolera en el campo ITT (Ihspingo-Tambococha-Tiputini), ya que a pedido de organizaciones ambientales y sociales que piden la protecci\u00f3n del Yasun\u00ed, se buscar\u00e1 conservar la biodiversidad y el Parque Nacional Yasun\u00ed.<\/p>\n<p>&nbsp;<\/p>\n<h2>Sexta pregunta<\/h2>\n<p>&nbsp;<\/p>\n<p><img loading=\"lazy\" class=\"size-full wp-image-190269 aligncenter\" src=\"https:\/\/www.ecuadortimes.net\/es\/wp-content\/uploads\/2017\/10\/ECUADORTIMES_ECUADORNEWS_sexta_pregunta_CONSULTA_POPULAR_2017jpg.jpg\" alt=\"\" width=\"600\" height=\"214\" \/><\/p>\n<p>&nbsp;<\/p>\n<p>Incluir\u00e1 la restricci\u00f3n de la miner\u00eda met\u00e1lica en todas sus etapas en \u00e1reas protegidas, zonas intangibles y centros urbanos. Se refiere a miner\u00eda responsable que no afecte ni los ecosistemas ni el h\u00e1bitat, para que nunca m\u00e1s haya un desastre como en Zaruma.<\/p>\n<p>&nbsp;<\/p>\n<h2>S\u00e9ptima pregunta<\/h2>\n<p>&nbsp;<\/p>\n<p><img loading=\"lazy\" class=\"size-full wp-image-190267 aligncenter\" src=\"https:\/\/www.ecuadortimes.net\/es\/wp-content\/uploads\/2017\/10\/ECUADORTIMES_ECUADORNEWS_septima_pregunta_CONSULTA_POPULAR_2017jpg.jpg\" alt=\"\" width=\"600\" height=\"212\" \/><\/p>\n<p>&nbsp;<\/p>\n<p>Propone que los cr\u00edmenes sexuales contra ni\u00f1os, ni\u00f1as y adolescentes no prescriban nunca.<\/p>\n<p>En su cuenta de\u00a0<a href=\"https:\/\/twitter.com\/emangasm\/status\/914947964975697920\" target=\"_blank\" rel=\"noopener noreferrer\">Twitter<\/a>, el secretario general de la Presidencia, Eduardo Mangas, public\u00f3 una foto del mandatario firmando el documento que remiti\u00f3 a la Corte Constitucional con las preguntas de la\u00a0<a href=\"http:\/\/www.eluniverso.com\/noticias\/2017\/10\/02\/nota\/6412381\/cual-es-diferencia-consulta-popular-referendum\">consulta popular y refer\u00e9ndum<\/a>\u00a0cuyo contenido se conoci\u00f3 esta noche.<\/p>\n<p><iframe loading=\"lazy\" src=\"https:\/\/www.youtube.com\/embed\/GcfqNA7PygQ\" width=\"560\" height=\"315\" frameborder=\"0\" allowfullscreen=\"allowfullscreen\"><\/iframe><\/p>\n<h2>\u00bfCu\u00e1l es el proceso?<\/h2>\n<p>El pliego pasar\u00e1 a conocimiento de la Sala de Admisi\u00f3n, integrada por las magistradas Tatiana Orde\u00f1ana, Wendy Molina y Ruth Seni. Esta sala deber\u00e1 emitir el auto de admisi\u00f3n para que se proceda con el dictamen respectivo. Con este documento pasa el caso a conocimiento del pleno, que designar\u00e1 un juez ponente que a su vez desarrollar\u00e1 el dictamen para el conocimiento y aprobaci\u00f3n de los nueve magistrados de la Corte Constitucional.<\/p>\n<p><strong>Moreno espera que la consulta popular sirva para rescatar los principios que inspiraron la Constituci\u00f3n de Montecristi del 2008.<\/strong><\/p>\n<p>Las tem\u00e1ticas generales que se han tenido que clasificar comprenden unas 2.739 preguntas de al menos 700 organizaciones se refieren a: transformaci\u00f3n democr\u00e1tica de Estado, justicia social y garant\u00eda de derechos, justicia ambiental, econom\u00eda para la garant\u00eda de derechos, lucha contra la corrupci\u00f3n.<strong>\u00a0<\/strong>(I)<\/p>\n<p>&nbsp;<\/p>\n<p>&nbsp;<\/p>\n<p><strong>Fuente: <\/strong><a href=\"http:\/\/www.eluniverso.com\/noticias\/2017\/10\/02\/nota\/6412375\/preguntas-consulta-popular-ecuador-2017\" target=\"_blank\" rel=\"noopener noreferrer\" data-saferedirecturl=\"https:\/\/www.google.com\/url?hl=es&amp;q=http:\/\/www.eluniverso.com\/noticias\/2017\/10\/02\/nota\/6412375\/preguntas-consulta-popular-ecuador-2017&amp;source=gmail&amp;ust=1507124122078000&amp;usg=AFQjCNGJf8131lycJGIu_oy0DmxiMipcJQ\">http:\/\/www.eluniverso.com\/<wbr \/>noticias\/2017\/10\/02\/nota\/<wbr \/>6412375\/preguntas-consulta-<wbr \/>popular-ecuador-2017<\/a><\/p>\n","protected":false},"excerpt":{"rendered":"<p>&nbsp; El Gobierno Nacional, a trav\u00e9s de la Secretaria Nacional Jur\u00eddica, Johana Pes\u00e1ntez, entreg\u00f3 este lunes el pliego de preguntas para la\u00a0consulta popular\u00a0a la Corte Constitucional (CC). En su informe semanal de labores, el presidente de la Rep\u00fablica Len\u00edn Moreno ampli\u00f3 las siete tem\u00e1ticas que se consultar\u00e1 a la ciudadan\u00eda, previo a la calificaci\u00f3n de la Corte Constitucional. Aqu\u00ed los temas propuestos por el Gobierno Nacional: &nbsp; Primera pregunta &nbsp; &nbsp; Se refiere al tema de la corrupci\u00f3n, para suprimir de por vida de los derechos pol\u00edticos para los servidores p\u00fablicos declarados culpables de delitos de corrupci\u00f3n para que nunca vuelvan a ser ni funcionarios ni candidatos. Adem\u00e1s, que las empresas corruptas y corruptoras jam\u00e1s vuelva a contratar con el Estado. La propuesta es que los bienes y propiedades de esas personas se recupere lo que el Estado perdi\u00f3 por corrupci\u00f3n. &nbsp; Segunda pregunta &nbsp; &nbsp; Relativa al Consejo de Participaci\u00f3n Ciudadana y Control Social, para cesar inmediatamente en el cargo a los actuales miembros del Consejo. La propuesta es nombrar nuevos integrantes por elecci\u00f3n universal. Hasta eso, un Consejo Transitorio evaluar\u00e1 a las autoridades y los concursos en marcha. &nbsp; Tercera pregunta &nbsp; &nbsp; Dejar sin efecto la enmienda que permite la reelecci\u00f3n indefinida. &#8220;Nunca hizo parte del esp\u00edritu ni de la letra de Montecristi&#8221;, dijo el primer mandatario. &nbsp; Cuarta pregunta &nbsp; &nbsp; Se consultar\u00e1 la eliminaci\u00f3n de la denominada Ley de Plusval\u00eda, porque se considera que ha golpeado el sector de la construcci\u00f3n, con efectos negativos en empleo y econom\u00eda. &nbsp; Quinta pregunta &nbsp; &nbsp; Se plantea la ampliaci\u00f3n de 50 mil hect\u00e1reas de la Zona Intangible del Yasun\u00ed y la reducci\u00f3n a la tercera parte de la explotaci\u00f3n petrolera en el campo ITT (Ihspingo-Tambococha-Tiputini), ya que a pedido de organizaciones ambientales y sociales que piden la protecci\u00f3n del Yasun\u00ed, se buscar\u00e1 conservar la biodiversidad y el Parque Nacional Yasun\u00ed. &nbsp; Sexta pregunta &nbsp; &nbsp; Incluir\u00e1 la restricci\u00f3n de la miner\u00eda met\u00e1lica en todas sus etapas en \u00e1reas protegidas, zonas intangibles y centros urbanos. Se refiere a miner\u00eda responsable que no afecte ni los ecosistemas ni el h\u00e1bitat, para que nunca m\u00e1s haya un desastre como en Zaruma. &nbsp; S\u00e9ptima pregunta &nbsp; &nbsp; Propone que los cr\u00edmenes sexuales contra ni\u00f1os, ni\u00f1as y adolescentes no prescriban nunca. En su cuenta de\u00a0Twitter, el secretario general de la Presidencia, Eduardo Mangas, public\u00f3 una foto del mandatario firmando el documento que remiti\u00f3 a la Corte Constitucional con las preguntas de la\u00a0consulta popular y refer\u00e9ndum\u00a0cuyo contenido se conoci\u00f3 esta noche. \u00bfCu\u00e1l es el proceso? El pliego pasar\u00e1 a conocimiento de la Sala de Admisi\u00f3n, integrada por las magistradas Tatiana Orde\u00f1ana, Wendy Molina y Ruth Seni. Esta sala deber\u00e1 emitir el auto de admisi\u00f3n para que se proceda con el dictamen respectivo. Con este documento pasa el caso a conocimiento del pleno, que designar\u00e1 un juez ponente que a su vez desarrollar\u00e1 el dictamen para el conocimiento y aprobaci\u00f3n de los nueve magistrados de la Corte Constitucional. Moreno espera que la consulta popular sirva para rescatar los principios que inspiraron la Constituci\u00f3n de Montecristi del 2008. Las tem\u00e1ticas generales que se han tenido que clasificar comprenden unas 2.739 preguntas de al menos 700 organizaciones se refieren a: transformaci\u00f3n democr\u00e1tica de Estado, justicia social y garant\u00eda de derechos, justicia ambiental, econom\u00eda para la garant\u00eda de derechos, lucha contra la corrupci\u00f3n.\u00a0(I) &nbsp; &nbsp; Fuente: http:\/\/www.eluniverso.com\/noticias\/2017\/10\/02\/nota\/6412375\/preguntas-consulta-popular-ecuador-2017<\/p>\n","protected":false},"author":1,"featured_media":245917,"comment_status":"open","ping_status":"open","sticky":false,"template":"","format":"standard","meta":[],"categories":[54,32,43,40,35],"tags":[],"_links":{"self":[{"href":"https:\/\/www.ecuadortimes.net\/es\/wp-json\/wp\/v2\/posts\/245916"}],"collection":[{"href":"https:\/\/www.ecuadortimes.net\/es\/wp-json\/wp\/v2\/posts"}],"about":[{"href":"https:\/\/www.ecuadortimes.net\/es\/wp-json\/wp\/v2\/types\/post"}],"author":[{"embeddable":true,"href":"https:\/\/www.ecuadortimes.net\/es\/wp-json\/wp\/v2\/users\/1"}],"replies":[{"embeddable":true,"href":"https:\/\/www.ecuadortimes.net\/es\/wp-json\/wp\/v2\/comments?post=245916"}],"version-history":[{"count":0,"href":"https:\/\/www.ecuadortimes.net\/es\/wp-json\/wp\/v2\/posts\/245916\/revisions"}],"wp:featuredmedia":[{"embeddable":true,"href":"https:\/\/www.ecuadortimes.net\/es\/wp-json\/wp\/v2\/media\/245917"}],"wp:attachment":[{"href":"https:\/\/www.ecuadortimes.net\/es\/wp-json\/wp\/v2\/media?parent=245916"}],"wp:term":[{"taxonomy":"category","embeddable":true,"href":"https:\/\/www.ecuadortimes.net\/es\/wp-json\/wp\/v2\/categories?post=245916"},{"taxonomy":"post_tag","embeddable":true,"href":"https:\/\/www.ecuadortimes.net\/es\/wp-json\/wp\/v2\/tags?post=245916"}],"curies":[{"name":"wp","href":"https:\/\/api.w.org\/{rel}","templated":true}]}}