{"id":245920,"date":"2017-10-03T00:00:00","date_gmt":"2017-10-03T00:00:00","guid":{"rendered":"https:\/\/www.ecuadortimes.net\/es\/trabajadores-bananeros-exponen-problematicas\/"},"modified":"2017-10-03T00:00:00","modified_gmt":"2017-10-03T00:00:00","slug":"trabajadores-bananeros-exponen-problematicas","status":"publish","type":"post","link":"https:\/\/www.ecuadortimes.net\/es\/trabajadores-bananeros-exponen-problematicas\/","title":{"rendered":"Trabajadores bananeros exponen problem\u00e1ticas"},"content":{"rendered":"<p><img loading=\"lazy\" class=\"size-full wp-image-190256 aligncenter\" src=\"https:\/\/www.ecuadortimes.net\/es\/wp-content\/uploads\/2017\/10\/ECUADORTIMES_ECUADORNEWS_TRABAJADORES_BANANEROS_EXPONEN_PROBLEMATICA.jpg\" alt=\"\" width=\"753\" height=\"450\" \/><\/p>\n<p>&nbsp;<\/p>\n<p>El derecho a la libertad sindical, el mejoramiento de condiciones de trabajo y la disminuci\u00f3n del uso de pesticidas, fueron los puntos principales que se discutieron ayer en <strong>el Primer Encuentro Internacional de Trabajadores Bananeros, en la Casa de la Cultura, en Guayaquil.<\/strong><\/p>\n<p>La cita, organizada por la <strong>Asociaci\u00f3n Sindical de Trabajadores Agr\u00edcolas y Campesinos (Astac)<\/strong>, agrup\u00f3 a decenas de obreros de plantaciones bananeras del pa\u00eds, as\u00ed como representantes de Colombia, Per\u00fa y Filipinas; con el apoyo de seis organizaciones europeas sin fines de lucro que financiaron la realizaci\u00f3n del encuentro.<\/p>\n<p><strong>Frank Brazzel, vicedirector de pol\u00edticas de Oxfam, una de estas ONG<\/strong>, dijo sentirse sorprendido por las malas condiciones en las que se trabaja en algunas fincas en Ecuador. Cuando hay la intenci\u00f3n de agruparse para formar un sindicato, enseguida llegan las persecuciones, amenazas y hasta despidos\u009d, coment\u00f3 preocupado el alem\u00e1n, quien lament\u00f3 la situaci\u00f3n y se\u00f1al\u00f3 que esto pudiera tener repercusiones en el acuerdo multipartes que Ecuador firm\u00f3 con la Uni\u00f3n Europea (EU) a finales del 2016, pues no se estar\u00eda cumpliendo el cap\u00edtulo de Desarrollo Sostenible que incluye ese tratado.<\/p>\n<p>Jorge Acosta, coordinador general de Astac, confirm\u00f3 que existen violaciones de derechos en el sector bananero.<\/p>\n<p>Dijo que, por ejemplo, as\u00ed como el anterior el Gobierno actual se ha negado a reconocer su sindicato, por eso presentaron una queja ante la Organizaci\u00f3n Internacional del Trabajo (OIT), que en un informe preliminar recomend\u00f3 al r\u00e9gimen reconocerlo, lo que \u0093seg\u00fan Acosta\u0093 no ha sucedido.<\/p>\n<p>Denunci\u00f3 adem\u00e1s que a los peque\u00f1os productores solo se les pagan $ 2 por la caja de la fruta, cuando el valor oficial es de $ 6,26. Incluy\u00f3 a supermercados europeos que pagan un precio injusto\u009d por la fruta. El encuentro culmina hoy con la presencia del ministro de Comercio, Pablo Campana.<\/p>\n<p><strong>200\u00a0mil\u00a0<\/strong>trabajadores laboran directamente en el sector bananero y 2 millones indirectamente.\u00a0(I)<\/p>\n<p>&nbsp;<\/p>\n<p>&nbsp;<\/p>\n<p><strong>Fuente: <\/strong><a href=\"http:\/\/www.eluniverso.com\/noticias\/2017\/10\/03\/nota\/6412906\/trabajadores-bananeros-exponen-problematicas\" target=\"_blank\" rel=\"noopener noreferrer\" data-saferedirecturl=\"https:\/\/www.google.com\/url?hl=es&amp;q=http:\/\/www.eluniverso.com\/noticias\/2017\/10\/03\/nota\/6412906\/trabajadores-bananeros-exponen-problematicas&amp;source=gmail&amp;ust=1507124122078000&amp;usg=AFQjCNFqx32GxmwkcSeCJL-lCHWtaXbWUw\">http:\/\/www.eluniverso.com\/<wbr \/>noticias\/2017\/10\/03\/nota\/<wbr \/>6412906\/trabajadores-<wbr \/>bananeros-exponen-<wbr \/>problematicas<\/a><\/p>\n","protected":false},"excerpt":{"rendered":"<p>&nbsp; El derecho a la libertad sindical, el mejoramiento de condiciones de trabajo y la disminuci\u00f3n del uso de pesticidas, fueron los puntos principales que se discutieron ayer en el Primer Encuentro Internacional de Trabajadores Bananeros, en la Casa de la Cultura, en Guayaquil. La cita, organizada por la Asociaci\u00f3n Sindical de Trabajadores Agr\u00edcolas y Campesinos (Astac), agrup\u00f3 a decenas de obreros de plantaciones bananeras del pa\u00eds, as\u00ed como representantes de Colombia, Per\u00fa y Filipinas; con el apoyo de seis organizaciones europeas sin fines de lucro que financiaron la realizaci\u00f3n del encuentro. Frank Brazzel, vicedirector de pol\u00edticas de Oxfam, una de estas ONG, dijo sentirse sorprendido por las malas condiciones en las que se trabaja en algunas fincas en Ecuador. Cuando hay la intenci\u00f3n de agruparse para formar un sindicato, enseguida llegan las persecuciones, amenazas y hasta despidos\u009d, coment\u00f3 preocupado el alem\u00e1n, quien lament\u00f3 la situaci\u00f3n y se\u00f1al\u00f3 que esto pudiera tener repercusiones en el acuerdo multipartes que Ecuador firm\u00f3 con la Uni\u00f3n Europea (EU) a finales del 2016, pues no se estar\u00eda cumpliendo el cap\u00edtulo de Desarrollo Sostenible que incluye ese tratado. Jorge Acosta, coordinador general de Astac, confirm\u00f3 que existen violaciones de derechos en el sector bananero. Dijo que, por ejemplo, as\u00ed como el anterior el Gobierno actual se ha negado a reconocer su sindicato, por eso presentaron una queja ante la Organizaci\u00f3n Internacional del Trabajo (OIT), que en un informe preliminar recomend\u00f3 al r\u00e9gimen reconocerlo, lo que \u0093seg\u00fan Acosta\u0093 no ha sucedido. Denunci\u00f3 adem\u00e1s que a los peque\u00f1os productores solo se les pagan $ 2 por la caja de la fruta, cuando el valor oficial es de $ 6,26. Incluy\u00f3 a supermercados europeos que pagan un precio injusto\u009d por la fruta. El encuentro culmina hoy con la presencia del ministro de Comercio, Pablo Campana. 200\u00a0mil\u00a0trabajadores laboran directamente en el sector bananero y 2 millones indirectamente.\u00a0(I) &nbsp; &nbsp; Fuente: http:\/\/www.eluniverso.com\/noticias\/2017\/10\/03\/nota\/6412906\/trabajadores-bananeros-exponen-problematicas<\/p>\n","protected":false},"author":1,"featured_media":245921,"comment_status":"open","ping_status":"open","sticky":false,"template":"","format":"standard","meta":[],"categories":[54,32,43,40,35],"tags":[],"_links":{"self":[{"href":"https:\/\/www.ecuadortimes.net\/es\/wp-json\/wp\/v2\/posts\/245920"}],"collection":[{"href":"https:\/\/www.ecuadortimes.net\/es\/wp-json\/wp\/v2\/posts"}],"about":[{"href":"https:\/\/www.ecuadortimes.net\/es\/wp-json\/wp\/v2\/types\/post"}],"author":[{"embeddable":true,"href":"https:\/\/www.ecuadortimes.net\/es\/wp-json\/wp\/v2\/users\/1"}],"replies":[{"embeddable":true,"href":"https:\/\/www.ecuadortimes.net\/es\/wp-json\/wp\/v2\/comments?post=245920"}],"version-history":[{"count":0,"href":"https:\/\/www.ecuadortimes.net\/es\/wp-json\/wp\/v2\/posts\/245920\/revisions"}],"wp:featuredmedia":[{"embeddable":true,"href":"https:\/\/www.ecuadortimes.net\/es\/wp-json\/wp\/v2\/media\/245921"}],"wp:attachment":[{"href":"https:\/\/www.ecuadortimes.net\/es\/wp-json\/wp\/v2\/media?parent=245920"}],"wp:term":[{"taxonomy":"category","embeddable":true,"href":"https:\/\/www.ecuadortimes.net\/es\/wp-json\/wp\/v2\/categories?post=245920"},{"taxonomy":"post_tag","embeddable":true,"href":"https:\/\/www.ecuadortimes.net\/es\/wp-json\/wp\/v2\/tags?post=245920"}],"curies":[{"name":"wp","href":"https:\/\/api.w.org\/{rel}","templated":true}]}}