{"id":245922,"date":"2017-10-03T00:00:00","date_gmt":"2017-10-03T00:00:00","guid":{"rendered":"https:\/\/www.ecuadortimes.net\/es\/jorge-glas-es-parte-de-la-lista-de-presidentes-y-vicepresidentes-indagados-por-el-caso-odebrecht-en-latinoamerica\/"},"modified":"2017-10-03T00:00:00","modified_gmt":"2017-10-03T00:00:00","slug":"jorge-glas-es-parte-de-la-lista-de-presidentes-y-vicepresidentes-indagados-por-el-caso-odebrecht-en-latinoamerica","status":"publish","type":"post","link":"https:\/\/www.ecuadortimes.net\/es\/jorge-glas-es-parte-de-la-lista-de-presidentes-y-vicepresidentes-indagados-por-el-caso-odebrecht-en-latinoamerica\/","title":{"rendered":"Jorge Glas es parte de la lista de presidentes y vicepresidentes indagados por el caso Odebrecht en Latinoam\u00e9rica"},"content":{"rendered":"<p><img loading=\"lazy\" class=\"size-full wp-image-190251 aligncenter\" src=\"https:\/\/www.ecuadortimes.net\/es\/wp-content\/uploads\/2017\/10\/ECUADORTIMES_ECUADORNEWS_JORGE_GLAS_LISTA_POLITICOS_ODEBRECHT_LATINOAMERICA.jpeg\" alt=\"\" width=\"612\" height=\"340\" \/><\/p>\n<p>&nbsp;<\/p>\n<p>Las investigaciones judiciales que se llevan en <strong>Latinoam\u00e9rica por el caso Odebrecht<\/strong> han salpicado a <strong>una serie de presidentes y vicepresidentes<\/strong>. En Ecuador, la Fiscal\u00eda ya ha pedido la prisi\u00f3n preventiva del segundo mandatario, <strong>Jorge Glas<\/strong>. Adem\u00e1s ya abri\u00f3 una nueva indagaci\u00f3n en su contra por el presunto delito de cohecho.<\/p>\n<p>Pero en pa\u00edses cercanos como Per\u00fa y Colombia, las indagaciones tambi\u00e9n han salpicado a exmandatarios. Por ejemplo en Per\u00fa, las autoridades han emitido \u00f3rdenes de captura en contra de <strong>Alejandro Toledo y Ollanta Humala<\/strong>. La esposa de este \u00faltimo tambi\u00e9n ha sido indagada.<\/p>\n<p>En cambio, en Colombia, la Fiscal\u00eda indaga la entrega de sobornos a la campa\u00f1a del <strong>actual presidente Juan Manuel Santos.<\/strong> En Brasil, pa\u00eds en donde radica la constructora, las autoridades rastrean sobornos entregados al actual <strong>presidente Michel Temer cuando era vicepresidente de la exmandataria, Dilma Roussef.<\/strong> Ella tambi\u00e9n es indagada por actos de corrupci\u00f3n, al igual que su antecesor y l\u00edder pol\u00edtico, Luiz Inacio Lula da Silva.<\/p>\n<p>Otros pol\u00edticos que figuran en la lista de mandatarios indagados est\u00e1n en Rep\u00fablica Dominicana. <strong>Delatores de Odebrecht como Rodrigo Tacla<\/strong> han se\u00f1alado que exist\u00edan estrechas relaciones con el presidente Danilo Medina. En tanto, en Panam\u00e1, la Fiscal\u00eda indaga al hermano de la <strong>vicepresidenta Saint Malo de Alvarado<\/strong> por blanqueo de capitales. (I)<\/p>\n<p>&nbsp;<\/p>\n<p><strong>Fuente: <\/strong><a href=\"http:\/\/www.elcomercio.com\/actualidad\/jorgeglas-lista-odebrecht-latinoamerica-investigacion.html\" target=\"_blank\" rel=\"noopener noreferrer\" data-saferedirecturl=\"https:\/\/www.google.com\/url?hl=es&amp;q=http:\/\/www.elcomercio.com\/actualidad\/jorgeglas-lista-odebrecht-latinoamerica-investigacion.html&amp;source=gmail&amp;ust=1507124122078000&amp;usg=AFQjCNGV-EZLkbxTnAEPGnlsmELD7J2kCQ\">http:\/\/www.elcomercio.com\/<wbr \/>actualidad\/jorgeglas-lista-<wbr \/>odebrecht-latinoamerica-<wbr \/>investigacion.html<\/a><\/p>\n","protected":false},"excerpt":{"rendered":"<p>&nbsp; Las investigaciones judiciales que se llevan en Latinoam\u00e9rica por el caso Odebrecht han salpicado a una serie de presidentes y vicepresidentes. En Ecuador, la Fiscal\u00eda ya ha pedido la prisi\u00f3n preventiva del segundo mandatario, Jorge Glas. Adem\u00e1s ya abri\u00f3 una nueva indagaci\u00f3n en su contra por el presunto delito de cohecho. Pero en pa\u00edses cercanos como Per\u00fa y Colombia, las indagaciones tambi\u00e9n han salpicado a exmandatarios. Por ejemplo en Per\u00fa, las autoridades han emitido \u00f3rdenes de captura en contra de Alejandro Toledo y Ollanta Humala. La esposa de este \u00faltimo tambi\u00e9n ha sido indagada. En cambio, en Colombia, la Fiscal\u00eda indaga la entrega de sobornos a la campa\u00f1a del actual presidente Juan Manuel Santos. En Brasil, pa\u00eds en donde radica la constructora, las autoridades rastrean sobornos entregados al actual presidente Michel Temer cuando era vicepresidente de la exmandataria, Dilma Roussef. Ella tambi\u00e9n es indagada por actos de corrupci\u00f3n, al igual que su antecesor y l\u00edder pol\u00edtico, Luiz Inacio Lula da Silva. Otros pol\u00edticos que figuran en la lista de mandatarios indagados est\u00e1n en Rep\u00fablica Dominicana. Delatores de Odebrecht como Rodrigo Tacla han se\u00f1alado que exist\u00edan estrechas relaciones con el presidente Danilo Medina. En tanto, en Panam\u00e1, la Fiscal\u00eda indaga al hermano de la vicepresidenta Saint Malo de Alvarado por blanqueo de capitales. (I) &nbsp; Fuente: http:\/\/www.elcomercio.com\/actualidad\/jorgeglas-lista-odebrecht-latinoamerica-investigacion.html<\/p>\n","protected":false},"author":1,"featured_media":245923,"comment_status":"open","ping_status":"open","sticky":false,"template":"","format":"standard","meta":[],"categories":[54,32,33,51,40,35],"tags":[],"_links":{"self":[{"href":"https:\/\/www.ecuadortimes.net\/es\/wp-json\/wp\/v2\/posts\/245922"}],"collection":[{"href":"https:\/\/www.ecuadortimes.net\/es\/wp-json\/wp\/v2\/posts"}],"about":[{"href":"https:\/\/www.ecuadortimes.net\/es\/wp-json\/wp\/v2\/types\/post"}],"author":[{"embeddable":true,"href":"https:\/\/www.ecuadortimes.net\/es\/wp-json\/wp\/v2\/users\/1"}],"replies":[{"embeddable":true,"href":"https:\/\/www.ecuadortimes.net\/es\/wp-json\/wp\/v2\/comments?post=245922"}],"version-history":[{"count":0,"href":"https:\/\/www.ecuadortimes.net\/es\/wp-json\/wp\/v2\/posts\/245922\/revisions"}],"wp:featuredmedia":[{"embeddable":true,"href":"https:\/\/www.ecuadortimes.net\/es\/wp-json\/wp\/v2\/media\/245923"}],"wp:attachment":[{"href":"https:\/\/www.ecuadortimes.net\/es\/wp-json\/wp\/v2\/media?parent=245922"}],"wp:term":[{"taxonomy":"category","embeddable":true,"href":"https:\/\/www.ecuadortimes.net\/es\/wp-json\/wp\/v2\/categories?post=245922"},{"taxonomy":"post_tag","embeddable":true,"href":"https:\/\/www.ecuadortimes.net\/es\/wp-json\/wp\/v2\/tags?post=245922"}],"curies":[{"name":"wp","href":"https:\/\/api.w.org\/{rel}","templated":true}]}}