{"id":245930,"date":"2017-10-03T00:00:00","date_gmt":"2017-10-03T00:00:00","guid":{"rendered":"https:\/\/www.ecuadortimes.net\/es\/gobierno-y-mineras-deben-buscar-equilibrio\/"},"modified":"2017-10-03T00:00:00","modified_gmt":"2017-10-03T00:00:00","slug":"gobierno-y-mineras-deben-buscar-equilibrio","status":"publish","type":"post","link":"https:\/\/www.ecuadortimes.net\/es\/gobierno-y-mineras-deben-buscar-equilibrio\/","title":{"rendered":"&#8220;Gobierno y mineras deben buscar equilibrio&#8221;"},"content":{"rendered":"<p><img loading=\"lazy\" class=\"size-full wp-image-190247 aligncenter\" src=\"https:\/\/www.ecuadortimes.net\/es\/wp-content\/uploads\/2017\/10\/ECUADORTIMES_ECUADORNEWS_GOBIERNO_Y_MINERAS_DEBEN_MOSTRAR_EQUILIBRIO.jpg\" alt=\"\" width=\"1170\" height=\"552\" \/><\/p>\n<p>&nbsp;<\/p>\n<p>La industria minera en Ecuador es incipiente, dice Gustavo Lagos, sin que su comentario implique tintes peyorativos. Lo dijo porque ahora Ecuador se est\u00e1 abriendo al mundo y busca atraer importantes inversiones que potencien al sector.<\/p>\n<p>A su criterio, entre los retos m\u00e1s grandes que enfrenta el pa\u00eds est\u00e1 despejar los temores en torno a la actividad minera. Lagos, reconocido experto chileno en temas mineros, estuvo la semana pasada en Quito para participar en el <strong>Segundo Congreso de Miner\u00eda y Ambiente<\/strong>.<\/p>\n<p>&nbsp;<\/p>\n<p><strong>\u00bfQu\u00e9 es la miner\u00eda responsable?<\/strong><\/p>\n<p>Es una actividad que produce los m\u00ednimos impactos ambientales posibles. Siempre va a haber impacto. Si alguien cree que la miner\u00eda se podr\u00e1 hacer sin impacto, est\u00e1 equivocado. Cualquier actividad humana tiene impacto ambiental. Lo que hay que asegurar es que esos impactos sean m\u00ednimos. Eso hay que alcanzarlo con un grupo de personas que tengan suficientes conocimientos y experiencia.<\/p>\n<p>&nbsp;<\/p>\n<p><strong>\u00bfY el rol de las empresas con la comunidad, c\u00f3mo deben trabajar?<\/strong><\/p>\n<p>Lo que pasa es que hay que entender c\u00f3mo se van creando los miedos de las personas. Las tres cosas m\u00e1s importantes ante la presencia de una empresa minera son: generaci\u00f3n de polvo, agua sucia o que ocupar\u00e1n parte del agua de consumo humano. En cada caso hay que estudiar si eso es real o no. No hay una receta \u00fanica. Depende de las caracter\u00edsticas de cada poblaci\u00f3n, el territorio y la distancia entre el yacimiento y la comunidad. Tambi\u00e9n depende del juicio que pudo tener la ciudadan\u00eda antes de que llegue la compa\u00f1\u00eda. Por ejemplo, si cree que la empresa va a hacer lo mismo que la miner\u00eda artesanal, entonces puede ser que est\u00e9 en contra. Y si a eso se suma alg\u00fan grupo pol\u00edtico que siembre incertidumbres creando temores que no son efectivos, la situaci\u00f3n se torna compleja. Hay que trabajar en diluir esos miedos.<\/p>\n<p>&nbsp;<\/p>\n<p><strong>La responsabilidad social de las empresas es una obligaci\u00f3n\u00a6<\/strong><\/p>\n<p>En efecto, es una obligaci\u00f3n. Es algo que se ha aprendido en los \u00faltimos 25 a\u00f1os. La responsabilidad social no es un anexo del proyecto minero, sino parte de \u00e9l.<\/p>\n<p>&nbsp;<\/p>\n<p><strong>\u00bfQu\u00e9 oportunidades tiene el pa\u00eds para alcanzar el desarrollo tecnol\u00f3gico en miner\u00eda?<\/strong><\/p>\n<p>Las empresas que saben hacer miner\u00eda de alta calidad son pocas, ser\u00e1n 20 o 30 en el mundo. Una de las preocupaciones del Gobierno deber\u00eda ser que hubiese por lo menos una o 2 escuelas a nivel universitario y otras 2 a nivel t\u00e9cnico en donde pudiera entrenarse a la gente que va a desempe\u00f1arse en miner\u00eda, profesionales y trabajadores ecuatorianos. Chile demostr\u00f3 con la nacionalizaci\u00f3n del cobre, en 1971, que el Estado lo pod\u00eda hacer y ganando plata prepar\u00f3 a la gente. Por eso es que los chilenos piden m\u00e1s al Estado, porque Codelco lo ha hecho bien. Si lo hubiera hecho mal, como el caso peruano, se inclinar\u00edan por la privatizaci\u00f3n. Que Codelco lo haya hecho bien es casi un milagro y para m\u00ed esa no es la receta. Creo que lo mejor es tener un contrato equilibrado entre el Gobierno y las empresas, que permita dejar una parte importante de las utilidades, pero que al mismo tiempo incentive la inversi\u00f3n.<\/p>\n<p>&nbsp;<\/p>\n<p><strong>\u00bfEntonces conviene m\u00e1s una alianza p\u00fablico-privada?<\/strong><\/p>\n<p>La miner\u00eda es como el matrimonio. Las empresas multinacionales y los pa\u00edses contraen matrimonio y esto es un contrato de largo plazo. Una vez que est\u00e1 hecha la inversi\u00f3n no hay nada que hacer, la empresa no se la puede llevar, ni el Gobierno tiene la posibilidad de cambiar las normas del contrato, eso puede provocar un divorcio. Las modificaciones del contrato deben ser claras para que el matrimonio perdure.<\/p>\n<p>&nbsp;<\/p>\n<p><strong>\u00bfC\u00f3mo armonizar la relaci\u00f3n entre la empresa privada y el Gobierno?<\/strong><\/p>\n<p>En Europa y Estados Unidos todo est\u00e1 normado. Sabemos en qu\u00e9 territorio se puede hacer miner\u00eda y en cu\u00e1l no. Si la empresa cumple la norma no se necesita un estudio de impacto ambiental, porque el marco legal est\u00e1 muy delimitado. En nuestros pa\u00edses, en donde no ten\u00edamos norma hasta hace poco tiempo, por supuesto que hay estudios de impacto ambiental, pero son muy demorados, largos y no van a satisfacer a todos. Lo ideal ser\u00eda que las empresas siempre tuvieran como meta usar la mejor tecnolog\u00eda disponible. Pero no siempre es as\u00ed. Esto es responsabilidad de la empresa, pero tambi\u00e9n del Gobierno al no exigir la mejor tecnolog\u00eda. Quienes ejercen controles deben tener eso en mente. (I)<\/p>\n<p>&nbsp;<\/p>\n<p>&nbsp;<\/p>\n<p>&nbsp;<\/p>\n<p><strong>Fuente: <\/strong><a href=\"http:\/\/www.eltelegrafo.com.ec\/noticias\/economia\/8\/gobierno-y-mineras-deben-buscar-equilibrio\" target=\"_blank\" rel=\"noopener noreferrer\" data-saferedirecturl=\"https:\/\/www.google.com\/url?hl=es&amp;q=http:\/\/www.eltelegrafo.com.ec\/noticias\/economia\/8\/gobierno-y-mineras-deben-buscar-equilibrio&amp;source=gmail&amp;ust=1507124122078000&amp;usg=AFQjCNGS8FXP_AuYGuyT-3DucIhUaBajMA\">http:\/\/www.eltelegrafo.com.ec\/<wbr \/>noticias\/economia\/8\/gobierno-<wbr \/>y-mineras-deben-buscar-<wbr \/>equilibrio<\/a><\/p>\n","protected":false},"excerpt":{"rendered":"<p>&nbsp; La industria minera en Ecuador es incipiente, dice Gustavo Lagos, sin que su comentario implique tintes peyorativos. Lo dijo porque ahora Ecuador se est\u00e1 abriendo al mundo y busca atraer importantes inversiones que potencien al sector. A su criterio, entre los retos m\u00e1s grandes que enfrenta el pa\u00eds est\u00e1 despejar los temores en torno a la actividad minera. Lagos, reconocido experto chileno en temas mineros, estuvo la semana pasada en Quito para participar en el Segundo Congreso de Miner\u00eda y Ambiente. &nbsp; \u00bfQu\u00e9 es la miner\u00eda responsable? Es una actividad que produce los m\u00ednimos impactos ambientales posibles. Siempre va a haber impacto. Si alguien cree que la miner\u00eda se podr\u00e1 hacer sin impacto, est\u00e1 equivocado. Cualquier actividad humana tiene impacto ambiental. Lo que hay que asegurar es que esos impactos sean m\u00ednimos. Eso hay que alcanzarlo con un grupo de personas que tengan suficientes conocimientos y experiencia. &nbsp; \u00bfY el rol de las empresas con la comunidad, c\u00f3mo deben trabajar? Lo que pasa es que hay que entender c\u00f3mo se van creando los miedos de las personas. Las tres cosas m\u00e1s importantes ante la presencia de una empresa minera son: generaci\u00f3n de polvo, agua sucia o que ocupar\u00e1n parte del agua de consumo humano. En cada caso hay que estudiar si eso es real o no. No hay una receta \u00fanica. Depende de las caracter\u00edsticas de cada poblaci\u00f3n, el territorio y la distancia entre el yacimiento y la comunidad. Tambi\u00e9n depende del juicio que pudo tener la ciudadan\u00eda antes de que llegue la compa\u00f1\u00eda. Por ejemplo, si cree que la empresa va a hacer lo mismo que la miner\u00eda artesanal, entonces puede ser que est\u00e9 en contra. Y si a eso se suma alg\u00fan grupo pol\u00edtico que siembre incertidumbres creando temores que no son efectivos, la situaci\u00f3n se torna compleja. Hay que trabajar en diluir esos miedos. &nbsp; La responsabilidad social de las empresas es una obligaci\u00f3n\u00a6 En efecto, es una obligaci\u00f3n. Es algo que se ha aprendido en los \u00faltimos 25 a\u00f1os. La responsabilidad social no es un anexo del proyecto minero, sino parte de \u00e9l. &nbsp; \u00bfQu\u00e9 oportunidades tiene el pa\u00eds para alcanzar el desarrollo tecnol\u00f3gico en miner\u00eda? Las empresas que saben hacer miner\u00eda de alta calidad son pocas, ser\u00e1n 20 o 30 en el mundo. Una de las preocupaciones del Gobierno deber\u00eda ser que hubiese por lo menos una o 2 escuelas a nivel universitario y otras 2 a nivel t\u00e9cnico en donde pudiera entrenarse a la gente que va a desempe\u00f1arse en miner\u00eda, profesionales y trabajadores ecuatorianos. Chile demostr\u00f3 con la nacionalizaci\u00f3n del cobre, en 1971, que el Estado lo pod\u00eda hacer y ganando plata prepar\u00f3 a la gente. Por eso es que los chilenos piden m\u00e1s al Estado, porque Codelco lo ha hecho bien. Si lo hubiera hecho mal, como el caso peruano, se inclinar\u00edan por la privatizaci\u00f3n. Que Codelco lo haya hecho bien es casi un milagro y para m\u00ed esa no es la receta. Creo que lo mejor es tener un contrato equilibrado entre el Gobierno y las empresas, que permita dejar una parte importante de las utilidades, pero que al mismo tiempo incentive la inversi\u00f3n. &nbsp; \u00bfEntonces conviene m\u00e1s una alianza p\u00fablico-privada? La miner\u00eda es como el matrimonio. Las empresas multinacionales y los pa\u00edses contraen matrimonio y esto es un contrato de largo plazo. Una vez que est\u00e1 hecha la inversi\u00f3n no hay nada que hacer, la empresa no se la puede llevar, ni el Gobierno tiene la posibilidad de cambiar las normas del contrato, eso puede provocar un divorcio. Las modificaciones del contrato deben ser claras para que el matrimonio perdure. &nbsp; \u00bfC\u00f3mo armonizar la relaci\u00f3n entre la empresa privada y el Gobierno? En Europa y Estados Unidos todo est\u00e1 normado. Sabemos en qu\u00e9 territorio se puede hacer miner\u00eda y en cu\u00e1l no. Si la empresa cumple la norma no se necesita un estudio de impacto ambiental, porque el marco legal est\u00e1 muy delimitado. En nuestros pa\u00edses, en donde no ten\u00edamos norma hasta hace poco tiempo, por supuesto que hay estudios de impacto ambiental, pero son muy demorados, largos y no van a satisfacer a todos. Lo ideal ser\u00eda que las empresas siempre tuvieran como meta usar la mejor tecnolog\u00eda disponible. Pero no siempre es as\u00ed. Esto es responsabilidad de la empresa, pero tambi\u00e9n del Gobierno al no exigir la mejor tecnolog\u00eda. Quienes ejercen controles deben tener eso en mente. (I) &nbsp; &nbsp; &nbsp; Fuente: http:\/\/www.eltelegrafo.com.ec\/noticias\/economia\/8\/gobierno-y-mineras-deben-buscar-equilibrio<\/p>\n","protected":false},"author":1,"featured_media":245931,"comment_status":"open","ping_status":"open","sticky":false,"template":"","format":"standard","meta":[],"categories":[54,32,43,40],"tags":[],"_links":{"self":[{"href":"https:\/\/www.ecuadortimes.net\/es\/wp-json\/wp\/v2\/posts\/245930"}],"collection":[{"href":"https:\/\/www.ecuadortimes.net\/es\/wp-json\/wp\/v2\/posts"}],"about":[{"href":"https:\/\/www.ecuadortimes.net\/es\/wp-json\/wp\/v2\/types\/post"}],"author":[{"embeddable":true,"href":"https:\/\/www.ecuadortimes.net\/es\/wp-json\/wp\/v2\/users\/1"}],"replies":[{"embeddable":true,"href":"https:\/\/www.ecuadortimes.net\/es\/wp-json\/wp\/v2\/comments?post=245930"}],"version-history":[{"count":0,"href":"https:\/\/www.ecuadortimes.net\/es\/wp-json\/wp\/v2\/posts\/245930\/revisions"}],"wp:featuredmedia":[{"embeddable":true,"href":"https:\/\/www.ecuadortimes.net\/es\/wp-json\/wp\/v2\/media\/245931"}],"wp:attachment":[{"href":"https:\/\/www.ecuadortimes.net\/es\/wp-json\/wp\/v2\/media?parent=245930"}],"wp:term":[{"taxonomy":"category","embeddable":true,"href":"https:\/\/www.ecuadortimes.net\/es\/wp-json\/wp\/v2\/categories?post=245930"},{"taxonomy":"post_tag","embeddable":true,"href":"https:\/\/www.ecuadortimes.net\/es\/wp-json\/wp\/v2\/tags?post=245930"}],"curies":[{"name":"wp","href":"https:\/\/api.w.org\/{rel}","templated":true}]}}