{"id":245944,"date":"2017-10-04T00:00:00","date_gmt":"2017-10-04T00:00:00","guid":{"rendered":"https:\/\/www.ecuadortimes.net\/es\/bloque-alianza-pais-sin-una-salida-en-caso-de-jorge-glas-que-evite-ruptura\/"},"modified":"2017-10-04T00:00:00","modified_gmt":"2017-10-04T00:00:00","slug":"bloque-alianza-pais-sin-una-salida-en-caso-de-jorge-glas-que-evite-ruptura","status":"publish","type":"post","link":"https:\/\/www.ecuadortimes.net\/es\/bloque-alianza-pais-sin-una-salida-en-caso-de-jorge-glas-que-evite-ruptura\/","title":{"rendered":"Bloque Alianza PAIS, sin una salida en caso de Jorge Glas que evite ruptura"},"content":{"rendered":"<p><img loading=\"lazy\" class=\"size-full wp-image-190293 aligncenter\" src=\"https:\/\/www.ecuadortimes.net\/es\/wp-content\/uploads\/2017\/10\/ECUADORTIMES_ECUADORNEWS_ALIANZA_PAIS_SIN_SALIDA.jpg\" alt=\"\" width=\"675\" height=\"450\" \/><\/p>\n<p>&nbsp;<\/p>\n<div class=\"location-event\"><strong>Quito &#8211; <\/strong>Desde el domingo pasado, el bloque oficialista de\u00a0<a href=\"http:\/\/www.eluniverso.com\/tema\/alianza-pais\" target=\"_blank\" rel=\"noopener noreferrer\"><strong>Alianza PAIS<\/strong><\/a>\u00a0ensaya una salida pol\u00edtica frente al caso del vicepresidente de la Rep\u00fablica, <strong>Jorge Glas<\/strong>, que evite el fraccionamiento interno de sus miembros.<\/div>\n<p>Ayer tampoco sali\u00f3 humo blanco\u009d y no se logr\u00f3 conciliar dos posturas bien marcadas que mantienen en zozobra a varios legisladores.<\/p>\n<p>La primera fue propuesta por <strong>el presidente de la Asamblea, Jos\u00e9 Serrano, en Manab\u00ed, que frente a una situaci\u00f3n \u0098insostenible\u0099, Jorge Glas debe dar un paso al costado por el bien del proceso.<\/strong><\/p>\n<p>La otra postura fue revelada por<strong> Sof\u00eda Esp\u00edn<\/strong>, representante de Guayas, de que el <strong>bloque AP<\/strong> debe defender el derecho del vicepresidente Glas a la presunci\u00f3n de inocencia, porque hasta el momento no hay pruebas contundentes. Que la medida de la prisi\u00f3n preventiva es excesiva y que se debe esperar a que el sistema de justicia acoja el recurso de apelaci\u00f3n.<\/p>\n<p>Los manabitas Ricardo Zambrano y Daniel Mendoza se ratificaron en la posici\u00f3n que la comparten con Serrano, de que Glas deber\u00eda hacerse a un lado y que sin actuar como jueces y en aras del bienestar de los ecuatorianos\u009d, algunos asamble\u00edstas consideran que Glas deber\u00eda dar ese paso\u009d, afirm\u00f3 Mendoza.<\/p>\n<p>Para la aliada de <strong>AP Silvia Salgada (PSE),<\/strong> tras la reuni\u00f3n de ayer a\u00fan no hay una salida; que hay algunos puntos de vista que en alg\u00fan momento se expondr\u00e1n, pero decisi\u00f3n respecto a Jorge Glas, ninguna.<\/p>\n<p>Mauricio Proa\u00f1o coment\u00f3 que los asamble\u00edstas no son jueces, y pol\u00edticamente lo que har\u00e1n es vigilar para que en el proceso contra Glas se respete la institucionalidad. La postura de Serrano es personal y no hay respaldo dentro del bloque, y creemos que no podemos interferir en la justicia\u009d.<\/p>\n<p>A estas dos posturas se suma al debate el anuncio de los sectores pol\u00edticos de oposici\u00f3n de que en esta semana oficializar\u00e1n un nuevo pedido de juicio pol\u00edtico en contra del vicepresidente Jorge Glas, por supuestos delitos de concusi\u00f3n, cohecho, peculado y enriquecimiento il\u00edcito. Aunque para el oficialismo, seg\u00fan Proa\u00f1o, no cabe un juicio pol\u00edtico, porque el caso Glas ya se judicaliz\u00f3, y que es un proceso legal en el que no cabe lo pol\u00edtico.<\/p>\n<p>Aunque lo hicieron por separado, los bloques CREO, PSC y SUMA, ayer empezaron a recoger firmas de apoyo al juicio contra el vicepresidente Jorge Glas, ahora privado de libertad. Seg\u00fan lo planificado, las firmas se recibir\u00e1n hasta el jueves y la oficializaci\u00f3n de la petici\u00f3n se realizar\u00e1 ese mismo d\u00eda, en el que se espera que cada sector tenga un interpelante.<\/p>\n<p>Las acusaciones contra Glas, que la oposici\u00f3n incluir\u00e1 en el proceso pol\u00edtico, se refieren al cohecho en el caso Odebrecht; peculado en el caso Singue; peculado, cohecho y enriquecimiento il\u00edcito en el caso Petroecuador. Para este juicio necesitan al menos 46 firmas. (I)<\/p>\n<p>&nbsp;<\/p>\n<p>&nbsp;<\/p>\n<p><strong>Fuente: <\/strong><a href=\"http:\/\/www.eluniverso.com\/noticias\/2017\/10\/04\/nota\/6414007\/bloque-ap-salida-caso-glas-que-evite-ruptura\" target=\"_blank\" rel=\"noopener noreferrer\" data-saferedirecturl=\"https:\/\/www.google.com\/url?hl=es&amp;q=http:\/\/www.eluniverso.com\/noticias\/2017\/10\/04\/nota\/6414007\/bloque-ap-salida-caso-glas-que-evite-ruptura&amp;source=gmail&amp;ust=1507210226492000&amp;usg=AFQjCNEHtjFsPVlRv6M41yCZ7eeKRLBK5w\">http:\/\/www.eluniverso.com\/<wbr \/>noticias\/2017\/10\/04\/nota\/<wbr \/>6414007\/bloque-ap-salida-caso-<wbr \/>glas-que-evite-ruptura<\/a><\/p>\n","protected":false},"excerpt":{"rendered":"<p>&nbsp; Quito &#8211; Desde el domingo pasado, el bloque oficialista de\u00a0Alianza PAIS\u00a0ensaya una salida pol\u00edtica frente al caso del vicepresidente de la Rep\u00fablica, Jorge Glas, que evite el fraccionamiento interno de sus miembros. Ayer tampoco sali\u00f3 humo blanco\u009d y no se logr\u00f3 conciliar dos posturas bien marcadas que mantienen en zozobra a varios legisladores. La primera fue propuesta por el presidente de la Asamblea, Jos\u00e9 Serrano, en Manab\u00ed, que frente a una situaci\u00f3n \u0098insostenible\u0099, Jorge Glas debe dar un paso al costado por el bien del proceso. La otra postura fue revelada por Sof\u00eda Esp\u00edn, representante de Guayas, de que el bloque AP debe defender el derecho del vicepresidente Glas a la presunci\u00f3n de inocencia, porque hasta el momento no hay pruebas contundentes. Que la medida de la prisi\u00f3n preventiva es excesiva y que se debe esperar a que el sistema de justicia acoja el recurso de apelaci\u00f3n. Los manabitas Ricardo Zambrano y Daniel Mendoza se ratificaron en la posici\u00f3n que la comparten con Serrano, de que Glas deber\u00eda hacerse a un lado y que sin actuar como jueces y en aras del bienestar de los ecuatorianos\u009d, algunos asamble\u00edstas consideran que Glas deber\u00eda dar ese paso\u009d, afirm\u00f3 Mendoza. Para la aliada de AP Silvia Salgada (PSE), tras la reuni\u00f3n de ayer a\u00fan no hay una salida; que hay algunos puntos de vista que en alg\u00fan momento se expondr\u00e1n, pero decisi\u00f3n respecto a Jorge Glas, ninguna. Mauricio Proa\u00f1o coment\u00f3 que los asamble\u00edstas no son jueces, y pol\u00edticamente lo que har\u00e1n es vigilar para que en el proceso contra Glas se respete la institucionalidad. La postura de Serrano es personal y no hay respaldo dentro del bloque, y creemos que no podemos interferir en la justicia\u009d. A estas dos posturas se suma al debate el anuncio de los sectores pol\u00edticos de oposici\u00f3n de que en esta semana oficializar\u00e1n un nuevo pedido de juicio pol\u00edtico en contra del vicepresidente Jorge Glas, por supuestos delitos de concusi\u00f3n, cohecho, peculado y enriquecimiento il\u00edcito. Aunque para el oficialismo, seg\u00fan Proa\u00f1o, no cabe un juicio pol\u00edtico, porque el caso Glas ya se judicaliz\u00f3, y que es un proceso legal en el que no cabe lo pol\u00edtico. Aunque lo hicieron por separado, los bloques CREO, PSC y SUMA, ayer empezaron a recoger firmas de apoyo al juicio contra el vicepresidente Jorge Glas, ahora privado de libertad. Seg\u00fan lo planificado, las firmas se recibir\u00e1n hasta el jueves y la oficializaci\u00f3n de la petici\u00f3n se realizar\u00e1 ese mismo d\u00eda, en el que se espera que cada sector tenga un interpelante. Las acusaciones contra Glas, que la oposici\u00f3n incluir\u00e1 en el proceso pol\u00edtico, se refieren al cohecho en el caso Odebrecht; peculado en el caso Singue; peculado, cohecho y enriquecimiento il\u00edcito en el caso Petroecuador. Para este juicio necesitan al menos 46 firmas. (I) &nbsp; &nbsp; Fuente: http:\/\/www.eluniverso.com\/noticias\/2017\/10\/04\/nota\/6414007\/bloque-ap-salida-caso-glas-que-evite-ruptura<\/p>\n","protected":false},"author":1,"featured_media":245945,"comment_status":"open","ping_status":"open","sticky":false,"template":"","format":"standard","meta":[],"categories":[54,32,40,46],"tags":[],"_links":{"self":[{"href":"https:\/\/www.ecuadortimes.net\/es\/wp-json\/wp\/v2\/posts\/245944"}],"collection":[{"href":"https:\/\/www.ecuadortimes.net\/es\/wp-json\/wp\/v2\/posts"}],"about":[{"href":"https:\/\/www.ecuadortimes.net\/es\/wp-json\/wp\/v2\/types\/post"}],"author":[{"embeddable":true,"href":"https:\/\/www.ecuadortimes.net\/es\/wp-json\/wp\/v2\/users\/1"}],"replies":[{"embeddable":true,"href":"https:\/\/www.ecuadortimes.net\/es\/wp-json\/wp\/v2\/comments?post=245944"}],"version-history":[{"count":0,"href":"https:\/\/www.ecuadortimes.net\/es\/wp-json\/wp\/v2\/posts\/245944\/revisions"}],"wp:featuredmedia":[{"embeddable":true,"href":"https:\/\/www.ecuadortimes.net\/es\/wp-json\/wp\/v2\/media\/245945"}],"wp:attachment":[{"href":"https:\/\/www.ecuadortimes.net\/es\/wp-json\/wp\/v2\/media?parent=245944"}],"wp:term":[{"taxonomy":"category","embeddable":true,"href":"https:\/\/www.ecuadortimes.net\/es\/wp-json\/wp\/v2\/categories?post=245944"},{"taxonomy":"post_tag","embeddable":true,"href":"https:\/\/www.ecuadortimes.net\/es\/wp-json\/wp\/v2\/tags?post=245944"}],"curies":[{"name":"wp","href":"https:\/\/api.w.org\/{rel}","templated":true}]}}