{"id":245946,"date":"2017-10-04T00:00:00","date_gmt":"2017-10-04T00:00:00","guid":{"rendered":"https:\/\/www.ecuadortimes.net\/es\/ecuador-no-aprovecha-del-todo-el-acuerdo-con-europa\/"},"modified":"2017-10-04T00:00:00","modified_gmt":"2017-10-04T00:00:00","slug":"ecuador-no-aprovecha-del-todo-el-acuerdo-con-europa","status":"publish","type":"post","link":"https:\/\/www.ecuadortimes.net\/es\/ecuador-no-aprovecha-del-todo-el-acuerdo-con-europa\/","title":{"rendered":"Ecuador no aprovecha del todo el acuerdo con Europa"},"content":{"rendered":"<p><img loading=\"lazy\" class=\"size-full wp-image-190294 aligncenter\" src=\"https:\/\/www.ecuadortimes.net\/es\/wp-content\/uploads\/2017\/10\/ECUADORTIMES_ECUADORNEWS_APROVECHAR_DEL_TODO_ACUERDO_EUROPA.jpg\" alt=\"\" width=\"762\" height=\"428\" \/><\/p>\n<p>&nbsp;<\/p>\n<p>Quienes m\u00e1s han aprovechado la vigencia del acuerdo comercial entre<b>\u00a0Ecuador\u00a0<\/b>y la<b>\u00a0Uni\u00f3n Europea<\/b>\u00a0(UE) es la industria de enlatados de pescado y la palma aceitera. Pero no es suficiente.<\/p>\n<p>La embajadora de la<b>\u00a0UE<\/b>\u00a0en el pa\u00eds, Marianne Van Steen, hizo un balance ayer durante el XIV Foro Bananero que organiza la\u00a0<b>Asociaci\u00f3n de Exportadores de Banano<\/b>. Solo se aprovechan 8 pa\u00edses, de 28 que tiene el mercado com\u00fan\u009d.<\/p>\n<p>Aunque hay inmensas posibilidades de crecimiento. El segmento de los org\u00e1nicos, por ejemplo, es una opci\u00f3n.<\/p>\n<p>Y tambi\u00e9n hay un potencial inter\u00e9s por <strong>los productos tradicionales: banano, at\u00fan, cacao, flores y camar\u00f3n que, a junio de 2017<\/strong>, representaron, juntos, $ 1.393 millones en exportaciones a ese destino. El at\u00fan pas\u00f3 al segundo lugar. Los crust\u00e1ceos est\u00e1n en el tercero.<\/p>\n<p>Frutas como la pi\u00f1a ecuatoriana se han abierto paso en el mercado comunitario europeo con un crecimiento de 33 % en los primeros seis meses de 2017 en relaci\u00f3n al mismo periodo del a\u00f1o pasado. Pero los aceites crecieron 190 %, el pescado el 40 % y el pl\u00e1stico el 31 %. Por eso, la funcionaria aconseja tampoco olvidarse de que a\u00fan hay espacio para ellos.<\/p>\n<p>La embajadora dio las pautas para que nuevos sectores aprovechen este mercado de alto consumo y poder adquisitivo. Habl\u00f3 de los org\u00e1nicos. La oferta es insuficiente en ese mercado y algunos bienes no se pueden producir por las condiciones clim\u00e1ticas o geogr\u00e1ficas\u009d, relat\u00f3 Van Steen. Y Ecuador no est\u00e1 en la lista de los actuales proveedores.<\/p>\n<p>La UE importa desde 11 pa\u00edses con reglas equivalentes,\u00a0<b>Australia<\/b>,\u00a0<b>Argentina<\/b>,<b>Costa Rica<\/b>,\u00a0<b>Nueva Zelanda, India<\/b>, Israel,\u00a0<b>T\u00fanez<\/b>, Suiza,\u00a0<b>EE. UU<\/b>.,\u00a0<b>Canad\u00e1<\/b>\u00a0y\u00a0<b>Jap\u00f3n<\/b>, principalmente\u00a0<b>caf\u00e9<\/b>, cacao, arroz, miel,\u00a0<b>frutas<\/b>\u00a0y\u00a0<b>vegetales<\/b>.<\/p>\n<p>La UE es una opci\u00f3n para el crecimiento del banano, de hecho ha crecido en este medio a\u00f1o, pero Eduardo Ledesma, titular de la Asociaci\u00f3n de Exportadores, cree necesario superar las brechas que existen con Asia por las restricciones arancelarias y sanitarias.<\/p>\n<p>Ecuador debe aprovechar este momento, pues la\u00a0<b>UE<\/b>\u00a0tiene en la lista nuevos acuerdos con pa\u00edses que van a competir con Ecuador. Entre ellos: el sudeste asi\u00e1tico, China, Singapur, Vietnam, Mercosur. Son 51 pa\u00edses en total.<\/p>\n<p><b>Obreros, un encuentro aparte<\/b><\/p>\n<p>La Asociaci\u00f3n de Trabajadores Agr\u00edcolas y Campesinos, junto a organizaciones internacionales, tuvo el Primer Encuentro Internacional de los Trabajadores Bananeros.<\/p>\n<p>El evento, desarrollado en la Casa de la Cultura-N\u00facleo del Guayas, cre\u00f3 aqu\u00ed un espacio donde se abordan temas como los derechos laborales y salud de los trabajadores bananeros y sus familias, as\u00ed como los derechos de la naturaleza.<\/p>\n<p>Se expusieron investigaciones realizadas por expertos de Holanda y Austria sobre enfermedades que se presentan en los ambientes donde se desarrolla la actividad bananera. (I)<\/p>\n<p>&nbsp;<\/p>\n<p>&nbsp;<\/p>\n<p><strong>Fuente: <\/strong><a href=\"http:\/\/www.expreso.ec\/economia\/economia-ecuador-acuerdo-europa-banano-AF1744013\" target=\"_blank\" rel=\"noopener noreferrer\" data-saferedirecturl=\"https:\/\/www.google.com\/url?hl=es&amp;q=http:\/\/www.eluniverso.com\/noticias\/2017\/10\/04\/nota\/6414007\/bloque-ap-salida-caso-glas-que-evite-ruptura&amp;source=gmail&amp;ust=1507210226492000&amp;usg=AFQjCNEHtjFsPVlRv6M41yCZ7eeKRLBK5w\">http:\/\/www.expreso.ec\/<wbr \/>economia\/economia-ecuador-<wbr \/>acuerdo-europa-banano-<wbr \/>AF1744013<\/a><\/p>\n","protected":false},"excerpt":{"rendered":"<p>&nbsp; Quienes m\u00e1s han aprovechado la vigencia del acuerdo comercial entre\u00a0Ecuador\u00a0y la\u00a0Uni\u00f3n Europea\u00a0(UE) es la industria de enlatados de pescado y la palma aceitera. Pero no es suficiente. La embajadora de la\u00a0UE\u00a0en el pa\u00eds, Marianne Van Steen, hizo un balance ayer durante el XIV Foro Bananero que organiza la\u00a0Asociaci\u00f3n de Exportadores de Banano. Solo se aprovechan 8 pa\u00edses, de 28 que tiene el mercado com\u00fan\u009d. Aunque hay inmensas posibilidades de crecimiento. El segmento de los org\u00e1nicos, por ejemplo, es una opci\u00f3n. Y tambi\u00e9n hay un potencial inter\u00e9s por los productos tradicionales: banano, at\u00fan, cacao, flores y camar\u00f3n que, a junio de 2017, representaron, juntos, $ 1.393 millones en exportaciones a ese destino. El at\u00fan pas\u00f3 al segundo lugar. Los crust\u00e1ceos est\u00e1n en el tercero. Frutas como la pi\u00f1a ecuatoriana se han abierto paso en el mercado comunitario europeo con un crecimiento de 33 % en los primeros seis meses de 2017 en relaci\u00f3n al mismo periodo del a\u00f1o pasado. Pero los aceites crecieron 190 %, el pescado el 40 % y el pl\u00e1stico el 31 %. Por eso, la funcionaria aconseja tampoco olvidarse de que a\u00fan hay espacio para ellos. La embajadora dio las pautas para que nuevos sectores aprovechen este mercado de alto consumo y poder adquisitivo. Habl\u00f3 de los org\u00e1nicos. La oferta es insuficiente en ese mercado y algunos bienes no se pueden producir por las condiciones clim\u00e1ticas o geogr\u00e1ficas\u009d, relat\u00f3 Van Steen. Y Ecuador no est\u00e1 en la lista de los actuales proveedores. La UE importa desde 11 pa\u00edses con reglas equivalentes,\u00a0Australia,\u00a0Argentina,Costa Rica,\u00a0Nueva Zelanda, India, Israel,\u00a0T\u00fanez, Suiza,\u00a0EE. UU.,\u00a0Canad\u00e1\u00a0y\u00a0Jap\u00f3n, principalmente\u00a0caf\u00e9, cacao, arroz, miel,\u00a0frutas\u00a0y\u00a0vegetales. La UE es una opci\u00f3n para el crecimiento del banano, de hecho ha crecido en este medio a\u00f1o, pero Eduardo Ledesma, titular de la Asociaci\u00f3n de Exportadores, cree necesario superar las brechas que existen con Asia por las restricciones arancelarias y sanitarias. Ecuador debe aprovechar este momento, pues la\u00a0UE\u00a0tiene en la lista nuevos acuerdos con pa\u00edses que van a competir con Ecuador. Entre ellos: el sudeste asi\u00e1tico, China, Singapur, Vietnam, Mercosur. Son 51 pa\u00edses en total. Obreros, un encuentro aparte La Asociaci\u00f3n de Trabajadores Agr\u00edcolas y Campesinos, junto a organizaciones internacionales, tuvo el Primer Encuentro Internacional de los Trabajadores Bananeros. El evento, desarrollado en la Casa de la Cultura-N\u00facleo del Guayas, cre\u00f3 aqu\u00ed un espacio donde se abordan temas como los derechos laborales y salud de los trabajadores bananeros y sus familias, as\u00ed como los derechos de la naturaleza. Se expusieron investigaciones realizadas por expertos de Holanda y Austria sobre enfermedades que se presentan en los ambientes donde se desarrolla la actividad bananera. (I) &nbsp; &nbsp; Fuente: http:\/\/www.expreso.ec\/economia\/economia-ecuador-acuerdo-europa-banano-AF1744013<\/p>\n","protected":false},"author":1,"featured_media":245947,"comment_status":"open","ping_status":"open","sticky":false,"template":"","format":"standard","meta":[],"categories":[54,32,33,43,35],"tags":[],"_links":{"self":[{"href":"https:\/\/www.ecuadortimes.net\/es\/wp-json\/wp\/v2\/posts\/245946"}],"collection":[{"href":"https:\/\/www.ecuadortimes.net\/es\/wp-json\/wp\/v2\/posts"}],"about":[{"href":"https:\/\/www.ecuadortimes.net\/es\/wp-json\/wp\/v2\/types\/post"}],"author":[{"embeddable":true,"href":"https:\/\/www.ecuadortimes.net\/es\/wp-json\/wp\/v2\/users\/1"}],"replies":[{"embeddable":true,"href":"https:\/\/www.ecuadortimes.net\/es\/wp-json\/wp\/v2\/comments?post=245946"}],"version-history":[{"count":0,"href":"https:\/\/www.ecuadortimes.net\/es\/wp-json\/wp\/v2\/posts\/245946\/revisions"}],"wp:featuredmedia":[{"embeddable":true,"href":"https:\/\/www.ecuadortimes.net\/es\/wp-json\/wp\/v2\/media\/245947"}],"wp:attachment":[{"href":"https:\/\/www.ecuadortimes.net\/es\/wp-json\/wp\/v2\/media?parent=245946"}],"wp:term":[{"taxonomy":"category","embeddable":true,"href":"https:\/\/www.ecuadortimes.net\/es\/wp-json\/wp\/v2\/categories?post=245946"},{"taxonomy":"post_tag","embeddable":true,"href":"https:\/\/www.ecuadortimes.net\/es\/wp-json\/wp\/v2\/tags?post=245946"}],"curies":[{"name":"wp","href":"https:\/\/api.w.org\/{rel}","templated":true}]}}