{"id":245964,"date":"2017-10-05T00:00:00","date_gmt":"2017-10-05T00:00:00","guid":{"rendered":"https:\/\/www.ecuadortimes.net\/es\/los-bananeros-acuerdan-bajar-el-precio-de-la-caja\/"},"modified":"2017-10-05T00:00:00","modified_gmt":"2017-10-05T00:00:00","slug":"los-bananeros-acuerdan-bajar-el-precio-de-la-caja","status":"publish","type":"post","link":"https:\/\/www.ecuadortimes.net\/es\/los-bananeros-acuerdan-bajar-el-precio-de-la-caja\/","title":{"rendered":"Los bananeros acuerdan bajar el precio de la caja"},"content":{"rendered":"<p><img loading=\"lazy\" class=\"size-full wp-image-190331 aligncenter\" src=\"https:\/\/www.ecuadortimes.net\/es\/wp-content\/uploads\/2017\/10\/BANANEROS_BAJAR_PRECIO_CAJA_ECUADORTIMES_ECUADORNEWS.jpg\" alt=\"\" width=\"762\" height=\"428\" \/><\/p>\n<p>&nbsp;<\/p>\n<p>Hay una raz\u00f3n que argumenta el sector bananero (<b>Mesa T\u00e9cnica<\/b>) para reducir seis centavos al cart\u00f3n: los mercados est\u00e1n complicados y\u00a0<b>Ecuador<\/b>\u00a0debe proteger su competitividad.<\/p>\n<p><strong>La Asociaci\u00f3n de Exportadores de Banano<\/strong> (<b>AEBE<\/b>) anunci\u00f3 ayer un acuerdo entre productores, exportadores y gobierno para bajar a $ 6,20 la caja, un factor clave para las empresas que dependen de la principal fuente de riqueza no petrolera.<\/p>\n<p>El gremio destac\u00f3 que existen altos y bajos, sin embargo el precio acordado permite tener m\u00e1rgenes de ganancia al productor y ayuda en las temporadas en las que el precio de la fruta baja a menos de $ 4\u009d.<\/p>\n<p>La decisi\u00f3n modifica los planes de las empresas proveedoras de pl\u00e1sticos, de cart\u00f3n, de insumos, aerofumigadoras, de servicios de riego, transporte, ya que son las principales proveedoras de las haciendas dedicadas a este negocio.<\/p>\n<p>El acuerdo lo firmaron William Ram\u00f3n, Jhonny Cruz, Wilfrido Mac\u00edas, Noem\u00ed Capa, Ra\u00fal Montalvo, Patricio Guti\u00e9rrez, Ra\u00fal Villacr\u00e9s, \u00c3\u0081ngel Punin, Leonardo Viteri y Carlos Andrade, subsecretario de Comercializaci\u00f3n del Ministerio de Agricultura.<\/p>\n<p>El compromiso de los exportadores y el Gobierno con los productores es no aplicar descuento alguno, incrementar la ayuda t\u00e9cnica, gestionar con otras entidades\u00a0<b>(IESS,<\/b>\u00a0SRI, Trabajo, Senagua) que no den notificaciones por supuestas infracciones de los productores en un plazo de por lo menos seis meses y la eliminaci\u00f3n de los intermediarios.<\/p>\n<p>William Ram\u00f3n, pese a que firm\u00f3 la resoluci\u00f3n, dijo que el productor reclama una utilidad del 23 % en relaci\u00f3n a un costo de producci\u00f3n de $ 5,99 y que la caja debi\u00f3 ser fijada en 6,96 d\u00f3lares.<\/p>\n<p>Mientras Alfredo Contreras se\u00f1al\u00f3 que se debe sincerar la situaci\u00f3n real de los productores y exportadores\u009d, Patricio Guti\u00e9rrez habl\u00f3 de una fijaci\u00f3n trimestral. Y sugiri\u00f3 6 d\u00f3lares para el inicio de 2018, por cuanto en los mercados el valor es de 0,50 d\u00f3lares menos de los 6,26 que hoy reciben los agricultores del Ecuador.<\/p>\n<p>Fuera de la\u00a0<b>Mesa T\u00e9cnica<\/b>\u00a0hay reparos, como el de Jorge Toapanta, secretario de la<b>Asociaci\u00f3n de Bananeros Orenses<\/b>. \u00c3\u0089l considera que es lamentable que luego de la crisis de los \u00faltimos meses\u009d, un grupo decida por todos los bananeros, que son m\u00e1s de 5.000. Estamos en total desacuerdo\u009d.<\/p>\n<p><b>Exportaciones<\/b><\/p>\n<p>A junio del presente a\u00f1o Ecuador ha exportado 169,4 millones de cajas de banano. De ellas, Rusia compra el 24,32 % del total y Estados Unidos el 9,91 % seg\u00fan AEBE.<\/p>\n<p><b>Productores<\/b><\/p>\n<p>El 78 % de los productores son peque\u00f1os y si se suman a los medianos representan el 95 %, dice Humberto Jim\u00e9nez, del Ministerio de Comercio Exterior. Es una cadena inclusiva\u009d. (I)<\/p>\n<p>&nbsp;<\/p>\n<p>&nbsp;<\/p>\n<p><strong>Fuente: <\/strong><a href=\"http:\/\/www.expreso.ec\/economia\/economia-banano-precio-caja-competitividad-XD1746077\" target=\"_blank\" rel=\"noopener noreferrer\">http:\/\/www.expreso.ec\/economia\/economia-banano-precio-caja-competitividad-XD1746077<\/a><\/p>\n","protected":false},"excerpt":{"rendered":"<p>&nbsp; Hay una raz\u00f3n que argumenta el sector bananero (Mesa T\u00e9cnica) para reducir seis centavos al cart\u00f3n: los mercados est\u00e1n complicados y\u00a0Ecuador\u00a0debe proteger su competitividad. La Asociaci\u00f3n de Exportadores de Banano (AEBE) anunci\u00f3 ayer un acuerdo entre productores, exportadores y gobierno para bajar a $ 6,20 la caja, un factor clave para las empresas que dependen de la principal fuente de riqueza no petrolera. El gremio destac\u00f3 que existen altos y bajos, sin embargo el precio acordado permite tener m\u00e1rgenes de ganancia al productor y ayuda en las temporadas en las que el precio de la fruta baja a menos de $ 4\u009d. La decisi\u00f3n modifica los planes de las empresas proveedoras de pl\u00e1sticos, de cart\u00f3n, de insumos, aerofumigadoras, de servicios de riego, transporte, ya que son las principales proveedoras de las haciendas dedicadas a este negocio. El acuerdo lo firmaron William Ram\u00f3n, Jhonny Cruz, Wilfrido Mac\u00edas, Noem\u00ed Capa, Ra\u00fal Montalvo, Patricio Guti\u00e9rrez, Ra\u00fal Villacr\u00e9s, \u00c3\u0081ngel Punin, Leonardo Viteri y Carlos Andrade, subsecretario de Comercializaci\u00f3n del Ministerio de Agricultura. El compromiso de los exportadores y el Gobierno con los productores es no aplicar descuento alguno, incrementar la ayuda t\u00e9cnica, gestionar con otras entidades\u00a0(IESS,\u00a0SRI, Trabajo, Senagua) que no den notificaciones por supuestas infracciones de los productores en un plazo de por lo menos seis meses y la eliminaci\u00f3n de los intermediarios. William Ram\u00f3n, pese a que firm\u00f3 la resoluci\u00f3n, dijo que el productor reclama una utilidad del 23 % en relaci\u00f3n a un costo de producci\u00f3n de $ 5,99 y que la caja debi\u00f3 ser fijada en 6,96 d\u00f3lares. Mientras Alfredo Contreras se\u00f1al\u00f3 que se debe sincerar la situaci\u00f3n real de los productores y exportadores\u009d, Patricio Guti\u00e9rrez habl\u00f3 de una fijaci\u00f3n trimestral. Y sugiri\u00f3 6 d\u00f3lares para el inicio de 2018, por cuanto en los mercados el valor es de 0,50 d\u00f3lares menos de los 6,26 que hoy reciben los agricultores del Ecuador. Fuera de la\u00a0Mesa T\u00e9cnica\u00a0hay reparos, como el de Jorge Toapanta, secretario de laAsociaci\u00f3n de Bananeros Orenses. \u00c3\u0089l considera que es lamentable que luego de la crisis de los \u00faltimos meses\u009d, un grupo decida por todos los bananeros, que son m\u00e1s de 5.000. Estamos en total desacuerdo\u009d. Exportaciones A junio del presente a\u00f1o Ecuador ha exportado 169,4 millones de cajas de banano. De ellas, Rusia compra el 24,32 % del total y Estados Unidos el 9,91 % seg\u00fan AEBE. Productores El 78 % de los productores son peque\u00f1os y si se suman a los medianos representan el 95 %, dice Humberto Jim\u00e9nez, del Ministerio de Comercio Exterior. Es una cadena inclusiva\u009d. (I) &nbsp; &nbsp; Fuente: http:\/\/www.expreso.ec\/economia\/economia-banano-precio-caja-competitividad-XD1746077<\/p>\n","protected":false},"author":1,"featured_media":245965,"comment_status":"open","ping_status":"open","sticky":false,"template":"","format":"standard","meta":[],"categories":[54,32,36,43,35],"tags":[],"_links":{"self":[{"href":"https:\/\/www.ecuadortimes.net\/es\/wp-json\/wp\/v2\/posts\/245964"}],"collection":[{"href":"https:\/\/www.ecuadortimes.net\/es\/wp-json\/wp\/v2\/posts"}],"about":[{"href":"https:\/\/www.ecuadortimes.net\/es\/wp-json\/wp\/v2\/types\/post"}],"author":[{"embeddable":true,"href":"https:\/\/www.ecuadortimes.net\/es\/wp-json\/wp\/v2\/users\/1"}],"replies":[{"embeddable":true,"href":"https:\/\/www.ecuadortimes.net\/es\/wp-json\/wp\/v2\/comments?post=245964"}],"version-history":[{"count":0,"href":"https:\/\/www.ecuadortimes.net\/es\/wp-json\/wp\/v2\/posts\/245964\/revisions"}],"wp:featuredmedia":[{"embeddable":true,"href":"https:\/\/www.ecuadortimes.net\/es\/wp-json\/wp\/v2\/media\/245965"}],"wp:attachment":[{"href":"https:\/\/www.ecuadortimes.net\/es\/wp-json\/wp\/v2\/media?parent=245964"}],"wp:term":[{"taxonomy":"category","embeddable":true,"href":"https:\/\/www.ecuadortimes.net\/es\/wp-json\/wp\/v2\/categories?post=245964"},{"taxonomy":"post_tag","embeddable":true,"href":"https:\/\/www.ecuadortimes.net\/es\/wp-json\/wp\/v2\/tags?post=245964"}],"curies":[{"name":"wp","href":"https:\/\/api.w.org\/{rel}","templated":true}]}}