{"id":245966,"date":"2017-10-05T00:00:00","date_gmt":"2017-10-05T00:00:00","guid":{"rendered":"https:\/\/www.ecuadortimes.net\/es\/consulta-popular-esta-sumando-el-apoyo-de-grupos-politicos\/"},"modified":"2017-10-05T00:00:00","modified_gmt":"2017-10-05T00:00:00","slug":"consulta-popular-esta-sumando-el-apoyo-de-grupos-politicos","status":"publish","type":"post","link":"https:\/\/www.ecuadortimes.net\/es\/consulta-popular-esta-sumando-el-apoyo-de-grupos-politicos\/","title":{"rendered":"Consulta popular est\u00e1 sumando el apoyo de grupos pol\u00edticos"},"content":{"rendered":"<p><img loading=\"lazy\" class=\"size-full wp-image-190333 aligncenter\" src=\"https:\/\/www.ecuadortimes.net\/es\/wp-content\/uploads\/2017\/10\/CONSULTA_POPULAR_SUMANDO_APOYO_GRUPOS_POLITICOS_ECUADORTIMES_ECUADORNEWS.jpg\" alt=\"\" width=\"717\" height=\"450\" \/><\/p>\n<p>&nbsp;<\/p>\n<div class=\"location-event\"><strong>Quito &#8211;<\/strong> Tras los primeros dos d\u00edas de anunciada la propuesta de<strong> consulta popular<\/strong>, esta va sumando el <strong>apoyo de movimientos y personalidades pol\u00edticas,<\/strong> mientras que en el movimiento oficialista Alianza PAIS (AP) hay posturas antag\u00f3nicas.<\/div>\n<p>El pasado lunes, el mandatario <strong>Len\u00edn Moreno<\/strong> remiti\u00f3 siete preguntas a la <strong>Corte Constitucional (CC)<\/strong> para la calificaci\u00f3n de su constitucionalidad, que est\u00e1n relacionadas con la lucha contra la corrupci\u00f3n, cambios a la institucionalidad, temas ambientales y otros.<\/p>\n<p><strong>El movimiento CREO, liderado por Guillermo Lasso, aclar\u00f3 que el apoyo no es para el presidente Moreno y su gobierno, pero s\u00ed a la propuesta por sus principios\u009d.<\/strong><\/p>\n<p>Lasso anunci\u00f3 el martes pasado que votar\u00e1n s\u00ed a todas las preguntas porque son los mismos temas que prometimos consultar en la \u00faltima campa\u00f1a\u009d electoral.<\/p>\n<p>El l\u00edder socialcristiano y alcalde de Guayaquil, Jaime Nebot, en un comunicado asegur\u00f3 que las preguntas planteadas son totalmente v\u00e1lidas y las siete merecen un S\u00ed como respuesta contundente\u009d.<\/p>\n<p>Fuerza Compromiso Social, del ministro de Inclusi\u00f3n Econ\u00f3mica y Social, Iv\u00e1n Espinel, respalda la iniciativa porque es el momento para la restituci\u00f3n de la justicia y poder volver a creer en sus veredictos\u009d.<\/p>\n<p>Jorge V\u00e9lez V\u00e9lez, coordinador pol\u00edtico de Centro Democr\u00e1tico, dijo que su apoyo es a todos los temas de la consulta\u009d, con el objetivo de recuperar el esp\u00edritu de la Constituci\u00f3n\u009d.<\/p>\n<p>En AP, la legisladora Marcela Agui\u00f1aga anunci\u00f3 que har\u00e1 campa\u00f1a por el No en la pregunta que se refiere a la eliminaci\u00f3n de la reelecci\u00f3n indefinida y espera que la CC act\u00fae sin presiones y en derecho\u009d.<\/p>\n<p>Pero, sus aliados, como Silvia Salgado (AP-PSE), reclaman que el oficialismo no se haya reunido para analizar el contenido de la consulta, y advirti\u00f3 que eso provocar\u00e1 dispersi\u00f3n de posturas. Ella iniciar\u00e1 una campa\u00f1a a favor del proceso, junto a su movimiento. (I)<\/p>\n<blockquote><p>Las preguntas planteadas por el presidente de la Rep\u00fablica son v\u00e1lidas y pensamos que las siete merecen un s\u00ed como respuesta contundente de la mayor\u00eda de los ciudadanos. Siempre sostuvimos la validez de este procedimiento.<br \/>\n<strong>Jaime Nebot, alcalde de Guayaquil<\/strong><\/p>\n<p>Primero veamos qui\u00e9nes son los que cuestionan, pocos con mucho micr\u00f3fono, y esos pocos parecieran que fueran muchos, pero no es la gente de a pie, la gente que participa en las organizaciones que est\u00e1n con nosotros&#8230; Nunca defendimos un puesto o un cargo&#8230;.<br \/>\n<strong>Raquel Gonz\u00e1lez, presidenta CPCCS<\/strong><\/p><\/blockquote>\n<p>&nbsp;<\/p>\n<p>&nbsp;<\/p>\n<p>&nbsp;<\/p>\n<p><strong>Fuente: <\/strong><a href=\"http:\/\/www.eluniverso.com\/noticias\/2017\/10\/05\/nota\/6415384\/consulta-esta-sumando-apoyo-grupos-politicos\" target=\"_blank\" rel=\"noopener noreferrer\">http:\/\/www.eluniverso.com\/noticias\/2017\/10\/05\/nota\/6415384\/consulta-esta-sumando-apoyo-grupos-politicos<\/a><\/p>\n","protected":false},"excerpt":{"rendered":"<p>&nbsp; Quito &#8211; Tras los primeros dos d\u00edas de anunciada la propuesta de consulta popular, esta va sumando el apoyo de movimientos y personalidades pol\u00edticas, mientras que en el movimiento oficialista Alianza PAIS (AP) hay posturas antag\u00f3nicas. El pasado lunes, el mandatario Len\u00edn Moreno remiti\u00f3 siete preguntas a la Corte Constitucional (CC) para la calificaci\u00f3n de su constitucionalidad, que est\u00e1n relacionadas con la lucha contra la corrupci\u00f3n, cambios a la institucionalidad, temas ambientales y otros. El movimiento CREO, liderado por Guillermo Lasso, aclar\u00f3 que el apoyo no es para el presidente Moreno y su gobierno, pero s\u00ed a la propuesta por sus principios\u009d. Lasso anunci\u00f3 el martes pasado que votar\u00e1n s\u00ed a todas las preguntas porque son los mismos temas que prometimos consultar en la \u00faltima campa\u00f1a\u009d electoral. El l\u00edder socialcristiano y alcalde de Guayaquil, Jaime Nebot, en un comunicado asegur\u00f3 que las preguntas planteadas son totalmente v\u00e1lidas y las siete merecen un S\u00ed como respuesta contundente\u009d. Fuerza Compromiso Social, del ministro de Inclusi\u00f3n Econ\u00f3mica y Social, Iv\u00e1n Espinel, respalda la iniciativa porque es el momento para la restituci\u00f3n de la justicia y poder volver a creer en sus veredictos\u009d. Jorge V\u00e9lez V\u00e9lez, coordinador pol\u00edtico de Centro Democr\u00e1tico, dijo que su apoyo es a todos los temas de la consulta\u009d, con el objetivo de recuperar el esp\u00edritu de la Constituci\u00f3n\u009d. En AP, la legisladora Marcela Agui\u00f1aga anunci\u00f3 que har\u00e1 campa\u00f1a por el No en la pregunta que se refiere a la eliminaci\u00f3n de la reelecci\u00f3n indefinida y espera que la CC act\u00fae sin presiones y en derecho\u009d. Pero, sus aliados, como Silvia Salgado (AP-PSE), reclaman que el oficialismo no se haya reunido para analizar el contenido de la consulta, y advirti\u00f3 que eso provocar\u00e1 dispersi\u00f3n de posturas. Ella iniciar\u00e1 una campa\u00f1a a favor del proceso, junto a su movimiento. (I) Las preguntas planteadas por el presidente de la Rep\u00fablica son v\u00e1lidas y pensamos que las siete merecen un s\u00ed como respuesta contundente de la mayor\u00eda de los ciudadanos. Siempre sostuvimos la validez de este procedimiento. Jaime Nebot, alcalde de Guayaquil Primero veamos qui\u00e9nes son los que cuestionan, pocos con mucho micr\u00f3fono, y esos pocos parecieran que fueran muchos, pero no es la gente de a pie, la gente que participa en las organizaciones que est\u00e1n con nosotros&#8230; Nunca defendimos un puesto o un cargo&#8230;. Raquel Gonz\u00e1lez, presidenta CPCCS &nbsp; &nbsp; &nbsp; Fuente: http:\/\/www.eluniverso.com\/noticias\/2017\/10\/05\/nota\/6415384\/consulta-esta-sumando-apoyo-grupos-politicos<\/p>\n","protected":false},"author":1,"featured_media":245967,"comment_status":"open","ping_status":"open","sticky":false,"template":"","format":"standard","meta":[],"categories":[54,32,40],"tags":[],"_links":{"self":[{"href":"https:\/\/www.ecuadortimes.net\/es\/wp-json\/wp\/v2\/posts\/245966"}],"collection":[{"href":"https:\/\/www.ecuadortimes.net\/es\/wp-json\/wp\/v2\/posts"}],"about":[{"href":"https:\/\/www.ecuadortimes.net\/es\/wp-json\/wp\/v2\/types\/post"}],"author":[{"embeddable":true,"href":"https:\/\/www.ecuadortimes.net\/es\/wp-json\/wp\/v2\/users\/1"}],"replies":[{"embeddable":true,"href":"https:\/\/www.ecuadortimes.net\/es\/wp-json\/wp\/v2\/comments?post=245966"}],"version-history":[{"count":0,"href":"https:\/\/www.ecuadortimes.net\/es\/wp-json\/wp\/v2\/posts\/245966\/revisions"}],"wp:featuredmedia":[{"embeddable":true,"href":"https:\/\/www.ecuadortimes.net\/es\/wp-json\/wp\/v2\/media\/245967"}],"wp:attachment":[{"href":"https:\/\/www.ecuadortimes.net\/es\/wp-json\/wp\/v2\/media?parent=245966"}],"wp:term":[{"taxonomy":"category","embeddable":true,"href":"https:\/\/www.ecuadortimes.net\/es\/wp-json\/wp\/v2\/categories?post=245966"},{"taxonomy":"post_tag","embeddable":true,"href":"https:\/\/www.ecuadortimes.net\/es\/wp-json\/wp\/v2\/tags?post=245966"}],"curies":[{"name":"wp","href":"https:\/\/api.w.org\/{rel}","templated":true}]}}