{"id":245968,"date":"2017-10-05T00:00:00","date_gmt":"2017-10-05T00:00:00","guid":{"rendered":"https:\/\/www.ecuadortimes.net\/es\/un-tuitero-menos-compulsivo\/"},"modified":"2017-10-05T00:00:00","modified_gmt":"2017-10-05T00:00:00","slug":"un-tuitero-menos-compulsivo","status":"publish","type":"post","link":"https:\/\/www.ecuadortimes.net\/es\/un-tuitero-menos-compulsivo\/","title":{"rendered":"Un tuitero menos compulsivo"},"content":{"rendered":"<p><img loading=\"lazy\" class=\"size-full wp-image-190342 aligncenter\" src=\"https:\/\/www.ecuadortimes.net\/es\/wp-content\/uploads\/2017\/10\/TUITERO_MENOS_COMPULSIVO_ECUADORTIMES_ECUADORNEWS.jpg\" alt=\"\" width=\"762\" height=\"428\" \/><\/p>\n<p>&nbsp;<\/p>\n<p>Dardos en forma de<b>\u00a0tuit<\/b>. Desde que el expresidente\u00a0<b>Rafael Correa<\/b>\u00a0se fue a<b>\u00a0B\u00e9lgica\u00a0<\/b>ha utilizado\u00a0<b>Twitter<\/b>\u00a0<strong>para atacar<\/strong>, ningunear y cuestionar la gesti\u00f3n pol\u00edtica y econ\u00f3mica de quien \u00e9l design\u00f3 como sucesor de la Revoluci\u00f3n Ciudadana, el presidente Len\u00edn Moreno. Pero el calentamiento de la red social ha ido rebaj\u00e1ndose en el tiempo conforme aumentaban los reveses, pol\u00edticos o judiciales, contra su legado.<\/p>\n<p>En casi tres meses,\u00a0<b>Correa<\/b>\u00a0ha publicado 302 mensajes, sin contar las r\u00e9plicas (retuits en la jerga aut\u00f3ctona de la red social). Y solo ha dejado descansar al p\u00e1jaro azul en 14 d\u00edas. Pero el reparto de mensajes ha ido cambiando seg\u00fan la coyuntura.<\/p>\n<p>Desde el 10 de julio hasta ayer (al cierre de esta edici\u00f3n), Correa ha experimentado una curva creciente seguida de una decreciente, que coincide en los puntos m\u00e1s \u00e1lgidos con los anuncios de Moreno y con los avances judiciales contra funcionarios de su gobierno, como el reelegido vicepresidente \u0094ahora sin funciones\u0094\u00a0<b>Jorge Glas<\/b>.<\/p>\n<p>En septiembre,\u00a0<b>Glas<\/b>\u00a0qued\u00f3 acorralado por su vinculaci\u00f3n al caso Odebrecht y eso llev\u00f3 al abogado del Estado, el procurador Diego Garc\u00eda Carri\u00f3n, a presentar acusaci\u00f3n particular y al fiscal general\u00a0<b>Carlos Baca Mancheno<\/b>\u00a0a pedir medidas cautelares m\u00e1s estrictas. Ese mes tambi\u00e9n se agudiz\u00f3 el resquebrajamiento entre los miembros de<b>\u00a0Alianza PAIS<\/b>\u00a0del ala de Moreno y del ala corre\u00edsta por las preguntas sobre reelecci\u00f3n indefinida y sobre el Consejo de Participaci\u00f3n Ciudadana y Control Social de cara a la consulta popular, as\u00ed como por la revelaci\u00f3n del espionaje pol\u00edtico durante el Gobierno anterior.<\/p>\n<p>Y justo ese mes, Correa ha dejado las redes en blanco siete d\u00edas, los mismos que en los dos meses previos juntos. Ha enviado 77 tuits en 30 d\u00edas y solo en tres ocasiones se ha calentado con 8 o 9 trinos por d\u00eda. Cuando en agosto, el mes m\u00e1s agitado para el perfil<b><a href=\"https:\/\/twitter.com\/MashiRafael\" target=\"_blank\" rel=\"nofollow noopener noreferrer\">\u00a0@MashiRafael<\/a><\/b>, envi\u00f3 154 mensajes, descans\u00f3 cuatro d\u00edas y lleg\u00f3 a sesiones diarias de 27, 16 o 14 publicaciones de una sola atacada. Claro que entonces, en el ojo del hurac\u00e1n no hab\u00eda autoridades judiciales ni pruebas de corrupci\u00f3n, sino las decisiones pol\u00edticas y econ\u00f3micas de Len\u00edn Moreno persiguiendo el af\u00e1n de dar un cambio de rumbo a la herencia corre\u00edsta.<\/p>\n<p>&nbsp;<\/p>\n<p><img loading=\"lazy\" class=\"size-full wp-image-190349 aligncenter\" src=\"https:\/\/www.ecuadortimes.net\/es\/wp-content\/uploads\/2017\/10\/TUITERO_MENOS_COMPULSIVO_ECUADORTIMES_ECUADORNEWS_1.png\" alt=\"\" width=\"1313\" height=\"600\" \/><\/p>\n<p>&nbsp;<\/p>\n<p><b>Len\u00edn Moreno<\/b><\/p>\n<p>Los cuestionamientos a las decisiones del presidente Len\u00edn Moreno encendieron el impulso tuiteador de Correa. Los dos d\u00edas de m\u00e1s actividad, con 27 y 16 mensajes el 1 y 2 de agosto, coincidieron con la orden de Moreno de retirarle las funciones al vicerepresidente Glas por su enfrentamiento en un comunicado.<\/p>\n<p><b>Econom\u00eda<\/b><\/p>\n<p><b><\/b>Moreno es quien se ha llevado m\u00e1s recados y m\u00e1s acidez en el tono, pero fueron los cuestionamientos a la gesti\u00f3n econ\u00f3mica de Correa los que iniciaron la pugna en redes. La afirmaci\u00f3n de que la mesa no est\u00e1 servida (6 tuits) y el destape de una deuda de $ 57.000 millones (15 tuits) agitaron al expresidente en julio.<\/p>\n<p><b>Odebrecht<\/b><\/p>\n<p><b><\/b>Correa ha defendido sin tapujos a su vicepresidente y su presunci\u00f3n de inocencia. Sin embargo, a medida que avanzan los procesos por Odebrecht, las dedicatorias en Twitter han mermado o bajado el tono. Cuando Glas entr\u00f3 en prisi\u00f3n preventiva, solo le escribi\u00f3 dos. Eso s\u00ed, retuite\u00f3 al propio Glas y a su abogado. (I)<\/p>\n<p>&nbsp;<\/p>\n<p>&nbsp;<\/p>\n<p><strong>Fuente: <\/strong><a href=\"http:\/\/www.expreso.ec\/actualidad\/redes-sociales-twitter-rafaelcorrea-ecuador-ED1746134\" target=\"_blank\" rel=\"noopener noreferrer\">http:\/\/www.expreso.ec\/actualidad\/redes-sociales-twitter-rafaelcorrea-ecuador-ED1746134<\/a><\/p>\n","protected":false},"excerpt":{"rendered":"<p>&nbsp; Dardos en forma de\u00a0tuit. Desde que el expresidente\u00a0Rafael Correa\u00a0se fue a\u00a0B\u00e9lgica\u00a0ha utilizado\u00a0Twitter\u00a0para atacar, ningunear y cuestionar la gesti\u00f3n pol\u00edtica y econ\u00f3mica de quien \u00e9l design\u00f3 como sucesor de la Revoluci\u00f3n Ciudadana, el presidente Len\u00edn Moreno. Pero el calentamiento de la red social ha ido rebaj\u00e1ndose en el tiempo conforme aumentaban los reveses, pol\u00edticos o judiciales, contra su legado. En casi tres meses,\u00a0Correa\u00a0ha publicado 302 mensajes, sin contar las r\u00e9plicas (retuits en la jerga aut\u00f3ctona de la red social). Y solo ha dejado descansar al p\u00e1jaro azul en 14 d\u00edas. Pero el reparto de mensajes ha ido cambiando seg\u00fan la coyuntura. Desde el 10 de julio hasta ayer (al cierre de esta edici\u00f3n), Correa ha experimentado una curva creciente seguida de una decreciente, que coincide en los puntos m\u00e1s \u00e1lgidos con los anuncios de Moreno y con los avances judiciales contra funcionarios de su gobierno, como el reelegido vicepresidente \u0094ahora sin funciones\u0094\u00a0Jorge Glas. En septiembre,\u00a0Glas\u00a0qued\u00f3 acorralado por su vinculaci\u00f3n al caso Odebrecht y eso llev\u00f3 al abogado del Estado, el procurador Diego Garc\u00eda Carri\u00f3n, a presentar acusaci\u00f3n particular y al fiscal general\u00a0Carlos Baca Mancheno\u00a0a pedir medidas cautelares m\u00e1s estrictas. Ese mes tambi\u00e9n se agudiz\u00f3 el resquebrajamiento entre los miembros de\u00a0Alianza PAIS\u00a0del ala de Moreno y del ala corre\u00edsta por las preguntas sobre reelecci\u00f3n indefinida y sobre el Consejo de Participaci\u00f3n Ciudadana y Control Social de cara a la consulta popular, as\u00ed como por la revelaci\u00f3n del espionaje pol\u00edtico durante el Gobierno anterior. Y justo ese mes, Correa ha dejado las redes en blanco siete d\u00edas, los mismos que en los dos meses previos juntos. Ha enviado 77 tuits en 30 d\u00edas y solo en tres ocasiones se ha calentado con 8 o 9 trinos por d\u00eda. Cuando en agosto, el mes m\u00e1s agitado para el perfil\u00a0@MashiRafael, envi\u00f3 154 mensajes, descans\u00f3 cuatro d\u00edas y lleg\u00f3 a sesiones diarias de 27, 16 o 14 publicaciones de una sola atacada. Claro que entonces, en el ojo del hurac\u00e1n no hab\u00eda autoridades judiciales ni pruebas de corrupci\u00f3n, sino las decisiones pol\u00edticas y econ\u00f3micas de Len\u00edn Moreno persiguiendo el af\u00e1n de dar un cambio de rumbo a la herencia corre\u00edsta. &nbsp; &nbsp; Len\u00edn Moreno Los cuestionamientos a las decisiones del presidente Len\u00edn Moreno encendieron el impulso tuiteador de Correa. Los dos d\u00edas de m\u00e1s actividad, con 27 y 16 mensajes el 1 y 2 de agosto, coincidieron con la orden de Moreno de retirarle las funciones al vicerepresidente Glas por su enfrentamiento en un comunicado. Econom\u00eda Moreno es quien se ha llevado m\u00e1s recados y m\u00e1s acidez en el tono, pero fueron los cuestionamientos a la gesti\u00f3n econ\u00f3mica de Correa los que iniciaron la pugna en redes. La afirmaci\u00f3n de que la mesa no est\u00e1 servida (6 tuits) y el destape de una deuda de $ 57.000 millones (15 tuits) agitaron al expresidente en julio. Odebrecht Correa ha defendido sin tapujos a su vicepresidente y su presunci\u00f3n de inocencia. Sin embargo, a medida que avanzan los procesos por Odebrecht, las dedicatorias en Twitter han mermado o bajado el tono. Cuando Glas entr\u00f3 en prisi\u00f3n preventiva, solo le escribi\u00f3 dos. Eso s\u00ed, retuite\u00f3 al propio Glas y a su abogado. (I) &nbsp; &nbsp; Fuente: http:\/\/www.expreso.ec\/actualidad\/redes-sociales-twitter-rafaelcorrea-ecuador-ED1746134<\/p>\n","protected":false},"author":1,"featured_media":245969,"comment_status":"open","ping_status":"open","sticky":false,"template":"","format":"standard","meta":[],"categories":[54,32,40,35,46],"tags":[],"_links":{"self":[{"href":"https:\/\/www.ecuadortimes.net\/es\/wp-json\/wp\/v2\/posts\/245968"}],"collection":[{"href":"https:\/\/www.ecuadortimes.net\/es\/wp-json\/wp\/v2\/posts"}],"about":[{"href":"https:\/\/www.ecuadortimes.net\/es\/wp-json\/wp\/v2\/types\/post"}],"author":[{"embeddable":true,"href":"https:\/\/www.ecuadortimes.net\/es\/wp-json\/wp\/v2\/users\/1"}],"replies":[{"embeddable":true,"href":"https:\/\/www.ecuadortimes.net\/es\/wp-json\/wp\/v2\/comments?post=245968"}],"version-history":[{"count":0,"href":"https:\/\/www.ecuadortimes.net\/es\/wp-json\/wp\/v2\/posts\/245968\/revisions"}],"wp:featuredmedia":[{"embeddable":true,"href":"https:\/\/www.ecuadortimes.net\/es\/wp-json\/wp\/v2\/media\/245969"}],"wp:attachment":[{"href":"https:\/\/www.ecuadortimes.net\/es\/wp-json\/wp\/v2\/media?parent=245968"}],"wp:term":[{"taxonomy":"category","embeddable":true,"href":"https:\/\/www.ecuadortimes.net\/es\/wp-json\/wp\/v2\/categories?post=245968"},{"taxonomy":"post_tag","embeddable":true,"href":"https:\/\/www.ecuadortimes.net\/es\/wp-json\/wp\/v2\/tags?post=245968"}],"curies":[{"name":"wp","href":"https:\/\/api.w.org\/{rel}","templated":true}]}}