{"id":245970,"date":"2017-10-05T00:00:00","date_gmt":"2017-10-05T00:00:00","guid":{"rendered":"https:\/\/www.ecuadortimes.net\/es\/moreno-pide-estudio-juridico-para-sustituir-a-glas\/"},"modified":"2017-10-05T00:00:00","modified_gmt":"2017-10-05T00:00:00","slug":"moreno-pide-estudio-juridico-para-sustituir-a-glas","status":"publish","type":"post","link":"https:\/\/www.ecuadortimes.net\/es\/moreno-pide-estudio-juridico-para-sustituir-a-glas\/","title":{"rendered":"Moreno pide estudio jur\u00eddico para sustituir a Glas"},"content":{"rendered":"<p><img loading=\"lazy\" class=\"size-full wp-image-190339 aligncenter\" src=\"https:\/\/www.ecuadortimes.net\/es\/wp-content\/uploads\/2017\/10\/LENIN_MORENO_PIDE_ESTUIDO_JURIDICO_SUSTITUIR_GLAS_ECUADORTIMES_ECUADORNEWS.jpg\" alt=\"\" width=\"620\" height=\"264\" \/><\/p>\n<p>&nbsp;<\/p>\n<p>El presidente de\u00a0<span class=\"classCadenaBusqueda\">Ecuador<\/span>,\u00a0<a href=\"http:\/\/www.larepublica.ec\/blog\/portada\/2017\/10\/04\/moreno-anuncia-ajustes-en-la-secretaria-de-inteligencia\/\"><strong>Len\u00edn Moreno<\/strong><\/a>, dijo hoy que ha pedido a los abogados de la Presidencia que estudien los mecanismos para suplir al segundo mandatario,\u00a0<a href=\"http:\/\/www.larepublica.ec\/blog\/politica\/2017\/10\/04\/ecuador-en-una-situacion-inedita-y-complicada-con-glas-en-prision\/\"><strong>Jorge Glas<\/strong><\/a>, ahora en prisi\u00f3n preventiva, pues considera que <strong>una persona que est\u00e1 encarcelada<\/strong>,\u00a0<strong>no puede cumplir la funci\u00f3n de vicepresidente<\/strong>.<\/p>\n<p><strong>Desde mi punto de vista<\/strong>,\u00a0<strong>el pa\u00eds no puede estar con un vicepresidente que no est\u00e1 en capacidad de ejercer sus funciones<\/strong>.<strong>\u00a0Sin embargo<\/strong>,<strong>\u00a0al equipo de abogados le he solicitado que me proporcione el mecanismo a implementar para suplir esa ausencia del se\u00f1or vicepresidente<\/strong>, dijo Moreno.<\/p>\n<p>Las declaraciones las hizo en un conversatorio con la prensa local, en momentos en que\u00a0<strong>Glas<\/strong>\u00a0cumple su segundo d\u00eda de prisi\u00f3n preventiva ordenada por la Corte Nacional de Justicia dentro de unas investigaci\u00f3n que adelanta la Fiscal\u00eda de supuestos sobornos de la constructora brasile\u00f1a Odebrecht.<\/p>\n<p>El jefe de Estado consider\u00f3 que\u00a0<strong>Glas<\/strong>, independientemente de la situaci\u00f3n en la que est\u00e1 <strong>merece todo el respeto y que se cumplan todos los procedimientos y aquello que determina la ley<\/strong>.<\/p>\n<p>A\u00f1adi\u00f3 que si la Asamblea decide hacer un juicio pol\u00edtico contra Glas es su decisi\u00f3n\u009d.<\/p>\n<p><strong>Si es que la justicia decide sentenciarlo tambi\u00e9n es su decisi\u00f3n<\/strong>, apunt\u00f3 y matizo que la parte que corresponde al Ejecutivo es no dejar un vac\u00edo en la Presidencia y buscar alternativas.<\/p>\n<p><strong>Y es nuestra decisi\u00f3n considerar de que est\u00e1 inhabilitado para poder cumplir funciones. Una persona que est\u00e1 encarcelada no puede cumplir con la funci\u00f3n de vicepresidente<\/strong>, reiter\u00f3.<\/p>\n<p>Seg\u00fan Eduardo Franco Loor, abogado de Glas, su defendido no est\u00e1 inhabilitado de su cargo, por eso ha hecho uso de sus vacaciones mientras dura prisi\u00f3n preventiva\u009d, escribi\u00f3 en Twitter.<\/p>\n<p>Tras visitarlo ayer en la c\u00e1rcel, Franco Loor dijo que\u00a0<strong>Glas<\/strong>\u00a0ha decidido hacer uso de dos meses de sus vacaciones y, aunque no ha explicado el mecanismo que se usar\u00e1, record\u00f3 que su defendido, que fue reelegido en abril pasado, no ha tomado sus d\u00edas libres hace muchos a\u00f1os\u009d.<\/p>\n<p>Hoy Moreno fue consultado sobre si dispon\u00eda realmente de vacaciones pero no entr\u00f3 en cuestiones laborales.<\/p>\n<p>Ayer, pocas horas despu\u00e9s de que\u00a0<strong>Glas<\/strong>\u00a0ingresara en prisi\u00f3n preventiva, la oposici\u00f3n en la Asamblea emprendi\u00f3 en la reactivaci\u00f3n de un juicio pol\u00edtico en su contra, que la Consejo de Administraci\u00f3n Legislativa hab\u00eda archivado en julio.<\/p>\n<p>Los opositores consideran entonces, y lo mantienen ahora, que Glas es responsable pol\u00edtico de hechos ocurridos en los sectores estrat\u00e9gicos, en los que se investigan supuestos casos de corrupci\u00f3n.<\/p>\n<p>Los grupos de oposici\u00f3n pretenden a\u00f1adir la documentaci\u00f3n que present\u00f3 el fiscal general, Carlos Baca, en la audiencia del pasado lunes en la Corte Nacional de Justicia, a la que presentaron en junio. (I)<\/p>\n<p>&nbsp;<\/p>\n<p>&nbsp;<\/p>\n<p><strong>Fuente: <\/strong><a href=\"http:\/\/www.larepublica.ec\/blog\/politica\/2017\/10\/04\/moreno-pide-estudio-juridico-para-sustituir-a-glas\/\" target=\"_blank\" rel=\"noopener noreferrer\">http:\/\/www.larepublica.ec\/blog\/politica\/2017\/10\/04\/moreno-pide-estudio-juridico-para-sustituir-a-glas\/<\/a><\/p>\n","protected":false},"excerpt":{"rendered":"<p>&nbsp; El presidente de\u00a0Ecuador,\u00a0Len\u00edn Moreno, dijo hoy que ha pedido a los abogados de la Presidencia que estudien los mecanismos para suplir al segundo mandatario,\u00a0Jorge Glas, ahora en prisi\u00f3n preventiva, pues considera que una persona que est\u00e1 encarcelada,\u00a0no puede cumplir la funci\u00f3n de vicepresidente. Desde mi punto de vista,\u00a0el pa\u00eds no puede estar con un vicepresidente que no est\u00e1 en capacidad de ejercer sus funciones.\u00a0Sin embargo,\u00a0al equipo de abogados le he solicitado que me proporcione el mecanismo a implementar para suplir esa ausencia del se\u00f1or vicepresidente, dijo Moreno. Las declaraciones las hizo en un conversatorio con la prensa local, en momentos en que\u00a0Glas\u00a0cumple su segundo d\u00eda de prisi\u00f3n preventiva ordenada por la Corte Nacional de Justicia dentro de unas investigaci\u00f3n que adelanta la Fiscal\u00eda de supuestos sobornos de la constructora brasile\u00f1a Odebrecht. El jefe de Estado consider\u00f3 que\u00a0Glas, independientemente de la situaci\u00f3n en la que est\u00e1 merece todo el respeto y que se cumplan todos los procedimientos y aquello que determina la ley. A\u00f1adi\u00f3 que si la Asamblea decide hacer un juicio pol\u00edtico contra Glas es su decisi\u00f3n\u009d. Si es que la justicia decide sentenciarlo tambi\u00e9n es su decisi\u00f3n, apunt\u00f3 y matizo que la parte que corresponde al Ejecutivo es no dejar un vac\u00edo en la Presidencia y buscar alternativas. Y es nuestra decisi\u00f3n considerar de que est\u00e1 inhabilitado para poder cumplir funciones. Una persona que est\u00e1 encarcelada no puede cumplir con la funci\u00f3n de vicepresidente, reiter\u00f3. Seg\u00fan Eduardo Franco Loor, abogado de Glas, su defendido no est\u00e1 inhabilitado de su cargo, por eso ha hecho uso de sus vacaciones mientras dura prisi\u00f3n preventiva\u009d, escribi\u00f3 en Twitter. Tras visitarlo ayer en la c\u00e1rcel, Franco Loor dijo que\u00a0Glas\u00a0ha decidido hacer uso de dos meses de sus vacaciones y, aunque no ha explicado el mecanismo que se usar\u00e1, record\u00f3 que su defendido, que fue reelegido en abril pasado, no ha tomado sus d\u00edas libres hace muchos a\u00f1os\u009d. Hoy Moreno fue consultado sobre si dispon\u00eda realmente de vacaciones pero no entr\u00f3 en cuestiones laborales. Ayer, pocas horas despu\u00e9s de que\u00a0Glas\u00a0ingresara en prisi\u00f3n preventiva, la oposici\u00f3n en la Asamblea emprendi\u00f3 en la reactivaci\u00f3n de un juicio pol\u00edtico en su contra, que la Consejo de Administraci\u00f3n Legislativa hab\u00eda archivado en julio. Los opositores consideran entonces, y lo mantienen ahora, que Glas es responsable pol\u00edtico de hechos ocurridos en los sectores estrat\u00e9gicos, en los que se investigan supuestos casos de corrupci\u00f3n. Los grupos de oposici\u00f3n pretenden a\u00f1adir la documentaci\u00f3n que present\u00f3 el fiscal general, Carlos Baca, en la audiencia del pasado lunes en la Corte Nacional de Justicia, a la que presentaron en junio. (I) &nbsp; &nbsp; Fuente: http:\/\/www.larepublica.ec\/blog\/politica\/2017\/10\/04\/moreno-pide-estudio-juridico-para-sustituir-a-glas\/<\/p>\n","protected":false},"author":1,"featured_media":245971,"comment_status":"open","ping_status":"open","sticky":false,"template":"","format":"standard","meta":[],"categories":[54,32,40,46],"tags":[],"_links":{"self":[{"href":"https:\/\/www.ecuadortimes.net\/es\/wp-json\/wp\/v2\/posts\/245970"}],"collection":[{"href":"https:\/\/www.ecuadortimes.net\/es\/wp-json\/wp\/v2\/posts"}],"about":[{"href":"https:\/\/www.ecuadortimes.net\/es\/wp-json\/wp\/v2\/types\/post"}],"author":[{"embeddable":true,"href":"https:\/\/www.ecuadortimes.net\/es\/wp-json\/wp\/v2\/users\/1"}],"replies":[{"embeddable":true,"href":"https:\/\/www.ecuadortimes.net\/es\/wp-json\/wp\/v2\/comments?post=245970"}],"version-history":[{"count":0,"href":"https:\/\/www.ecuadortimes.net\/es\/wp-json\/wp\/v2\/posts\/245970\/revisions"}],"wp:featuredmedia":[{"embeddable":true,"href":"https:\/\/www.ecuadortimes.net\/es\/wp-json\/wp\/v2\/media\/245971"}],"wp:attachment":[{"href":"https:\/\/www.ecuadortimes.net\/es\/wp-json\/wp\/v2\/media?parent=245970"}],"wp:term":[{"taxonomy":"category","embeddable":true,"href":"https:\/\/www.ecuadortimes.net\/es\/wp-json\/wp\/v2\/categories?post=245970"},{"taxonomy":"post_tag","embeddable":true,"href":"https:\/\/www.ecuadortimes.net\/es\/wp-json\/wp\/v2\/tags?post=245970"}],"curies":[{"name":"wp","href":"https:\/\/api.w.org\/{rel}","templated":true}]}}