{"id":245974,"date":"2017-10-05T00:00:00","date_gmt":"2017-10-05T00:00:00","guid":{"rendered":"https:\/\/www.ecuadortimes.net\/es\/fmi-y-flar-en-el-plan-de-gobierno-para-cubrir-deudas\/"},"modified":"2017-10-05T00:00:00","modified_gmt":"2017-10-05T00:00:00","slug":"fmi-y-flar-en-el-plan-de-gobierno-para-cubrir-deudas","status":"publish","type":"post","link":"https:\/\/www.ecuadortimes.net\/es\/fmi-y-flar-en-el-plan-de-gobierno-para-cubrir-deudas\/","title":{"rendered":"FMI y FLAR, en el plan de Gobierno para cubrir deudas"},"content":{"rendered":"<p><img loading=\"lazy\" class=\" wp-image-190336 aligncenter\" src=\"https:\/\/www.ecuadortimes.net\/es\/wp-content\/uploads\/2017\/10\/FMI_Y_FLAR_PLAN_GOBIERNO_CUBRIR_DEUDAS_ECUADORTIMES_ECUADORNEWS.jpg\" alt=\"\" width=\"1030\" height=\"746\" \/><\/p>\n<p>&nbsp;<\/p>\n<div class=\"location-event\"><strong>Quito &#8211;<\/strong> El Gobierno busca tanto en el <strong>Fondo Monetario Internacional (FMI)<\/strong> como en el <strong>Fondo Latinoamericano de Reservas (FLAR)<\/strong>, las ayudas para cubrir la enorme necesidad de financiamiento del pa\u00eds para el 2017. El presidente Len\u00edn Moreno confirm\u00f3 ayer que para l<strong>a renegociaci\u00f3n de la deuda externa acudir\u00e1 al FMI<\/strong> y explic\u00f3 que en noviembre vendr\u00e1 una misi\u00f3n del organismo. En agosto del 2016 el anterior Gobierno hab\u00eda pedido al Fondo que no hiciera p\u00fablico el informe sobre la situaci\u00f3n econ\u00f3mica del pa\u00eds.<\/div>\n<p>En todo caso, ahora, el presidente Moreno indic\u00f3 que en el tema del FMI no est\u00e1 la soluci\u00f3n de todo, y que est\u00e1 contemplado tomar un amplio espectro\u009d de decisiones econ\u00f3micas. Estas le ser\u00e1n presentadas hoy al presidente Moreno por parte del equipo econ\u00f3mico. Dijo que las medidas a tomar no afectar\u00e1n a los m\u00e1s pobres.<\/p>\n<p>Las declaraciones de Moreno se hicieron durante un conversatorio con medios y un d\u00eda despu\u00e9s de que el <strong>FLAR aprobara un pr\u00e9stamo para Ecuador por $ 637,8 millones.<\/strong><\/p>\n<p>El Directorio del Fondo Latinoamericano de Reservas, en reuni\u00f3n celebrada el 2 de octubre pasado, aprob\u00f3 el cr\u00e9dito para Ecuador. Este es a tres a\u00f1os plazo con uno de gracia al pago de capital.<\/p>\n<p>De acuerdo con el FLAR, estos recursos contribuyen a la estabilidad macroecon\u00f3mica y a la integraci\u00f3n comercial y financiera de Am\u00e9rica Latina.<\/p>\n<p>Seg\u00fan el Ministerio de Finanzas, este cr\u00e9dito es un apoyo para fortalecer las reservas internacionales y para reponer los pagos importantes que se han hecho por el servicio de la deuda en las \u00faltimas semanas.<\/p>\n<p>Moreno refiri\u00f3 ayer que este a\u00f1o Ecuador deber\u00e1 pagar al menos $ 10.000 millones por deuda. Esto tomando en cuenta no solo los rubros que se denominan deuda, sino otras obligaciones que tambi\u00e9n se deben cancelar.<\/p>\n<p>El director ejecutivo del Observatorio de la Pol\u00edtica Fiscal (OPF), Jaime Carrera, consider\u00f3 positivo que se acuda al Fondo Monetario, pues dijo que su participaci\u00f3n har\u00eda que las cifras econ\u00f3micas se vuelvan confiables y as\u00ed poder acceder a cr\u00e9ditos del Banco Mundial e incluso del propio FMI a bajas tasas de inter\u00e9s.<\/p>\n<p>Carrera indic\u00f3 que el FLAR era parte de las fuentes que el Gobierno ya hab\u00eda anunciado para cubrir el d\u00e9ficit del presupuesto. Sin embargo, consider\u00f3 que hasta fin de a\u00f1o podr\u00eda requerir colocar bonos. (I)<\/p>\n<p>&nbsp;<\/p>\n<p>&nbsp;<\/p>\n<p><strong>Fuente: <\/strong><a href=\"http:\/\/www.eluniverso.com\/noticias\/2017\/10\/05\/nota\/6415120\/fmi-flar-plan-gobierno-cubrir-deudas\" target=\"_blank\" rel=\"noopener noreferrer\">http:\/\/www.eluniverso.com\/noticias\/2017\/10\/05\/nota\/6415120\/fmi-flar-plan-gobierno-cubrir-deudas<\/a><\/p>\n","protected":false},"excerpt":{"rendered":"<p>&nbsp; Quito &#8211; El Gobierno busca tanto en el Fondo Monetario Internacional (FMI) como en el Fondo Latinoamericano de Reservas (FLAR), las ayudas para cubrir la enorme necesidad de financiamiento del pa\u00eds para el 2017. El presidente Len\u00edn Moreno confirm\u00f3 ayer que para la renegociaci\u00f3n de la deuda externa acudir\u00e1 al FMI y explic\u00f3 que en noviembre vendr\u00e1 una misi\u00f3n del organismo. En agosto del 2016 el anterior Gobierno hab\u00eda pedido al Fondo que no hiciera p\u00fablico el informe sobre la situaci\u00f3n econ\u00f3mica del pa\u00eds. En todo caso, ahora, el presidente Moreno indic\u00f3 que en el tema del FMI no est\u00e1 la soluci\u00f3n de todo, y que est\u00e1 contemplado tomar un amplio espectro\u009d de decisiones econ\u00f3micas. Estas le ser\u00e1n presentadas hoy al presidente Moreno por parte del equipo econ\u00f3mico. Dijo que las medidas a tomar no afectar\u00e1n a los m\u00e1s pobres. Las declaraciones de Moreno se hicieron durante un conversatorio con medios y un d\u00eda despu\u00e9s de que el FLAR aprobara un pr\u00e9stamo para Ecuador por $ 637,8 millones. El Directorio del Fondo Latinoamericano de Reservas, en reuni\u00f3n celebrada el 2 de octubre pasado, aprob\u00f3 el cr\u00e9dito para Ecuador. Este es a tres a\u00f1os plazo con uno de gracia al pago de capital. De acuerdo con el FLAR, estos recursos contribuyen a la estabilidad macroecon\u00f3mica y a la integraci\u00f3n comercial y financiera de Am\u00e9rica Latina. Seg\u00fan el Ministerio de Finanzas, este cr\u00e9dito es un apoyo para fortalecer las reservas internacionales y para reponer los pagos importantes que se han hecho por el servicio de la deuda en las \u00faltimas semanas. Moreno refiri\u00f3 ayer que este a\u00f1o Ecuador deber\u00e1 pagar al menos $ 10.000 millones por deuda. Esto tomando en cuenta no solo los rubros que se denominan deuda, sino otras obligaciones que tambi\u00e9n se deben cancelar. El director ejecutivo del Observatorio de la Pol\u00edtica Fiscal (OPF), Jaime Carrera, consider\u00f3 positivo que se acuda al Fondo Monetario, pues dijo que su participaci\u00f3n har\u00eda que las cifras econ\u00f3micas se vuelvan confiables y as\u00ed poder acceder a cr\u00e9ditos del Banco Mundial e incluso del propio FMI a bajas tasas de inter\u00e9s. Carrera indic\u00f3 que el FLAR era parte de las fuentes que el Gobierno ya hab\u00eda anunciado para cubrir el d\u00e9ficit del presupuesto. Sin embargo, consider\u00f3 que hasta fin de a\u00f1o podr\u00eda requerir colocar bonos. (I) &nbsp; &nbsp; Fuente: http:\/\/www.eluniverso.com\/noticias\/2017\/10\/05\/nota\/6415120\/fmi-flar-plan-gobierno-cubrir-deudas<\/p>\n","protected":false},"author":1,"featured_media":245975,"comment_status":"open","ping_status":"open","sticky":false,"template":"","format":"standard","meta":[],"categories":[54,32,33,34,51,43,40,35],"tags":[],"_links":{"self":[{"href":"https:\/\/www.ecuadortimes.net\/es\/wp-json\/wp\/v2\/posts\/245974"}],"collection":[{"href":"https:\/\/www.ecuadortimes.net\/es\/wp-json\/wp\/v2\/posts"}],"about":[{"href":"https:\/\/www.ecuadortimes.net\/es\/wp-json\/wp\/v2\/types\/post"}],"author":[{"embeddable":true,"href":"https:\/\/www.ecuadortimes.net\/es\/wp-json\/wp\/v2\/users\/1"}],"replies":[{"embeddable":true,"href":"https:\/\/www.ecuadortimes.net\/es\/wp-json\/wp\/v2\/comments?post=245974"}],"version-history":[{"count":0,"href":"https:\/\/www.ecuadortimes.net\/es\/wp-json\/wp\/v2\/posts\/245974\/revisions"}],"wp:featuredmedia":[{"embeddable":true,"href":"https:\/\/www.ecuadortimes.net\/es\/wp-json\/wp\/v2\/media\/245975"}],"wp:attachment":[{"href":"https:\/\/www.ecuadortimes.net\/es\/wp-json\/wp\/v2\/media?parent=245974"}],"wp:term":[{"taxonomy":"category","embeddable":true,"href":"https:\/\/www.ecuadortimes.net\/es\/wp-json\/wp\/v2\/categories?post=245974"},{"taxonomy":"post_tag","embeddable":true,"href":"https:\/\/www.ecuadortimes.net\/es\/wp-json\/wp\/v2\/tags?post=245974"}],"curies":[{"name":"wp","href":"https:\/\/api.w.org\/{rel}","templated":true}]}}