{"id":245978,"date":"2017-10-05T00:00:00","date_gmt":"2017-10-05T00:00:00","guid":{"rendered":"https:\/\/www.ecuadortimes.net\/es\/la-asamblea-pedira-cuentas-a-rene-ramirez-sobre-yachay\/"},"modified":"2017-10-05T00:00:00","modified_gmt":"2017-10-05T00:00:00","slug":"la-asamblea-pedira-cuentas-a-rene-ramirez-sobre-yachay","status":"publish","type":"post","link":"https:\/\/www.ecuadortimes.net\/es\/la-asamblea-pedira-cuentas-a-rene-ramirez-sobre-yachay\/","title":{"rendered":"La Asamblea pedir\u00e1 cuentas a Ren\u00e9 Ram\u00edrez sobre Yachay"},"content":{"rendered":"<p><img loading=\"lazy\" class=\"size-full wp-image-190330 aligncenter\" src=\"https:\/\/www.ecuadortimes.net\/es\/wp-content\/uploads\/2017\/10\/ASAMBLEA_CUENTAS_RENE_RAMIREZ_SOBRE_YACHAY_ECUADORTIMES_ECUADORNEWS.jpeg\" alt=\"\" width=\"612\" height=\"340\" \/><\/p>\n<p>&nbsp;<\/p>\n<p><strong>El Consejo de Administraci\u00f3n Legislativa (CAL)<\/strong> aprob\u00f3 la solicitud que hizo el asamble\u00edsta Luis Pachala, de CREO, para que <strong>el exsecretario de Educaci\u00f3n Superior, Ren\u00e9 Ram\u00edrez<\/strong>, acuda a la Asamblea Nacional. El exfuncionario tendr\u00e1 que asistir a la Comisi\u00f3n de Participaci\u00f3n Ciudadana para explicar sobre los problemas encontradas en la Universidad Yachay.<\/p>\n<p>El CAL resolvi\u00f3 la noche del martes 3 de octubre, por unanimidad, convocar a Ram\u00edrez a la Comisi\u00f3n de Participaci\u00f3n Ciudadana, confirm\u00f3 el legislador de CREO e integrante de este organismo, Patricio Donoso. La decisi\u00f3n del Consejo se tom\u00f3 luego de la petici\u00f3n que hiciera Pachala, el pasado 14 de septiembre del 2017.<\/p>\n<p>\u00c3\u0089l plante\u00f3 que el exsecretario d\u00e9 una explicaci\u00f3n por los principales problemas, administrativos, presupuestarios y de infraestructura encontrados en <strong>la ciudad del conocimiento, Yachay\u009d. El legislador a\u00f1adi\u00f3 que la comparecencia es indelegable\u009d por lo que Ram\u00edrez tendr\u00eda que acudir personalmente a la Comisi\u00f3n.<\/strong><\/p>\n<p>H\u00e9ctor Y\u00e9pez, presidente de la mesa de Participaci\u00f3n Ciudadana, todav\u00eda no ha sido notificado de la resoluci\u00f3n. Donoso explic\u00f3 que en Secretar\u00eda de la Asamblea est\u00e1n procesando las cerca de 38 resoluciones que aprob\u00f3 el CAL la noche del martes. Luego de avocar conocimiento de la Resoluci\u00f3n, la Comisi\u00f3n de Participaci\u00f3n tendr\u00e1 que definir la fecha y la hora para que Ram\u00edrez pueda intervenir en una sesi\u00f3n. Todav\u00eda no existe una fecha definida.<small> (I)<\/small><\/p>\n<p>&nbsp;<\/p>\n<p>&nbsp;<\/p>\n<p><strong>Fuente: <\/strong><a href=\"http:\/\/www.elcomercio.com\/actualidad\/asamblea-pedira-cuentas-reneramirez-yachay.html\" target=\"_blank\" rel=\"noopener noreferrer\">http:\/\/www.elcomercio.com\/actualidad\/asamblea-pedira-cuentas-reneramirez-yachay.html<\/a><\/p>\n","protected":false},"excerpt":{"rendered":"<p>&nbsp; El Consejo de Administraci\u00f3n Legislativa (CAL) aprob\u00f3 la solicitud que hizo el asamble\u00edsta Luis Pachala, de CREO, para que el exsecretario de Educaci\u00f3n Superior, Ren\u00e9 Ram\u00edrez, acuda a la Asamblea Nacional. El exfuncionario tendr\u00e1 que asistir a la Comisi\u00f3n de Participaci\u00f3n Ciudadana para explicar sobre los problemas encontradas en la Universidad Yachay. El CAL resolvi\u00f3 la noche del martes 3 de octubre, por unanimidad, convocar a Ram\u00edrez a la Comisi\u00f3n de Participaci\u00f3n Ciudadana, confirm\u00f3 el legislador de CREO e integrante de este organismo, Patricio Donoso. La decisi\u00f3n del Consejo se tom\u00f3 luego de la petici\u00f3n que hiciera Pachala, el pasado 14 de septiembre del 2017. \u00c3\u0089l plante\u00f3 que el exsecretario d\u00e9 una explicaci\u00f3n por los principales problemas, administrativos, presupuestarios y de infraestructura encontrados en la ciudad del conocimiento, Yachay\u009d. El legislador a\u00f1adi\u00f3 que la comparecencia es indelegable\u009d por lo que Ram\u00edrez tendr\u00eda que acudir personalmente a la Comisi\u00f3n. H\u00e9ctor Y\u00e9pez, presidente de la mesa de Participaci\u00f3n Ciudadana, todav\u00eda no ha sido notificado de la resoluci\u00f3n. Donoso explic\u00f3 que en Secretar\u00eda de la Asamblea est\u00e1n procesando las cerca de 38 resoluciones que aprob\u00f3 el CAL la noche del martes. Luego de avocar conocimiento de la Resoluci\u00f3n, la Comisi\u00f3n de Participaci\u00f3n tendr\u00e1 que definir la fecha y la hora para que Ram\u00edrez pueda intervenir en una sesi\u00f3n. Todav\u00eda no existe una fecha definida. (I) &nbsp; &nbsp; Fuente: http:\/\/www.elcomercio.com\/actualidad\/asamblea-pedira-cuentas-reneramirez-yachay.html<\/p>\n","protected":false},"author":1,"featured_media":245979,"comment_status":"open","ping_status":"open","sticky":false,"template":"","format":"standard","meta":[],"categories":[54,32,43,40,35,46],"tags":[],"_links":{"self":[{"href":"https:\/\/www.ecuadortimes.net\/es\/wp-json\/wp\/v2\/posts\/245978"}],"collection":[{"href":"https:\/\/www.ecuadortimes.net\/es\/wp-json\/wp\/v2\/posts"}],"about":[{"href":"https:\/\/www.ecuadortimes.net\/es\/wp-json\/wp\/v2\/types\/post"}],"author":[{"embeddable":true,"href":"https:\/\/www.ecuadortimes.net\/es\/wp-json\/wp\/v2\/users\/1"}],"replies":[{"embeddable":true,"href":"https:\/\/www.ecuadortimes.net\/es\/wp-json\/wp\/v2\/comments?post=245978"}],"version-history":[{"count":0,"href":"https:\/\/www.ecuadortimes.net\/es\/wp-json\/wp\/v2\/posts\/245978\/revisions"}],"wp:featuredmedia":[{"embeddable":true,"href":"https:\/\/www.ecuadortimes.net\/es\/wp-json\/wp\/v2\/media\/245979"}],"wp:attachment":[{"href":"https:\/\/www.ecuadortimes.net\/es\/wp-json\/wp\/v2\/media?parent=245978"}],"wp:term":[{"taxonomy":"category","embeddable":true,"href":"https:\/\/www.ecuadortimes.net\/es\/wp-json\/wp\/v2\/categories?post=245978"},{"taxonomy":"post_tag","embeddable":true,"href":"https:\/\/www.ecuadortimes.net\/es\/wp-json\/wp\/v2\/tags?post=245978"}],"curies":[{"name":"wp","href":"https:\/\/api.w.org\/{rel}","templated":true}]}}