{"id":245984,"date":"2017-10-05T00:00:00","date_gmt":"2017-10-05T00:00:00","guid":{"rendered":"https:\/\/www.ecuadortimes.net\/es\/2-600-millones-en-creditos-se-destinaron-al-sector-rural\/"},"modified":"2017-10-05T00:00:00","modified_gmt":"2017-10-05T00:00:00","slug":"2-600-millones-en-creditos-se-destinaron-al-sector-rural","status":"publish","type":"post","link":"https:\/\/www.ecuadortimes.net\/es\/2-600-millones-en-creditos-se-destinaron-al-sector-rural\/","title":{"rendered":"$ 2.600 millones en cr\u00e9ditos se destinaron al sector rural"},"content":{"rendered":"<p><img loading=\"lazy\" class=\"size-full wp-image-190334 aligncenter\" src=\"https:\/\/www.ecuadortimes.net\/es\/wp-content\/uploads\/2017\/10\/CREDITOS_SECTOR_RURAL_ECUADORTIMES_ECUADORNEWS.jpg\" alt=\"\" width=\"1170\" height=\"552\" \/><\/p>\n<p>&nbsp;<\/p>\n<p>Hasta junio de 2017, las cooperativas que forman parte de la <strong>Econom\u00eda Popular y Solidaria (EPS)<\/strong> otorgaron m\u00e1s de $ 2.600 millones en cr\u00e9ditos al sector rural, mientras que la banca, en su conjunto, coloc\u00f3 cerca de $ 1.000 millones, manifest\u00f3 ayer <strong>Kl\u00e9ver Mej\u00eda<\/strong>, superintendente de<strong> Econom\u00eda Popular y Solidaria<\/strong> (e).<\/p>\n<p>El funcionario explic\u00f3 que esta diferencia se da porque las cooperativas, al ser cantonales,\u00a0 colocan los recursos en la misma localidad y as\u00ed se genera el desarrollo econ\u00f3mico. Por cada $ 100 que otorga la banca privada, las cooperativas colocan m\u00e1s de $ 260. Es decir una relaci\u00f3n de m\u00e1s del 250%\u009d, se\u00f1al\u00f3 Mej\u00eda. La mayor cantidad de los recursos se destina a microcr\u00e9ditos,\u00a0 cr\u00e9ditos de consumo y un menor porcentaje a la producci\u00f3n.<\/p>\n<p>El Superintendente dijo que Ecuador se destaca en la gesti\u00f3n del sector de la EPS porque es el \u00fanico pa\u00eds que lo reconoce en su Constituci\u00f3n. Adem\u00e1s, en el \u00e1mbito financiero, es la m\u00e1s grande de Am\u00e9rica Latina y el Caribe, pues representa el 12% del Producto Interno Bruto (PIB). Le sigue Costa Rica con el 9% y Bolivia con el 2,9%\u009d.<\/p>\n<p>Estos temas se abordan en las VI Jornadas de Supervisi\u00f3n de la Econom\u00eda Popular y Solidaria que se desarrollan en el Palacio de Cristal, del Parque Itchimb\u00eda, y participan expertos de Brasil, Ecuador e Italia. Tambi\u00e9n asisten unos 600 representantes de cooperativas de cr\u00e9dito, cajas de ahorro, organizaciones comunitarias y asociaciones de la Econom\u00eda Popular y Solidaria.<\/p>\n<p>En el evento, que concluir\u00e1 este jueves, se tratan temas como el marco regulatorio de la actividad empresarial informal; el aporte de las cooperativas de ahorro y cr\u00e9dito en el desarrollo econ\u00f3mico del pa\u00eds; la importancia de la supervisi\u00f3n del sistema cooperativo de Am\u00e9rica Latina, entre otros. (I)<\/p>\n<p>&nbsp;<\/p>\n<p>&nbsp;<\/p>\n<p><strong>Fuente: <\/strong><a href=\"http:\/\/www.eltelegrafo.com.ec\/noticias\/economia\/8\/usd-2-600-millones-en-creditos-se-destinaron-al-sector-rural\" target=\"_blank\" rel=\"noopener noreferrer\">http:\/\/www.eltelegrafo.com.ec\/noticias\/economia\/8\/usd-2-600-millones-en-creditos-se-destinaron-al-sector-rural<\/a><\/p>\n<p>&nbsp;<\/p>\n","protected":false},"excerpt":{"rendered":"<p>&nbsp; Hasta junio de 2017, las cooperativas que forman parte de la Econom\u00eda Popular y Solidaria (EPS) otorgaron m\u00e1s de $ 2.600 millones en cr\u00e9ditos al sector rural, mientras que la banca, en su conjunto, coloc\u00f3 cerca de $ 1.000 millones, manifest\u00f3 ayer Kl\u00e9ver Mej\u00eda, superintendente de Econom\u00eda Popular y Solidaria (e). El funcionario explic\u00f3 que esta diferencia se da porque las cooperativas, al ser cantonales,\u00a0 colocan los recursos en la misma localidad y as\u00ed se genera el desarrollo econ\u00f3mico. Por cada $ 100 que otorga la banca privada, las cooperativas colocan m\u00e1s de $ 260. Es decir una relaci\u00f3n de m\u00e1s del 250%\u009d, se\u00f1al\u00f3 Mej\u00eda. La mayor cantidad de los recursos se destina a microcr\u00e9ditos,\u00a0 cr\u00e9ditos de consumo y un menor porcentaje a la producci\u00f3n. El Superintendente dijo que Ecuador se destaca en la gesti\u00f3n del sector de la EPS porque es el \u00fanico pa\u00eds que lo reconoce en su Constituci\u00f3n. Adem\u00e1s, en el \u00e1mbito financiero, es la m\u00e1s grande de Am\u00e9rica Latina y el Caribe, pues representa el 12% del Producto Interno Bruto (PIB). Le sigue Costa Rica con el 9% y Bolivia con el 2,9%\u009d. Estos temas se abordan en las VI Jornadas de Supervisi\u00f3n de la Econom\u00eda Popular y Solidaria que se desarrollan en el Palacio de Cristal, del Parque Itchimb\u00eda, y participan expertos de Brasil, Ecuador e Italia. Tambi\u00e9n asisten unos 600 representantes de cooperativas de cr\u00e9dito, cajas de ahorro, organizaciones comunitarias y asociaciones de la Econom\u00eda Popular y Solidaria. En el evento, que concluir\u00e1 este jueves, se tratan temas como el marco regulatorio de la actividad empresarial informal; el aporte de las cooperativas de ahorro y cr\u00e9dito en el desarrollo econ\u00f3mico del pa\u00eds; la importancia de la supervisi\u00f3n del sistema cooperativo de Am\u00e9rica Latina, entre otros. (I) &nbsp; &nbsp; Fuente: http:\/\/www.eltelegrafo.com.ec\/noticias\/economia\/8\/usd-2-600-millones-en-creditos-se-destinaron-al-sector-rural &nbsp;<\/p>\n","protected":false},"author":1,"featured_media":245985,"comment_status":"open","ping_status":"open","sticky":false,"template":"","format":"standard","meta":[],"categories":[54,32,43,40,35],"tags":[],"_links":{"self":[{"href":"https:\/\/www.ecuadortimes.net\/es\/wp-json\/wp\/v2\/posts\/245984"}],"collection":[{"href":"https:\/\/www.ecuadortimes.net\/es\/wp-json\/wp\/v2\/posts"}],"about":[{"href":"https:\/\/www.ecuadortimes.net\/es\/wp-json\/wp\/v2\/types\/post"}],"author":[{"embeddable":true,"href":"https:\/\/www.ecuadortimes.net\/es\/wp-json\/wp\/v2\/users\/1"}],"replies":[{"embeddable":true,"href":"https:\/\/www.ecuadortimes.net\/es\/wp-json\/wp\/v2\/comments?post=245984"}],"version-history":[{"count":0,"href":"https:\/\/www.ecuadortimes.net\/es\/wp-json\/wp\/v2\/posts\/245984\/revisions"}],"wp:featuredmedia":[{"embeddable":true,"href":"https:\/\/www.ecuadortimes.net\/es\/wp-json\/wp\/v2\/media\/245985"}],"wp:attachment":[{"href":"https:\/\/www.ecuadortimes.net\/es\/wp-json\/wp\/v2\/media?parent=245984"}],"wp:term":[{"taxonomy":"category","embeddable":true,"href":"https:\/\/www.ecuadortimes.net\/es\/wp-json\/wp\/v2\/categories?post=245984"},{"taxonomy":"post_tag","embeddable":true,"href":"https:\/\/www.ecuadortimes.net\/es\/wp-json\/wp\/v2\/tags?post=245984"}],"curies":[{"name":"wp","href":"https:\/\/api.w.org\/{rel}","templated":true}]}}