{"id":245988,"date":"2017-10-06T00:00:00","date_gmt":"2017-10-06T00:00:00","guid":{"rendered":"https:\/\/www.ecuadortimes.net\/es\/la-corte-constitucional-admitio-las-siete-preguntas-de-la-consulta-e-inicia-su-analisis\/"},"modified":"2017-10-06T00:00:00","modified_gmt":"2017-10-06T00:00:00","slug":"la-corte-constitucional-admitio-las-siete-preguntas-de-la-consulta-e-inicia-su-analisis","status":"publish","type":"post","link":"https:\/\/www.ecuadortimes.net\/es\/la-corte-constitucional-admitio-las-siete-preguntas-de-la-consulta-e-inicia-su-analisis\/","title":{"rendered":"La Corte Constitucional admiti\u00f3 las siete preguntas de la consulta e inicia su an\u00e1lisis"},"content":{"rendered":"<p><img loading=\"lazy\" class=\"size-full wp-image-190363 aligncenter\" src=\"https:\/\/www.ecuadortimes.net\/es\/wp-content\/uploads\/2017\/10\/CORTE_CONSTITUCIONAL_ADMITIO_SIETE_PREGUNTAS_INICIA_ANALISIS_ECUADORTIMES_ECUADORNEWS.jpg\" alt=\"\" width=\"762\" height=\"428\" \/><\/p>\n<p>&nbsp;<\/p>\n<p>La consulta popular propuesta por el Gobierno empieza a caminar. Ayer la Comisi\u00f3n de Admisi\u00f3n de la<b>\u00a0Corte Constitucional\u00a0<\/b>(CC) dio el primer paso.<\/p>\n<p>Las magistradas Wendy Molina, Ruth Seni y Tatiana Orde\u00f1ana, aceptaron a tr\u00e1mite las siete preguntas que propone la consulta presentadas por el presidente de la Rep\u00fablica,\u00a0<b>Len\u00edn Moreno.<\/b><\/p>\n<p>Las magistradas observaron que los planteamientos re\u00fanan los requisitos para su presentaci\u00f3n y procedieron a admitirlas. La sesi\u00f3n del organismo dur\u00f3 varias horas.<\/p>\n<p><b>\u00bfQu\u00e9 sigue?<\/b>\u00a0De conformidad con la Ley de Garant\u00edas Constitucionales, la propuesta del Ejecutivo pasar\u00e1 a la Sala de Sorteos. Ah\u00ed, se conocer\u00e1 cu\u00e1l de los nueve magistrados que conforman el Pleno estudiar\u00e1 si las preguntas son constitucionales o no.<\/p>\n<p>El o la jueza constitucional deber\u00e1 elaborar un informe en el que argumentadamente se\u00f1ale la procedibilidad o no de las interrogantes, esto es, s\u00ed son constitucionales o no. El documento pasar\u00e1 al Pleno para su aprobaci\u00f3n.<\/p>\n<p>El pasado lunes 2 de octubre el Gobierno, por mediaci\u00f3n de la secretaria jur\u00eddica, Johana Pes\u00e1ntez, acompa\u00f1ada de varios ministros entreg\u00f3 el pliego de preguntas. En el documento de la Presidencia de la Rep\u00fablica se detallan las interrogantes que deber\u00e1n ser analizadas por el pleno de la CC para el refer\u00e9ndum y la consulta popular en\u00a0<b>Ecuador<\/b>.<\/p>\n<p>Las preguntas que se someter\u00e1n a refer\u00e9ndum hacen referencia a la muerte pol\u00edtica de los corruptos; eliminaci\u00f3n de la reelecci\u00f3n indefinida; el cese de funciones de los miembros del<b>\u00a0Consejo de Participaci\u00f3n Ciudadana y Control Social<\/b>\u00a0(CPCCS); la no prescripci\u00f3n de los delitos sexuales contra los ni\u00f1os, ni\u00f1as y adolescentes; y, para que se proh\u00edba sin excepci\u00f3n la miner\u00eda met\u00e1lica en todas sus etapas, en \u00e1reas protegidas, zonas intangibles y centros urbanos.<\/p>\n<p>Las que se someter\u00e1n a consulta popular son: la derogatoria de la Ley de Plusval\u00eda y reducir el \u00e1rea de explotaci\u00f3n petrolera en el\u00a0<b>Yasun\u00ed<\/b>.<\/p>\n<p>El secretario de la Pol\u00edtica, Miguel Carvajal, se\u00f1al\u00f3 que la aspiraci\u00f3n del Gobierno es que el pueblo se pronuncie este mismo a\u00f1o. Tomando en consideraci\u00f3n los tiempos que se tienen que cumplir, si la\u00a0<b>Corte Constitucional<\/b>\u00a0se demora unos 28 d\u00edas en su pronunciamiento, y el Consejo Nacional Electoral (<b>CNE<\/b>) 60 d\u00edas, la consulta se podr\u00eda dar el 17 de diciembre\u009d. Moreno alarg\u00f3 el plazo a enero o febrero. (I)<\/p>\n<p>&nbsp;<\/p>\n<p>&nbsp;<\/p>\n<p><strong>Fuente: <\/strong><a href=\"http:\/\/www.expreso.ec\/actualidad\/corte-constitucional-consulta-popular-leninmoreno-EJ1748723\" target=\"_blank\" rel=\"noopener noreferrer\">http:\/\/www.expreso.ec\/<wbr \/>actualidad\/corte-<wbr \/>constitucional-consulta-<wbr \/>popular-leninmoreno-EJ1748723<\/a><\/p>\n","protected":false},"excerpt":{"rendered":"<p>&nbsp; La consulta popular propuesta por el Gobierno empieza a caminar. Ayer la Comisi\u00f3n de Admisi\u00f3n de la\u00a0Corte Constitucional\u00a0(CC) dio el primer paso. Las magistradas Wendy Molina, Ruth Seni y Tatiana Orde\u00f1ana, aceptaron a tr\u00e1mite las siete preguntas que propone la consulta presentadas por el presidente de la Rep\u00fablica,\u00a0Len\u00edn Moreno. Las magistradas observaron que los planteamientos re\u00fanan los requisitos para su presentaci\u00f3n y procedieron a admitirlas. La sesi\u00f3n del organismo dur\u00f3 varias horas. \u00bfQu\u00e9 sigue?\u00a0De conformidad con la Ley de Garant\u00edas Constitucionales, la propuesta del Ejecutivo pasar\u00e1 a la Sala de Sorteos. Ah\u00ed, se conocer\u00e1 cu\u00e1l de los nueve magistrados que conforman el Pleno estudiar\u00e1 si las preguntas son constitucionales o no. El o la jueza constitucional deber\u00e1 elaborar un informe en el que argumentadamente se\u00f1ale la procedibilidad o no de las interrogantes, esto es, s\u00ed son constitucionales o no. El documento pasar\u00e1 al Pleno para su aprobaci\u00f3n. El pasado lunes 2 de octubre el Gobierno, por mediaci\u00f3n de la secretaria jur\u00eddica, Johana Pes\u00e1ntez, acompa\u00f1ada de varios ministros entreg\u00f3 el pliego de preguntas. En el documento de la Presidencia de la Rep\u00fablica se detallan las interrogantes que deber\u00e1n ser analizadas por el pleno de la CC para el refer\u00e9ndum y la consulta popular en\u00a0Ecuador. Las preguntas que se someter\u00e1n a refer\u00e9ndum hacen referencia a la muerte pol\u00edtica de los corruptos; eliminaci\u00f3n de la reelecci\u00f3n indefinida; el cese de funciones de los miembros del\u00a0Consejo de Participaci\u00f3n Ciudadana y Control Social\u00a0(CPCCS); la no prescripci\u00f3n de los delitos sexuales contra los ni\u00f1os, ni\u00f1as y adolescentes; y, para que se proh\u00edba sin excepci\u00f3n la miner\u00eda met\u00e1lica en todas sus etapas, en \u00e1reas protegidas, zonas intangibles y centros urbanos. Las que se someter\u00e1n a consulta popular son: la derogatoria de la Ley de Plusval\u00eda y reducir el \u00e1rea de explotaci\u00f3n petrolera en el\u00a0Yasun\u00ed. El secretario de la Pol\u00edtica, Miguel Carvajal, se\u00f1al\u00f3 que la aspiraci\u00f3n del Gobierno es que el pueblo se pronuncie este mismo a\u00f1o. Tomando en consideraci\u00f3n los tiempos que se tienen que cumplir, si la\u00a0Corte Constitucional\u00a0se demora unos 28 d\u00edas en su pronunciamiento, y el Consejo Nacional Electoral (CNE) 60 d\u00edas, la consulta se podr\u00eda dar el 17 de diciembre\u009d. Moreno alarg\u00f3 el plazo a enero o febrero. (I) &nbsp; &nbsp; Fuente: http:\/\/www.expreso.ec\/actualidad\/corte-constitucional-consulta-popular-leninmoreno-EJ1748723<\/p>\n","protected":false},"author":1,"featured_media":245989,"comment_status":"open","ping_status":"open","sticky":false,"template":"","format":"standard","meta":[],"categories":[54,32,40],"tags":[],"_links":{"self":[{"href":"https:\/\/www.ecuadortimes.net\/es\/wp-json\/wp\/v2\/posts\/245988"}],"collection":[{"href":"https:\/\/www.ecuadortimes.net\/es\/wp-json\/wp\/v2\/posts"}],"about":[{"href":"https:\/\/www.ecuadortimes.net\/es\/wp-json\/wp\/v2\/types\/post"}],"author":[{"embeddable":true,"href":"https:\/\/www.ecuadortimes.net\/es\/wp-json\/wp\/v2\/users\/1"}],"replies":[{"embeddable":true,"href":"https:\/\/www.ecuadortimes.net\/es\/wp-json\/wp\/v2\/comments?post=245988"}],"version-history":[{"count":0,"href":"https:\/\/www.ecuadortimes.net\/es\/wp-json\/wp\/v2\/posts\/245988\/revisions"}],"wp:featuredmedia":[{"embeddable":true,"href":"https:\/\/www.ecuadortimes.net\/es\/wp-json\/wp\/v2\/media\/245989"}],"wp:attachment":[{"href":"https:\/\/www.ecuadortimes.net\/es\/wp-json\/wp\/v2\/media?parent=245988"}],"wp:term":[{"taxonomy":"category","embeddable":true,"href":"https:\/\/www.ecuadortimes.net\/es\/wp-json\/wp\/v2\/categories?post=245988"},{"taxonomy":"post_tag","embeddable":true,"href":"https:\/\/www.ecuadortimes.net\/es\/wp-json\/wp\/v2\/tags?post=245988"}],"curies":[{"name":"wp","href":"https:\/\/api.w.org\/{rel}","templated":true}]}}