{"id":245992,"date":"2017-10-06T00:00:00","date_gmt":"2017-10-06T00:00:00","guid":{"rendered":"https:\/\/www.ecuadortimes.net\/es\/gerente-de-mossack-fonseca-preso-en-colombia\/"},"modified":"2017-10-06T00:00:00","modified_gmt":"2017-10-06T00:00:00","slug":"gerente-de-mossack-fonseca-preso-en-colombia","status":"publish","type":"post","link":"https:\/\/www.ecuadortimes.net\/es\/gerente-de-mossack-fonseca-preso-en-colombia\/","title":{"rendered":"Gerente de Mossack Fonseca, preso en Colombia"},"content":{"rendered":"<p><img loading=\"lazy\" class=\"size-full wp-image-190366 aligncenter\" src=\"https:\/\/www.ecuadortimes.net\/es\/wp-content\/uploads\/2017\/10\/GERENTE_MOSSACK_FONSECA_PRESO_EN_COLOMBIA_ECUADORTIMES_ECUADORNEWS.jpeg\" alt=\"\" width=\"612\" height=\"340\" \/><\/p>\n<p>&nbsp;<\/p>\n<p><strong>Juan Esteban Arellano Rumazo, de 43 a\u00f1os, est\u00e1 detenido en Colombia<\/strong>, acusado de armar un entramado financiero y societario para vender facturas falsas a empresas colombianas a trav\u00e9s de firmas \u0098offshores\u0099. Arellano fue capturado el mi\u00e9rcoles, 4 de octubre, junto con Luz Mary Guerrero Hern\u00e1ndez, accionista y representante legal de Efecty; Jorge Humberto S\u00e1nchez Amado, revisor fiscal de la misma empresa, y Sara Guavita Moreno.<\/p>\n<p>La Fiscal\u00eda les abri\u00f3 un proceso penal dentro de la investigaci\u00f3n mundial relacionada con los \u0098<strong>Panama Papers<\/strong>\u0099, que difundi\u00f3 el <strong>Consorcio Internacional de Periodistas de Investigaci\u00f3n (ICIJ)<\/strong>. Arellano fue vinculado por ser el representante legal y gerente de la empresa paname\u00f1a <strong>Mossack Fonseca (MF)<\/strong> en Colombia, desde el 2009.<\/p>\n<p>Las sociedades extranjeras, seg\u00fan la Fiscal\u00eda colombiana, eran meras fachadas\u009d creadas por MF, que firm\u00f3 contratos por servicios ficticios\u009d que nunca prestaron con empresas colombianas, que s\u00ed pagaron las facturas falsas.<\/p>\n<p>Las firmas fachada que exped\u00edan las facturas se encontraban radicadas en Panam\u00e1, Costa Rica, Espa\u00f1a e Inglaterra. No obstante, el seguimiento a las transferencias de la Fiscal\u00eda evidenci\u00f3 que los giros correspondientes al pago de las facturas iban a una misma entidad financiera en las Bahamas.<\/p>\n<p>Mossack Fonseca cobraba un porcentaje de entre el 2,5 y 4 % del valor de las facturas y despu\u00e9s enviaba esos recursos a otros pa\u00edses seg\u00fan las instrucciones de sus clientes\u009d. Esto permit\u00eda ocultar el verdadero destino de los recursos e intenciones de los clientes de Mossack. Por lo menos, 14 sociedades colombianas acudieron a este m\u00e9todo para transferir de manera il\u00edcita recursos fuera de las empresas, falsificando as\u00ed su contabilidad con el conocimiento de representantes legales, contadores y revisores fiscales y con ello manipulaban sus declaraciones de la renta, las cuales no reflejaban la realidad financiera\u009d.<\/p>\n<p>Seg\u00fan la Fiscal\u00eda, la oficina en Colombia de MF realiz\u00f3 las operaciones fraudulentas entre el 2010 y el 2016. Precisamente desde el 2009, Arellano es la cabeza de esa\u00a0firma en Bogot\u00e1. Como gerente, Arellano recib\u00eda un salario mensual de USD 8 000, adem\u00e1s de una comisi\u00f3n del 12% anual, pagaderos trimestralmente, por clientes referidos a MF, seg\u00fan correos internos de la firma a los que este Diario tuvo acceso en la base de datos del ICIJ.<\/p>\n<p>En el 2012, Arellano lleg\u00f3 a un acuerdo con MF para crear Landon Foundation. Seg\u00fan ese compromiso, Arellano Rumazo, o sus herederos como beneficiarios sustitutos, tendr\u00edan derechos plenos de propiedad, representados por el 10% de las acciones que poseer\u00e1 de MF-Colombia, en los siguientes 10 a\u00f1os.<\/p>\n<p>En la pr\u00e1ctica, Arellano no solo era empleado de MF sino socio de su fundaci\u00f3n. Arellano, quien en Colombia responder\u00e1 por los delitos de falsedad ideol\u00f3gica en documento privado, enriquecimiento il\u00edcito de particulares, lavado de activos y concierto para delinquir, se presentaba como un consultor internacional para grupos y consorcios familiares en inversiones financieras e inmobiliarias.<\/p>\n<p>Desde febrero pasado aparec\u00eda como funcionario de Vestal Group Family Office, en donde ofrec\u00eda servicios para la compra de propiedades en Panam\u00e1 y Miami, as\u00ed como asesor\u00eda para la consolidaci\u00f3n de negocios en ambos pa\u00edses, m\u00e1s Ecuador y Per\u00fa. La relaci\u00f3n de Arellano, quien es administrador de empresas, con MF se remonta al 2007. En ese a\u00f1o el bufete paname\u00f1o inici\u00f3 sus operaciones en Quito con cuatro representantes, incluido Arellano. Constituyeron la empresa Representaciones Molpadar, cuyo nombre comercial fue Mossack Fonseca &amp; Co Quito.<\/p>\n<p>Entre junio del 2006 y el 24 de junio del 2007, Arellano fue presidente ejecutivo de Andinatel. Luego fue enjuiciado por la Fiscal\u00eda, que lo investig\u00f3 por un presunto peculado y enriquecimiento il\u00edcito. Estos procesos se iniciaron con un informe de la Contralor\u00eda sobre el patrimonio de Arellano. De sus declaraciones juramentadas se desprendi\u00f3, seg\u00fan el organismo de control, que su patrimonio al final de su gesti\u00f3n en Andinatel supuestamente se increment\u00f3 en USD 106 684, de forma injustificada.<\/p>\n<p>Este juicio penal termin\u00f3 en el 2014 con el archivo de la causa y la absoluci\u00f3n de Arellano en la Corte de Quito. Este Diario busc\u00f3 a sus abogados en Ecuador, pero no los ubic\u00f3 hasta el cierre de esta edici\u00f3n.<small> (I)<\/small><\/p>\n<p>&nbsp;<\/p>\n<p>&nbsp;<\/p>\n<p><strong>Fuente:<\/strong><a href=\"http:\/\/www.elcomercio.com\/actualidad\/gerente-mossackfonseca-preso-colombia-panamapapers.html\" target=\"_blank\" rel=\"noopener noreferrer\" data-saferedirecturl=\"https:\/\/www.google.com\/url?hl=es&amp;q=http:\/\/www.elcomercio.com\/actualidad\/gerente-mossackfonseca-preso-colombia-panamapapers.html&amp;source=gmail&amp;ust=1507382906420000&amp;usg=AFQjCNGLcslu5JX2C2-SmodeQ6FD_IXerQ\">http:\/\/www.elcomercio.com\/<wbr \/>actualidad\/gerente-<wbr \/>mossackfonseca-preso-colombia-<wbr \/>panamapapers.html<\/a><\/p>\n","protected":false},"excerpt":{"rendered":"<p>&nbsp; Juan Esteban Arellano Rumazo, de 43 a\u00f1os, est\u00e1 detenido en Colombia, acusado de armar un entramado financiero y societario para vender facturas falsas a empresas colombianas a trav\u00e9s de firmas \u0098offshores\u0099. Arellano fue capturado el mi\u00e9rcoles, 4 de octubre, junto con Luz Mary Guerrero Hern\u00e1ndez, accionista y representante legal de Efecty; Jorge Humberto S\u00e1nchez Amado, revisor fiscal de la misma empresa, y Sara Guavita Moreno. La Fiscal\u00eda les abri\u00f3 un proceso penal dentro de la investigaci\u00f3n mundial relacionada con los \u0098Panama Papers\u0099, que difundi\u00f3 el Consorcio Internacional de Periodistas de Investigaci\u00f3n (ICIJ). Arellano fue vinculado por ser el representante legal y gerente de la empresa paname\u00f1a Mossack Fonseca (MF) en Colombia, desde el 2009. Las sociedades extranjeras, seg\u00fan la Fiscal\u00eda colombiana, eran meras fachadas\u009d creadas por MF, que firm\u00f3 contratos por servicios ficticios\u009d que nunca prestaron con empresas colombianas, que s\u00ed pagaron las facturas falsas. Las firmas fachada que exped\u00edan las facturas se encontraban radicadas en Panam\u00e1, Costa Rica, Espa\u00f1a e Inglaterra. No obstante, el seguimiento a las transferencias de la Fiscal\u00eda evidenci\u00f3 que los giros correspondientes al pago de las facturas iban a una misma entidad financiera en las Bahamas. Mossack Fonseca cobraba un porcentaje de entre el 2,5 y 4 % del valor de las facturas y despu\u00e9s enviaba esos recursos a otros pa\u00edses seg\u00fan las instrucciones de sus clientes\u009d. Esto permit\u00eda ocultar el verdadero destino de los recursos e intenciones de los clientes de Mossack. Por lo menos, 14 sociedades colombianas acudieron a este m\u00e9todo para transferir de manera il\u00edcita recursos fuera de las empresas, falsificando as\u00ed su contabilidad con el conocimiento de representantes legales, contadores y revisores fiscales y con ello manipulaban sus declaraciones de la renta, las cuales no reflejaban la realidad financiera\u009d. Seg\u00fan la Fiscal\u00eda, la oficina en Colombia de MF realiz\u00f3 las operaciones fraudulentas entre el 2010 y el 2016. Precisamente desde el 2009, Arellano es la cabeza de esa\u00a0firma en Bogot\u00e1. Como gerente, Arellano recib\u00eda un salario mensual de USD 8 000, adem\u00e1s de una comisi\u00f3n del 12% anual, pagaderos trimestralmente, por clientes referidos a MF, seg\u00fan correos internos de la firma a los que este Diario tuvo acceso en la base de datos del ICIJ. En el 2012, Arellano lleg\u00f3 a un acuerdo con MF para crear Landon Foundation. Seg\u00fan ese compromiso, Arellano Rumazo, o sus herederos como beneficiarios sustitutos, tendr\u00edan derechos plenos de propiedad, representados por el 10% de las acciones que poseer\u00e1 de MF-Colombia, en los siguientes 10 a\u00f1os. En la pr\u00e1ctica, Arellano no solo era empleado de MF sino socio de su fundaci\u00f3n. Arellano, quien en Colombia responder\u00e1 por los delitos de falsedad ideol\u00f3gica en documento privado, enriquecimiento il\u00edcito de particulares, lavado de activos y concierto para delinquir, se presentaba como un consultor internacional para grupos y consorcios familiares en inversiones financieras e inmobiliarias. Desde febrero pasado aparec\u00eda como funcionario de Vestal Group Family Office, en donde ofrec\u00eda servicios para la compra de propiedades en Panam\u00e1 y Miami, as\u00ed como asesor\u00eda para la consolidaci\u00f3n de negocios en ambos pa\u00edses, m\u00e1s Ecuador y Per\u00fa. La relaci\u00f3n de Arellano, quien es administrador de empresas, con MF se remonta al 2007. En ese a\u00f1o el bufete paname\u00f1o inici\u00f3 sus operaciones en Quito con cuatro representantes, incluido Arellano. Constituyeron la empresa Representaciones Molpadar, cuyo nombre comercial fue Mossack Fonseca &amp; Co Quito. Entre junio del 2006 y el 24 de junio del 2007, Arellano fue presidente ejecutivo de Andinatel. Luego fue enjuiciado por la Fiscal\u00eda, que lo investig\u00f3 por un presunto peculado y enriquecimiento il\u00edcito. Estos procesos se iniciaron con un informe de la Contralor\u00eda sobre el patrimonio de Arellano. De sus declaraciones juramentadas se desprendi\u00f3, seg\u00fan el organismo de control, que su patrimonio al final de su gesti\u00f3n en Andinatel supuestamente se increment\u00f3 en USD 106 684, de forma injustificada. Este juicio penal termin\u00f3 en el 2014 con el archivo de la causa y la absoluci\u00f3n de Arellano en la Corte de Quito. Este Diario busc\u00f3 a sus abogados en Ecuador, pero no los ubic\u00f3 hasta el cierre de esta edici\u00f3n. (I) &nbsp; &nbsp; Fuente:http:\/\/www.elcomercio.com\/actualidad\/gerente-mossackfonseca-preso-colombia-panamapapers.html<\/p>\n","protected":false},"author":1,"featured_media":245993,"comment_status":"open","ping_status":"open","sticky":false,"template":"","format":"standard","meta":[],"categories":[54,32,51,46],"tags":[],"_links":{"self":[{"href":"https:\/\/www.ecuadortimes.net\/es\/wp-json\/wp\/v2\/posts\/245992"}],"collection":[{"href":"https:\/\/www.ecuadortimes.net\/es\/wp-json\/wp\/v2\/posts"}],"about":[{"href":"https:\/\/www.ecuadortimes.net\/es\/wp-json\/wp\/v2\/types\/post"}],"author":[{"embeddable":true,"href":"https:\/\/www.ecuadortimes.net\/es\/wp-json\/wp\/v2\/users\/1"}],"replies":[{"embeddable":true,"href":"https:\/\/www.ecuadortimes.net\/es\/wp-json\/wp\/v2\/comments?post=245992"}],"version-history":[{"count":0,"href":"https:\/\/www.ecuadortimes.net\/es\/wp-json\/wp\/v2\/posts\/245992\/revisions"}],"wp:featuredmedia":[{"embeddable":true,"href":"https:\/\/www.ecuadortimes.net\/es\/wp-json\/wp\/v2\/media\/245993"}],"wp:attachment":[{"href":"https:\/\/www.ecuadortimes.net\/es\/wp-json\/wp\/v2\/media?parent=245992"}],"wp:term":[{"taxonomy":"category","embeddable":true,"href":"https:\/\/www.ecuadortimes.net\/es\/wp-json\/wp\/v2\/categories?post=245992"},{"taxonomy":"post_tag","embeddable":true,"href":"https:\/\/www.ecuadortimes.net\/es\/wp-json\/wp\/v2\/tags?post=245992"}],"curies":[{"name":"wp","href":"https:\/\/api.w.org\/{rel}","templated":true}]}}