{"id":246000,"date":"2017-10-06T00:00:00","date_gmt":"2017-10-06T00:00:00","guid":{"rendered":"https:\/\/www.ecuadortimes.net\/es\/el-50-de-la-poblacion-esta-relacionada-con-la-economia-informal\/"},"modified":"2017-10-06T00:00:00","modified_gmt":"2017-10-06T00:00:00","slug":"el-50-de-la-poblacion-esta-relacionada-con-la-economia-informal","status":"publish","type":"post","link":"https:\/\/www.ecuadortimes.net\/es\/el-50-de-la-poblacion-esta-relacionada-con-la-economia-informal\/","title":{"rendered":"&#8220;El 50% de la poblaci\u00f3n est\u00e1 relacionada con la econom\u00eda informal&#8221;"},"content":{"rendered":"<p><img loading=\"lazy\" class=\"size-full wp-image-190361 aligncenter\" src=\"https:\/\/www.ecuadortimes.net\/es\/wp-content\/uploads\/2017\/10\/50_POBLACION_ECONOMIA_INFORMAL_ECUADORTIMES_ECUADORNEWS.jpg\" alt=\"\" width=\"1170\" height=\"552\" \/><\/p>\n<p>&nbsp;<\/p>\n<p>Ecuador es uno de los pa\u00edses con mayor carga regulatoria en la regi\u00f3n y una de las consecuencias es el aumento de los negocios informales. As\u00ed lo afirm\u00f3 <strong>Aldo Salinas<\/strong>, ecuatoriano con un PhD en Administraci\u00f3n por la Universidad de Padua en Italia. El experto particip\u00f3 en las <strong>VI Jornadas de Supervisi\u00f3n de Econom\u00eda Popular y Solidaria<\/strong> en las que analiz\u00f3 los efectos del marco regulatorio y legal sobre la actividad empresarial informal.<\/p>\n<p>&nbsp;<\/p>\n<p><strong>\u00bfCu\u00e1les son las implicaciones del comercio informal en la econom\u00eda del pa\u00eds?<\/strong><\/p>\n<p>El emprendimiento informal est\u00e1 atado a que ciertas empresas no cumplan con normativas laborales, tributarias, ambientales o municipales, como el uso del suelo, por ejemplo. Son actividades que de cierta forma caen en la ilegalidad, pero son legitimadas por la poblaci\u00f3n. Por ejemplo, si bien la venta ambulante es prohibida, la poblaci\u00f3n considera que\u00a0 estas personas tienen todo el derecho a ejercer estas actividades.<\/p>\n<p>&nbsp;<\/p>\n<p><strong>Adem\u00e1s son actividades que no generan tributos&#8230;<\/strong><\/p>\n<p>El emprendimiento informal es muy heterog\u00e9neo. Dentro de estos emprendimientos seguramente hay ciertos negocios en condiciones de tributar, de cumplir con normativas laborales y no lo hacen por obtener una mayor rentabilidad. En este caso, lo que se necesita es fortalecer la capacidad de regulaci\u00f3n del Gobierno. Que el Servicio de Rentas Internas y el Ministerio de Trabajo controlen mejor este tipo de actividades. Hay otras actividades, mayoritarias, en las que si estos informales cumplen con los requerimientos tributarios, laborales, no podr\u00edan sobrevivir porque su rentabilidad es muy baja. El dise\u00f1o de la pol\u00edtica p\u00fablica debe tomar en cuenta esta heterogeneidad.<\/p>\n<p>&nbsp;<\/p>\n<p><strong>\u00bfC\u00f3mo inciden este tipo de actividades en el desarrollo?<\/strong><\/p>\n<p>Normalmente quienes est\u00e1n dentro del emprendimiento informal son negocios muy peque\u00f1os que utilizan poco capital\u00a0 y pagan bajos salarios, por lo que no cumplen normativas laborales. Esto tiene consecuencias sobre el tema de pobreza y la desigualdad, pues se estima que cerca del 50% de la poblaci\u00f3n econ\u00f3micamente activa est\u00e1 relacionada con el sector informal, ya sea como asalariados o como emprendedores informales. Sus microempresas, por lo general, son peque\u00f1as y con productividad muy baja. La evidencia muestra que conforme las empresas crecen, su productividad es m\u00e1s alta y pueden pagar m\u00e1s salarios.<\/p>\n<p>&nbsp;<\/p>\n<p><strong>\u00bfEs alto el porcentaje de la poblaci\u00f3n trabajando en la informalidad?<\/strong><\/p>\n<p>Se estima que cerca del 30% de la poblaci\u00f3n econ\u00f3micamente activa es de emprendedores informales. A esto hay que sumarle el 20% de asalariados que trabajan en empresas informales. Entonces estamos hablando de cerca del 50% de esta poblaci\u00f3n econ\u00f3micamente activa que est\u00e1 relacionada con la econom\u00eda informal. Esta es una cifra gigante.<\/p>\n<p>&nbsp;<\/p>\n<p><strong>\u00bfCu\u00e1les son los factores que permiten que se desarrolle este tipo de actividades?<\/strong><\/p>\n<p>Lamentablemente, Ecuador es uno de los pa\u00edses con mayor carga regulatoria en la regi\u00f3n. A los emprendedores les toma muchos d\u00edas abrir un negocio. Tienen muchos tr\u00e1mites que cumplir, les toma muchas horas pagar impuestos, hay una excesiva burocracia. Ecuador es el cuarto o quinto pa\u00eds de Latinoam\u00e9rica con mayor carga regulatoria. El gobierno debe relajar este tipo de restricciones que est\u00e1n imponiendo barreras a la entrada de los informales a la formalidad. Adem\u00e1s, hay potenciales emprendedores con buenas ideas que, por excesivas regulaciones, deciden no llevar a cabo negocios que pueden ser muy buenos.<\/p>\n<p>&nbsp;<\/p>\n<p><strong>\u00bfQu\u00e9 sectores de la poblaci\u00f3n trabajan en la informalidad com\u00fanmente?<\/strong><\/p>\n<p>La mayor parte de los trabajadores asalariados en empresas informales son j\u00f3venes, porque normalmente este sector no tiene experiencia y son los candidatos menos ideales para ser contratados en el sector formal. Otro grupo son las mujeres. Esto crea brechas de g\u00e9nero salariales muy importantes con respecto a los hombres.<\/p>\n<p>&nbsp;<\/p>\n<p><strong>\u00bfQu\u00e9 mecanismos deber\u00eda implementar el Gobierno para alentar la formalidad?<\/strong><\/p>\n<p>La burocracia genera la mayor parte de los reglamentos. Debe haber un flujo de informaci\u00f3n que\u00a0 permita saber al sector p\u00fablico (o a las autoridades) en d\u00f3nde est\u00e1n los cuellos de botella dentro de las regulaciones. (I)<\/p>\n<p>&nbsp;<\/p>\n<p>&nbsp;<\/p>\n<p><strong>Fuente: <\/strong><a href=\"http:\/\/www.eltelegrafo.com.ec\/noticias\/economia\/8\/el-50-de-la-poblacion-esta-relacionada-con-la-economia-informal\" target=\"_blank\" rel=\"noopener noreferrer\" data-saferedirecturl=\"https:\/\/www.google.com\/url?hl=es&amp;q=http:\/\/www.elcomercio.com\/actualidad\/saibank-niega-operaciones-ilicitas-odebrecht.html&amp;source=gmail&amp;ust=1507382906420000&amp;usg=AFQjCNFK82H1BvzrVDbURydP-kVS-2q36Q\">http:\/\/www.eltelegrafo.com.ec\/<wbr \/>noticias\/economia\/8\/el-50-de-<wbr \/>la-poblacion-esta-relacionada-<wbr \/>con-la-economia-informal<\/a><\/p>\n","protected":false},"excerpt":{"rendered":"<p>&nbsp; Ecuador es uno de los pa\u00edses con mayor carga regulatoria en la regi\u00f3n y una de las consecuencias es el aumento de los negocios informales. As\u00ed lo afirm\u00f3 Aldo Salinas, ecuatoriano con un PhD en Administraci\u00f3n por la Universidad de Padua en Italia. El experto particip\u00f3 en las VI Jornadas de Supervisi\u00f3n de Econom\u00eda Popular y Solidaria en las que analiz\u00f3 los efectos del marco regulatorio y legal sobre la actividad empresarial informal. &nbsp; \u00bfCu\u00e1les son las implicaciones del comercio informal en la econom\u00eda del pa\u00eds? El emprendimiento informal est\u00e1 atado a que ciertas empresas no cumplan con normativas laborales, tributarias, ambientales o municipales, como el uso del suelo, por ejemplo. Son actividades que de cierta forma caen en la ilegalidad, pero son legitimadas por la poblaci\u00f3n. Por ejemplo, si bien la venta ambulante es prohibida, la poblaci\u00f3n considera que\u00a0 estas personas tienen todo el derecho a ejercer estas actividades. &nbsp; Adem\u00e1s son actividades que no generan tributos&#8230; El emprendimiento informal es muy heterog\u00e9neo. Dentro de estos emprendimientos seguramente hay ciertos negocios en condiciones de tributar, de cumplir con normativas laborales y no lo hacen por obtener una mayor rentabilidad. En este caso, lo que se necesita es fortalecer la capacidad de regulaci\u00f3n del Gobierno. Que el Servicio de Rentas Internas y el Ministerio de Trabajo controlen mejor este tipo de actividades. Hay otras actividades, mayoritarias, en las que si estos informales cumplen con los requerimientos tributarios, laborales, no podr\u00edan sobrevivir porque su rentabilidad es muy baja. El dise\u00f1o de la pol\u00edtica p\u00fablica debe tomar en cuenta esta heterogeneidad. &nbsp; \u00bfC\u00f3mo inciden este tipo de actividades en el desarrollo? Normalmente quienes est\u00e1n dentro del emprendimiento informal son negocios muy peque\u00f1os que utilizan poco capital\u00a0 y pagan bajos salarios, por lo que no cumplen normativas laborales. Esto tiene consecuencias sobre el tema de pobreza y la desigualdad, pues se estima que cerca del 50% de la poblaci\u00f3n econ\u00f3micamente activa est\u00e1 relacionada con el sector informal, ya sea como asalariados o como emprendedores informales. Sus microempresas, por lo general, son peque\u00f1as y con productividad muy baja. La evidencia muestra que conforme las empresas crecen, su productividad es m\u00e1s alta y pueden pagar m\u00e1s salarios. &nbsp; \u00bfEs alto el porcentaje de la poblaci\u00f3n trabajando en la informalidad? Se estima que cerca del 30% de la poblaci\u00f3n econ\u00f3micamente activa es de emprendedores informales. A esto hay que sumarle el 20% de asalariados que trabajan en empresas informales. Entonces estamos hablando de cerca del 50% de esta poblaci\u00f3n econ\u00f3micamente activa que est\u00e1 relacionada con la econom\u00eda informal. Esta es una cifra gigante. &nbsp; \u00bfCu\u00e1les son los factores que permiten que se desarrolle este tipo de actividades? Lamentablemente, Ecuador es uno de los pa\u00edses con mayor carga regulatoria en la regi\u00f3n. A los emprendedores les toma muchos d\u00edas abrir un negocio. Tienen muchos tr\u00e1mites que cumplir, les toma muchas horas pagar impuestos, hay una excesiva burocracia. Ecuador es el cuarto o quinto pa\u00eds de Latinoam\u00e9rica con mayor carga regulatoria. El gobierno debe relajar este tipo de restricciones que est\u00e1n imponiendo barreras a la entrada de los informales a la formalidad. Adem\u00e1s, hay potenciales emprendedores con buenas ideas que, por excesivas regulaciones, deciden no llevar a cabo negocios que pueden ser muy buenos. &nbsp; \u00bfQu\u00e9 sectores de la poblaci\u00f3n trabajan en la informalidad com\u00fanmente? La mayor parte de los trabajadores asalariados en empresas informales son j\u00f3venes, porque normalmente este sector no tiene experiencia y son los candidatos menos ideales para ser contratados en el sector formal. Otro grupo son las mujeres. Esto crea brechas de g\u00e9nero salariales muy importantes con respecto a los hombres. &nbsp; \u00bfQu\u00e9 mecanismos deber\u00eda implementar el Gobierno para alentar la formalidad? La burocracia genera la mayor parte de los reglamentos. Debe haber un flujo de informaci\u00f3n que\u00a0 permita saber al sector p\u00fablico (o a las autoridades) en d\u00f3nde est\u00e1n los cuellos de botella dentro de las regulaciones. (I) &nbsp; &nbsp; Fuente: http:\/\/www.eltelegrafo.com.ec\/noticias\/economia\/8\/el-50-de-la-poblacion-esta-relacionada-con-la-economia-informal<\/p>\n","protected":false},"author":1,"featured_media":246001,"comment_status":"open","ping_status":"open","sticky":false,"template":"","format":"standard","meta":[],"categories":[54,32,43,35],"tags":[],"_links":{"self":[{"href":"https:\/\/www.ecuadortimes.net\/es\/wp-json\/wp\/v2\/posts\/246000"}],"collection":[{"href":"https:\/\/www.ecuadortimes.net\/es\/wp-json\/wp\/v2\/posts"}],"about":[{"href":"https:\/\/www.ecuadortimes.net\/es\/wp-json\/wp\/v2\/types\/post"}],"author":[{"embeddable":true,"href":"https:\/\/www.ecuadortimes.net\/es\/wp-json\/wp\/v2\/users\/1"}],"replies":[{"embeddable":true,"href":"https:\/\/www.ecuadortimes.net\/es\/wp-json\/wp\/v2\/comments?post=246000"}],"version-history":[{"count":0,"href":"https:\/\/www.ecuadortimes.net\/es\/wp-json\/wp\/v2\/posts\/246000\/revisions"}],"wp:featuredmedia":[{"embeddable":true,"href":"https:\/\/www.ecuadortimes.net\/es\/wp-json\/wp\/v2\/media\/246001"}],"wp:attachment":[{"href":"https:\/\/www.ecuadortimes.net\/es\/wp-json\/wp\/v2\/media?parent=246000"}],"wp:term":[{"taxonomy":"category","embeddable":true,"href":"https:\/\/www.ecuadortimes.net\/es\/wp-json\/wp\/v2\/categories?post=246000"},{"taxonomy":"post_tag","embeddable":true,"href":"https:\/\/www.ecuadortimes.net\/es\/wp-json\/wp\/v2\/tags?post=246000"}],"curies":[{"name":"wp","href":"https:\/\/api.w.org\/{rel}","templated":true}]}}