{"id":246002,"date":"2017-10-06T00:00:00","date_gmt":"2017-10-06T00:00:00","guid":{"rendered":"https:\/\/www.ecuadortimes.net\/es\/inflacion-anual-del-ecuador-cayo-bajo-cero\/"},"modified":"2017-10-06T00:00:00","modified_gmt":"2017-10-06T00:00:00","slug":"inflacion-anual-del-ecuador-cayo-bajo-cero","status":"publish","type":"post","link":"https:\/\/www.ecuadortimes.net\/es\/inflacion-anual-del-ecuador-cayo-bajo-cero\/","title":{"rendered":"Inflaci\u00f3n anual del Ecuador cay\u00f3 bajo cero"},"content":{"rendered":"<p><img loading=\"lazy\" class=\"size-full wp-image-190367 aligncenter\" src=\"https:\/\/www.ecuadortimes.net\/es\/wp-content\/uploads\/2017\/10\/INFLACION_ANUAL_ECUADOR_CAYO_BAJO_CERO_ECUADORTIMES_ECUADORNEWS.jpeg\" alt=\"\" width=\"612\" height=\"340\" \/><\/p>\n<p>&nbsp;<\/p>\n<p><strong>La inflaci\u00f3n anual en Ecuador fue -0,03% en septiembre pasado<\/strong>. Es la primera ocasi\u00f3n desde 1970, que ese indicador, que mide el <strong>Instituto Nacional de Estad\u00edstica y Censos (INEC)<\/strong>, es negativo. Las categor\u00edas como alimentos y bebidas no alcoh\u00f3licas, prendas de vestir, muebles y art\u00edculos del hogar, comunicaciones y bebidas alcoh\u00f3licas incidieron en el resultado de este \u00edndice, que refleja el comportamiento de los precios entre septiembre del 2016 y el mes pasado.<\/p>\n<p>En tanto, la inflaci\u00f3n mensual en septiembre fue -0,15%, la m\u00e1s baja desde 1979 si se compara con iguales meses, seg\u00fan el reporte del INEC. Para <strong>el analista Alberto Acosta Burneo<\/strong>, la econom\u00eda nacional atraviesa por un per\u00edodo de ajuste de precios, tras una \u00e9poca de bonanza (petr\u00f3leo) y endeudamiento, en la que subieron la inversi\u00f3n y el consumo. <em><strong>Por esa demanda creciente, los precios crecieron m\u00e1s que en Estados Unidos y otros pa\u00edses. Nos volvimos un pa\u00eds muy caro<\/strong><\/em>\u009d.<\/p>\n<p>Desde que cay\u00f3 el precio del crudo, la cantidad de dinero se redujo, al igual que la demanda, por lo que los precios que estaban demasiados elevados, empezaron a caer\u009d. La previsi\u00f3n es que esta reducci\u00f3n contin\u00fae, lo que favorece a consumidores y, en el futuro, a empresarios, que recuperar\u00e1n competitividad frente a otros pa\u00edses.<\/p>\n<p>El d\u00f3lar viene fortaleci\u00e9ndose desde mediados del 2015, lo cual hab\u00eda puesto en desventaja al pa\u00eds. Pero el exdirector del INEC, Byron Villac\u00eds, consider\u00f3 que esta tendencia puede ser peligrosa porque resta incentivos a los empresarios para seguir produciendo. Ese es el caso del sector textil. Seguimos con un mercado deprimido y consumo restringido para los textiles y prendas importadas como para las locales\u009d, dijo Javier D\u00edaz, presidente de la Asociaci\u00f3n de Industrias Textiles del Ecuador.<\/p>\n<p>Seg\u00fan \u00e9l, hay empresas de ropa y telas que asumieron los costos de producci\u00f3n como energ\u00eda el\u00e9ctrica y combustibles para mantenerse en el mercado y no perder clientes. Como no hay c\u00f3mo ajustar los precios hacia arriba, la empresa debe sacrificar m\u00e1rgenes y dejar de ser rentable\u009d. Carlos Paredes es due\u00f1o de un micromercado en el norte de Quito. Seg\u00fan \u00e9l, durante este a\u00f1o los precios de los alimentos industrializados cayeron o se mantuvieron. No les conviene subir, m\u00e1s bien hacen promociones\u009d.<\/p>\n<p>Puso como ejemplo a las gaseosas y el agua, cuyos precios se redujeron o se aument\u00f3 la cantidad del producto por el mismo valor. El litro de agua de algunas marcas baj\u00f3 de USD 0,60 a 0,50. En el caso de los snack se han mantenido. Una papa peque\u00f1a cuesta desde el a\u00f1o pasado USD 0,40, pero aumentaron la cantidad\u009d.<\/p>\n<p>En el caso de los productos agr\u00edcolas, los costos var\u00edan seg\u00fan la estacionalidad, dijo Paredes. Villac\u00eds sostiene que la reducci\u00f3n del IVA del 14 al 12% y la eliminaci\u00f3n de las salvaguardias tambi\u00e9n incidieron en la reducci\u00f3n de los costos. Eso ocurri\u00f3 con licores y motocicletas, por ejemplo. En el primer caso, los precios mermaron m\u00e1s del 50% en el \u00faltimo a\u00f1o, seg\u00fan Felipe Cordovez, presidente de la Asociaci\u00f3n de Importadores de Licores del Ecuador.<\/p>\n<p>\u00c3\u0089l agreg\u00f3 que sin sobretasas y con el levantamiento de aranceles, tras la vigencia del acuerdo con la Uni\u00f3n Europea, la ca\u00edda fue dr\u00e1stica. Las ventas del 2017 crecieron 100% con relaci\u00f3n al 2016, por lo que la situaci\u00f3n es positiva\u009d. Para Oswaldo Land\u00e1zuri, presidente de la Asociaci\u00f3n de Empresas Ensambladoras de Motocicletas y Afines del Ecuador, al bajar el valor que se cobraba por el impuesto y algunos costos de producci\u00f3n, los precios cayeron y la demanda subi\u00f3 un 50%. Hay personas que compran ahora porque no pudieron hacerlo en a\u00f1os anteriores\u009d.<\/p>\n<p>En el caso de los automotores, David Molina, director de la C\u00e1mara de la Industria Automotriz, se\u00f1al\u00f3 que, debido a la contracci\u00f3n de la demanda, las concesionarias impulsaron una competencia de precios para ser m\u00e1s atractivos.<small> (I)<\/small><\/p>\n<p>&nbsp;<\/p>\n<p>&nbsp;<\/p>\n<p><strong>Fuente: <\/strong><a href=\"http:\/\/www.elcomercio.com\/actualidad\/inflacion-ecuador-inec-precios-alimentos.html\" target=\"_blank\" rel=\"noopener noreferrer\" data-saferedirecturl=\"https:\/\/www.google.com\/url?hl=es&amp;q=http:\/\/www.elcomercio.com\/actualidad\/inflacion-ecuador-inec-precios-alimentos.html&amp;source=gmail&amp;ust=1507382906420000&amp;usg=AFQjCNHq4eBHBI6Wcd4XvcsABLu0ddV2Uw\">http:\/\/www.elcomercio.com\/<wbr \/>actualidad\/inflacion-ecuador-<wbr \/>inec-precios-alimentos.html<\/a><\/p>\n","protected":false},"excerpt":{"rendered":"<p>&nbsp; La inflaci\u00f3n anual en Ecuador fue -0,03% en septiembre pasado. Es la primera ocasi\u00f3n desde 1970, que ese indicador, que mide el Instituto Nacional de Estad\u00edstica y Censos (INEC), es negativo. Las categor\u00edas como alimentos y bebidas no alcoh\u00f3licas, prendas de vestir, muebles y art\u00edculos del hogar, comunicaciones y bebidas alcoh\u00f3licas incidieron en el resultado de este \u00edndice, que refleja el comportamiento de los precios entre septiembre del 2016 y el mes pasado. En tanto, la inflaci\u00f3n mensual en septiembre fue -0,15%, la m\u00e1s baja desde 1979 si se compara con iguales meses, seg\u00fan el reporte del INEC. Para el analista Alberto Acosta Burneo, la econom\u00eda nacional atraviesa por un per\u00edodo de ajuste de precios, tras una \u00e9poca de bonanza (petr\u00f3leo) y endeudamiento, en la que subieron la inversi\u00f3n y el consumo. Por esa demanda creciente, los precios crecieron m\u00e1s que en Estados Unidos y otros pa\u00edses. Nos volvimos un pa\u00eds muy caro\u009d. Desde que cay\u00f3 el precio del crudo, la cantidad de dinero se redujo, al igual que la demanda, por lo que los precios que estaban demasiados elevados, empezaron a caer\u009d. La previsi\u00f3n es que esta reducci\u00f3n contin\u00fae, lo que favorece a consumidores y, en el futuro, a empresarios, que recuperar\u00e1n competitividad frente a otros pa\u00edses. El d\u00f3lar viene fortaleci\u00e9ndose desde mediados del 2015, lo cual hab\u00eda puesto en desventaja al pa\u00eds. Pero el exdirector del INEC, Byron Villac\u00eds, consider\u00f3 que esta tendencia puede ser peligrosa porque resta incentivos a los empresarios para seguir produciendo. Ese es el caso del sector textil. Seguimos con un mercado deprimido y consumo restringido para los textiles y prendas importadas como para las locales\u009d, dijo Javier D\u00edaz, presidente de la Asociaci\u00f3n de Industrias Textiles del Ecuador. Seg\u00fan \u00e9l, hay empresas de ropa y telas que asumieron los costos de producci\u00f3n como energ\u00eda el\u00e9ctrica y combustibles para mantenerse en el mercado y no perder clientes. Como no hay c\u00f3mo ajustar los precios hacia arriba, la empresa debe sacrificar m\u00e1rgenes y dejar de ser rentable\u009d. Carlos Paredes es due\u00f1o de un micromercado en el norte de Quito. Seg\u00fan \u00e9l, durante este a\u00f1o los precios de los alimentos industrializados cayeron o se mantuvieron. No les conviene subir, m\u00e1s bien hacen promociones\u009d. Puso como ejemplo a las gaseosas y el agua, cuyos precios se redujeron o se aument\u00f3 la cantidad del producto por el mismo valor. El litro de agua de algunas marcas baj\u00f3 de USD 0,60 a 0,50. En el caso de los snack se han mantenido. Una papa peque\u00f1a cuesta desde el a\u00f1o pasado USD 0,40, pero aumentaron la cantidad\u009d. En el caso de los productos agr\u00edcolas, los costos var\u00edan seg\u00fan la estacionalidad, dijo Paredes. Villac\u00eds sostiene que la reducci\u00f3n del IVA del 14 al 12% y la eliminaci\u00f3n de las salvaguardias tambi\u00e9n incidieron en la reducci\u00f3n de los costos. Eso ocurri\u00f3 con licores y motocicletas, por ejemplo. En el primer caso, los precios mermaron m\u00e1s del 50% en el \u00faltimo a\u00f1o, seg\u00fan Felipe Cordovez, presidente de la Asociaci\u00f3n de Importadores de Licores del Ecuador. \u00c3\u0089l agreg\u00f3 que sin sobretasas y con el levantamiento de aranceles, tras la vigencia del acuerdo con la Uni\u00f3n Europea, la ca\u00edda fue dr\u00e1stica. Las ventas del 2017 crecieron 100% con relaci\u00f3n al 2016, por lo que la situaci\u00f3n es positiva\u009d. Para Oswaldo Land\u00e1zuri, presidente de la Asociaci\u00f3n de Empresas Ensambladoras de Motocicletas y Afines del Ecuador, al bajar el valor que se cobraba por el impuesto y algunos costos de producci\u00f3n, los precios cayeron y la demanda subi\u00f3 un 50%. Hay personas que compran ahora porque no pudieron hacerlo en a\u00f1os anteriores\u009d. En el caso de los automotores, David Molina, director de la C\u00e1mara de la Industria Automotriz, se\u00f1al\u00f3 que, debido a la contracci\u00f3n de la demanda, las concesionarias impulsaron una competencia de precios para ser m\u00e1s atractivos. (I) &nbsp; &nbsp; Fuente: http:\/\/www.elcomercio.com\/actualidad\/inflacion-ecuador-inec-precios-alimentos.html<\/p>\n","protected":false},"author":1,"featured_media":246003,"comment_status":"open","ping_status":"open","sticky":false,"template":"","format":"standard","meta":[],"categories":[54,32,43,35],"tags":[],"_links":{"self":[{"href":"https:\/\/www.ecuadortimes.net\/es\/wp-json\/wp\/v2\/posts\/246002"}],"collection":[{"href":"https:\/\/www.ecuadortimes.net\/es\/wp-json\/wp\/v2\/posts"}],"about":[{"href":"https:\/\/www.ecuadortimes.net\/es\/wp-json\/wp\/v2\/types\/post"}],"author":[{"embeddable":true,"href":"https:\/\/www.ecuadortimes.net\/es\/wp-json\/wp\/v2\/users\/1"}],"replies":[{"embeddable":true,"href":"https:\/\/www.ecuadortimes.net\/es\/wp-json\/wp\/v2\/comments?post=246002"}],"version-history":[{"count":0,"href":"https:\/\/www.ecuadortimes.net\/es\/wp-json\/wp\/v2\/posts\/246002\/revisions"}],"wp:featuredmedia":[{"embeddable":true,"href":"https:\/\/www.ecuadortimes.net\/es\/wp-json\/wp\/v2\/media\/246003"}],"wp:attachment":[{"href":"https:\/\/www.ecuadortimes.net\/es\/wp-json\/wp\/v2\/media?parent=246002"}],"wp:term":[{"taxonomy":"category","embeddable":true,"href":"https:\/\/www.ecuadortimes.net\/es\/wp-json\/wp\/v2\/categories?post=246002"},{"taxonomy":"post_tag","embeddable":true,"href":"https:\/\/www.ecuadortimes.net\/es\/wp-json\/wp\/v2\/tags?post=246002"}],"curies":[{"name":"wp","href":"https:\/\/api.w.org\/{rel}","templated":true}]}}