{"id":246006,"date":"2017-10-06T00:00:00","date_gmt":"2017-10-06T00:00:00","guid":{"rendered":"https:\/\/www.ecuadortimes.net\/es\/la-pesca-de-atun-en-ecuador-crecio-el-183-en-ocho-meses\/"},"modified":"2017-10-06T00:00:00","modified_gmt":"2017-10-06T00:00:00","slug":"la-pesca-de-atun-en-ecuador-crecio-el-183-en-ocho-meses","status":"publish","type":"post","link":"https:\/\/www.ecuadortimes.net\/es\/la-pesca-de-atun-en-ecuador-crecio-el-183-en-ocho-meses\/","title":{"rendered":"La pesca de at\u00fan en Ecuador creci\u00f3 el 18,3% en ocho meses"},"content":{"rendered":"<p><img loading=\"lazy\" class=\"size-full wp-image-190371 aligncenter\" src=\"https:\/\/www.ecuadortimes.net\/es\/wp-content\/uploads\/2017\/10\/PESCA_ATUN_CRECIO_183_ECUADORTIMES_ECUADORNEWS.jpg\" alt=\"\" width=\"1170\" height=\"552\" \/><\/p>\n<p>&nbsp;<\/p>\n<p>Las capturas de at\u00fan de Ecuador en el <strong>Oc\u00e9ano Pac\u00edfico Oriental (OPO)<\/strong> llegaron a 223.081 toneladas m\u00e9tricas &#8482; entre enero y agosto de este a\u00f1o, lo que representa el <strong>18,3% de crecimiento con respecto a las 188.441 t obtenidas en el similar per\u00edodo de 2016.<\/strong><\/p>\n<p>Estas cifras las proporcion\u00f3 <strong>la Comisi\u00f3n Interamericana del At\u00fan Tropical (CIAT)<\/strong>, que en su \u00faltimo reporte indica que la pesca regional del recurso, que abarca los pa\u00edses de Ecuador, M\u00e9xico, Estados Unidos, Nicaragua, Panam\u00e1, Per\u00fa y otros, lleg\u00f3 a 464.809 toneladas en los primeros ocho meses del a\u00f1o.<\/p>\n<p>En el informe, la CIAT menciona que la especie barrilete represent\u00f3 la mayor pesca de at\u00fan por parte de Ecuador en aguas del OPO, con 152.526 toneladas, seguida del aleta amarilla con 40.466 t y del patudo con 28.612 t.<\/p>\n<p>Guillermo Mor\u00e1n, gerente del proyecto Tunacons, integrado por <strong>las empresas atuneras Nirsa, Jadr\u00e1n, EuroFish, Servigrup y TriMarine<\/strong>, manifest\u00f3 que el sector prev\u00e9 cerrar el a\u00f1o con una mejor cifra de capturas y exportaciones de at\u00fan con relaci\u00f3n a 2016. En los dos \u00faltimos meses bajaron las capturas de at\u00fan, no as\u00ed los primeros cuatro que fueron espectaculares, de hecho pescamos m\u00e1s que el a\u00f1o pasado, (pero) ahora han vuelto a mejorar los niveles de pesca\u009d, se\u00f1al\u00f3 Mor\u00e1n. Aquello comparte la C\u00e1mara Nacional de Pesquer\u00eda.<\/p>\n<p>La entidad afirm\u00f3 que en lo que va de 2017 se observa que las capturas del recurso han estado por encima de 2016 en todas las especies, a excepci\u00f3n de marzo y abril, para el caso del at\u00fan aleta amarilla. En el barrilete las mejores capturas se registraron en marzo, abril y junio. Las capturas del patudo registran un significativo incremento respecto al a\u00f1o anterior, sobre todo en julio, manteniendo su r\u00e9cord de altas capturas en lo que va de 2017\u009d, indica la agremiaci\u00f3n en su p\u00e1gina web.<\/p>\n<p>En Tunacons, un grupo de conservaci\u00f3n del at\u00fan, existen 40 embarcaciones, que representan aproximadamente el 40% de la flota ecuatoriana, y registran al a\u00f1o capturas del recurso por alrededor de 100.000 t. Seg\u00fan Mor\u00e1n, hoy en d\u00eda la tonelada del at\u00fan est\u00e1 entre los $ 2.200 y $ 2.300, precios superiores a los registrados en 2015, cuando cay\u00f3 a los $ 800.<\/p>\n<p>Son muy buenos precios y tambi\u00e9n con la abundancia de at\u00fan que hubo en los primeros meses del a\u00f1o ha ayudado al sector que realice la mejor exportaci\u00f3n, sobre todo al mercado europeo\u009d. Mart\u00edn Hall, encargado de los <strong>Programas de Capturas Incidentales del CIAT<\/strong>, se\u00f1al\u00f3 que es importante para los pa\u00edses atuneros buscar un equilibrio sostenible entre conservar el ecosistema, las especies marinas, la econom\u00eda y la parte social, a fin de fortalecer el sector. El asunto es buscar un nivel de sostenibilidad que permite la subsistencia de la econom\u00eda local, as\u00ed como una producci\u00f3n a nivel global importante\u009d, indic\u00f3 Hall.<\/p>\n<p>&nbsp;<\/p>\n<p><img loading=\"lazy\" class=\"size-full wp-image-190391 aligncenter\" src=\"https:\/\/www.ecuadortimes.net\/es\/wp-content\/uploads\/2017\/10\/PESCA_ATUN_CRECIO_183_ECUADORTIMES_ECUADORNEWS_1.jpg\" alt=\"\" width=\"880\" height=\"415\" \/><\/p>\n<p>&nbsp;<\/p>\n<p><strong>Ecuador particip\u00f3 en conferencia internacional sobre el at\u00fan<\/strong><\/p>\n<p>A mediados de septiembre, la delegaci\u00f3n p\u00fablico-privada, liderada por la <strong>ministra de Acuacultura y Pesca (MAP), Katuska Drouet<\/strong>, particip\u00f3 en <strong>la VIII Conferencia Mundial del At\u00fan \u0098Vigo 2017\u0099, que se realiz\u00f3 en Espa\u00f1a<\/strong>, cuyo objetivo fue debatir aspectos relevantes a la pesca responsable, abastecimiento de materia prima, elaboraci\u00f3n, producci\u00f3n y comercializaci\u00f3n de conservas de at\u00fan en el mundo.<\/p>\n<p>La conferencia, que reuni\u00f3 a representantes de empresas de 30 pa\u00edses que concentran el 90%\u00a0 de la producci\u00f3n mundial de conservas de pescados y mariscos, busc\u00f3 poner a disposici\u00f3n de los asistentes un punto de encuentro para el an\u00e1lisis y debate sobre aspectos que concitan el inter\u00e9s del producto. Drouet intervino como moderadora con el tema Relevancia de las Am\u00e9ricas en el mercado global atunero: situaci\u00f3n actual y perspectivas futuras del abastecimiento de materia prima, transformaci\u00f3n y comercializaci\u00f3n de conserva de at\u00fan.<\/p>\n<p>Adem\u00e1s, se reuni\u00f3 con funcionarios del Ministerio de Agricultura y Pesca, Alimentaci\u00f3n y Medio Ambiente de Espa\u00f1a. (I)<\/p>\n<p>&nbsp;<\/p>\n<p>&nbsp;<\/p>\n<p><strong>Fuente:<\/strong> <a href=\"http:\/\/www.eltelegrafo.com.ec\/noticias\/economia\/8\/la-pesca-de-atun-en-ecuador-crecio-el-18-3-en-ocho-meses\" target=\"_blank\" rel=\"noopener noreferrer\" data-saferedirecturl=\"https:\/\/www.google.com\/url?hl=es&amp;q=http:\/\/www.eltelegrafo.com.ec\/noticias\/economia\/8\/la-pesca-de-atun-en-ecuador-crecio-el-18-3-en-ocho-meses&amp;source=gmail&amp;ust=1507382906420000&amp;usg=AFQjCNH5eVjLTLpA7zr6Uik3N4000FREmA\">http:\/\/www.eltelegrafo.com.ec\/<wbr \/>noticias\/economia\/8\/la-pesca-<wbr \/>de-atun-en-ecuador-crecio-el-<wbr \/>18-3-en-ocho-meses<\/a><\/p>\n","protected":false},"excerpt":{"rendered":"<p>&nbsp; Las capturas de at\u00fan de Ecuador en el Oc\u00e9ano Pac\u00edfico Oriental (OPO) llegaron a 223.081 toneladas m\u00e9tricas &#8482; entre enero y agosto de este a\u00f1o, lo que representa el 18,3% de crecimiento con respecto a las 188.441 t obtenidas en el similar per\u00edodo de 2016. Estas cifras las proporcion\u00f3 la Comisi\u00f3n Interamericana del At\u00fan Tropical (CIAT), que en su \u00faltimo reporte indica que la pesca regional del recurso, que abarca los pa\u00edses de Ecuador, M\u00e9xico, Estados Unidos, Nicaragua, Panam\u00e1, Per\u00fa y otros, lleg\u00f3 a 464.809 toneladas en los primeros ocho meses del a\u00f1o. En el informe, la CIAT menciona que la especie barrilete represent\u00f3 la mayor pesca de at\u00fan por parte de Ecuador en aguas del OPO, con 152.526 toneladas, seguida del aleta amarilla con 40.466 t y del patudo con 28.612 t. Guillermo Mor\u00e1n, gerente del proyecto Tunacons, integrado por las empresas atuneras Nirsa, Jadr\u00e1n, EuroFish, Servigrup y TriMarine, manifest\u00f3 que el sector prev\u00e9 cerrar el a\u00f1o con una mejor cifra de capturas y exportaciones de at\u00fan con relaci\u00f3n a 2016. En los dos \u00faltimos meses bajaron las capturas de at\u00fan, no as\u00ed los primeros cuatro que fueron espectaculares, de hecho pescamos m\u00e1s que el a\u00f1o pasado, (pero) ahora han vuelto a mejorar los niveles de pesca\u009d, se\u00f1al\u00f3 Mor\u00e1n. Aquello comparte la C\u00e1mara Nacional de Pesquer\u00eda. La entidad afirm\u00f3 que en lo que va de 2017 se observa que las capturas del recurso han estado por encima de 2016 en todas las especies, a excepci\u00f3n de marzo y abril, para el caso del at\u00fan aleta amarilla. En el barrilete las mejores capturas se registraron en marzo, abril y junio. Las capturas del patudo registran un significativo incremento respecto al a\u00f1o anterior, sobre todo en julio, manteniendo su r\u00e9cord de altas capturas en lo que va de 2017\u009d, indica la agremiaci\u00f3n en su p\u00e1gina web. En Tunacons, un grupo de conservaci\u00f3n del at\u00fan, existen 40 embarcaciones, que representan aproximadamente el 40% de la flota ecuatoriana, y registran al a\u00f1o capturas del recurso por alrededor de 100.000 t. Seg\u00fan Mor\u00e1n, hoy en d\u00eda la tonelada del at\u00fan est\u00e1 entre los $ 2.200 y $ 2.300, precios superiores a los registrados en 2015, cuando cay\u00f3 a los $ 800. Son muy buenos precios y tambi\u00e9n con la abundancia de at\u00fan que hubo en los primeros meses del a\u00f1o ha ayudado al sector que realice la mejor exportaci\u00f3n, sobre todo al mercado europeo\u009d. Mart\u00edn Hall, encargado de los Programas de Capturas Incidentales del CIAT, se\u00f1al\u00f3 que es importante para los pa\u00edses atuneros buscar un equilibrio sostenible entre conservar el ecosistema, las especies marinas, la econom\u00eda y la parte social, a fin de fortalecer el sector. El asunto es buscar un nivel de sostenibilidad que permite la subsistencia de la econom\u00eda local, as\u00ed como una producci\u00f3n a nivel global importante\u009d, indic\u00f3 Hall. &nbsp; &nbsp; Ecuador particip\u00f3 en conferencia internacional sobre el at\u00fan A mediados de septiembre, la delegaci\u00f3n p\u00fablico-privada, liderada por la ministra de Acuacultura y Pesca (MAP), Katuska Drouet, particip\u00f3 en la VIII Conferencia Mundial del At\u00fan \u0098Vigo 2017\u0099, que se realiz\u00f3 en Espa\u00f1a, cuyo objetivo fue debatir aspectos relevantes a la pesca responsable, abastecimiento de materia prima, elaboraci\u00f3n, producci\u00f3n y comercializaci\u00f3n de conservas de at\u00fan en el mundo. La conferencia, que reuni\u00f3 a representantes de empresas de 30 pa\u00edses que concentran el 90%\u00a0 de la producci\u00f3n mundial de conservas de pescados y mariscos, busc\u00f3 poner a disposici\u00f3n de los asistentes un punto de encuentro para el an\u00e1lisis y debate sobre aspectos que concitan el inter\u00e9s del producto. Drouet intervino como moderadora con el tema Relevancia de las Am\u00e9ricas en el mercado global atunero: situaci\u00f3n actual y perspectivas futuras del abastecimiento de materia prima, transformaci\u00f3n y comercializaci\u00f3n de conserva de at\u00fan. Adem\u00e1s, se reuni\u00f3 con funcionarios del Ministerio de Agricultura y Pesca, Alimentaci\u00f3n y Medio Ambiente de Espa\u00f1a. (I) &nbsp; &nbsp; Fuente: http:\/\/www.eltelegrafo.com.ec\/noticias\/economia\/8\/la-pesca-de-atun-en-ecuador-crecio-el-18-3-en-ocho-meses<\/p>\n","protected":false},"author":1,"featured_media":246007,"comment_status":"open","ping_status":"open","sticky":false,"template":"","format":"standard","meta":[],"categories":[54,32,43,35],"tags":[],"_links":{"self":[{"href":"https:\/\/www.ecuadortimes.net\/es\/wp-json\/wp\/v2\/posts\/246006"}],"collection":[{"href":"https:\/\/www.ecuadortimes.net\/es\/wp-json\/wp\/v2\/posts"}],"about":[{"href":"https:\/\/www.ecuadortimes.net\/es\/wp-json\/wp\/v2\/types\/post"}],"author":[{"embeddable":true,"href":"https:\/\/www.ecuadortimes.net\/es\/wp-json\/wp\/v2\/users\/1"}],"replies":[{"embeddable":true,"href":"https:\/\/www.ecuadortimes.net\/es\/wp-json\/wp\/v2\/comments?post=246006"}],"version-history":[{"count":0,"href":"https:\/\/www.ecuadortimes.net\/es\/wp-json\/wp\/v2\/posts\/246006\/revisions"}],"wp:featuredmedia":[{"embeddable":true,"href":"https:\/\/www.ecuadortimes.net\/es\/wp-json\/wp\/v2\/media\/246007"}],"wp:attachment":[{"href":"https:\/\/www.ecuadortimes.net\/es\/wp-json\/wp\/v2\/media?parent=246006"}],"wp:term":[{"taxonomy":"category","embeddable":true,"href":"https:\/\/www.ecuadortimes.net\/es\/wp-json\/wp\/v2\/categories?post=246006"},{"taxonomy":"post_tag","embeddable":true,"href":"https:\/\/www.ecuadortimes.net\/es\/wp-json\/wp\/v2\/tags?post=246006"}],"curies":[{"name":"wp","href":"https:\/\/api.w.org\/{rel}","templated":true}]}}