{"id":246010,"date":"2017-10-06T00:00:00","date_gmt":"2017-10-06T00:00:00","guid":{"rendered":"https:\/\/www.ecuadortimes.net\/es\/fiesta-se-enciende-en-guayaquil-con-la-feria-y-un-concierto\/"},"modified":"2017-10-06T00:00:00","modified_gmt":"2017-10-06T00:00:00","slug":"fiesta-se-enciende-en-guayaquil-con-la-feria-y-un-concierto","status":"publish","type":"post","link":"https:\/\/www.ecuadortimes.net\/es\/fiesta-se-enciende-en-guayaquil-con-la-feria-y-un-concierto\/","title":{"rendered":"Fiesta se enciende en Guayaquil con la feria y un concierto"},"content":{"rendered":"<p><img loading=\"lazy\" class=\"size-full wp-image-190365 aligncenter\" src=\"https:\/\/www.ecuadortimes.net\/es\/wp-content\/uploads\/2017\/10\/FIESTA_ENCIENDE_GUAYAQUIL_FERIA_Y_CONCIERTO_ECUADORTIMES_ECUADORNEWS.jpg\" alt=\"\" width=\"653\" height=\"450\" \/><\/p>\n<p>&nbsp;<\/p>\n<p>El ambiente festivo por los 197 a\u00f1os de independencia de\u00a0<a href=\"http:\/\/www.eluniverso.com\/tema\/guayaquil\" target=\"_self\" rel=\"noopener noreferrer\">Guayaquil\u00a0<\/a>se aviva desde hoy con la inauguraci\u00f3n de la <strong>feria de Guayaquil, en el Centro de Convenciones<\/strong>, ubicado en la avenida de las Am\u00e9ricas, en el norte.<\/p>\n<p>La cuarta edici\u00f3n del evento tendr\u00e1 espacios para <strong>recordar la historia y tradiciones del Puerto Principal<\/strong>, de comercio y entretenimiento y un \u00e1rea dedicada a la <strong>gastronom\u00eda t\u00edpica<\/strong> en la que participar\u00e1n 13 huecas (locales de comida) con experiencia en la <strong>feria Ra\u00edces<\/strong>.<\/p>\n<p>Para este a\u00f1o la Empresa P\u00fablica Municipal de Turismo, dirigida por\u00a0<a href=\"http:\/\/www.eluniverso.com\/tema\/gloria-gallardo\" target=\"_self\" rel=\"noopener noreferrer\">Gloria Gallardo<\/a>, prev\u00e9 que entre hoy y el pr\u00f3ximo lunes, \u00faltimo d\u00eda de la feria, lleguen al Centro de Convenciones unos 85 mil visitantes.<\/p>\n<p>Con esa proyecci\u00f3n, en este a\u00f1o la feria tendr\u00e1 un espacio de 11.964 metros cuadrados, m\u00e1s que en las ediciones anteriores. All\u00ed se dispondr\u00e1n 250 estands comerciales.<\/p>\n<p>La inauguraci\u00f3n ser\u00e1 al mediod\u00eda y estar\u00e1 a cargo del alcalde\u00a0<a href=\"http:\/\/www.eluniverso.com\/tema\/jaime-nebot\" target=\"_self\" rel=\"noopener noreferrer\">Jaime Nebot<\/a>. El horario de atenci\u00f3n desde hoy hasta el pr\u00f3ximo lunes ser\u00e1 desde las 11:00 hasta las 00:01, y la entrada costar\u00e1 $ 5 para adultos, mientras que los ni\u00f1os (hasta los 8 a\u00f1os), adultos mayores y personas con discapacidad pagar\u00e1n $ 2,50 para ingresar.<\/p>\n<p>El \u00e1rea destinada para los shows musicales estar\u00e1 en el exterior del\u00a0<a href=\"http:\/\/www.eluniverso.com\/tema\/centro-convenciones-simon-bolivar\" target=\"_self\" rel=\"noopener noreferrer\">Centro de Convenciones<\/a>. All\u00ed se destinar\u00e1n seis metros cuadrados en los que habr\u00e1 presentaciones a lo largo del d\u00eda, a partir de las 11:00.<\/p>\n<p>Entre los invitados internacionales figuran Alci Acosta (domingo 8), Los Mojinos de Colombia (ma\u00f1ana), Giorgio Valencia, exvocalista del grupo Gal\u00e9 (lunes).<\/p>\n<p>Al igual que ocurri\u00f3 en la feria Ra\u00edces, en el sal\u00f3n B se ubicar\u00e1n 20 expositores chocolateros.<\/p>\n<p>La zona de parqueos estar\u00e1 en la parte posterior.<\/p>\n<p>Mientras que a las 19:00 de hoy, en Machala y G\u00f3mez Rend\u00f3n, en el centro de la ciudad, se presentar\u00e1 el salsero Jerry Rivera y otros artistas invitados.<\/p>\n<p>Otro de los eventos octubrinos de concurrencia masiva es el desfile c\u00edvico estudiantil que se desarrollar\u00e1 el lunes, con 5.300 participantes de brigadas c\u00edvicas, bandas musicales y bastoneras, academias de danza y grupos folcl\u00f3ricos.<\/p>\n<p>Seis carrozas aleg\u00f3ricas recorrer\u00e1n las principales calles de la urbe porte\u00f1a con \u00edconos de la independencia, de la Fuerza A\u00e9rea del Ecuador (FAE), que se unir\u00e1 al recorrido para celebrar, adem\u00e1s, sus 97 a\u00f1os de vida institucional.<\/p>\n<p>Las alegor\u00edas representar\u00e1n tambi\u00e9n las costumbres del pueblo montuvio, los personajes del ayer, las orqu\u00eddeas y el turismo de la ciudad.<\/p>\n<p>Esta vig\u00e9simo segunda edici\u00f3n del desfile se realizar\u00e1 en tres etapas. La primera saldr\u00e1 a las 07:00 desde la avenida Ra\u00fal Clemente Huerta, 25 de Julio, Quito hasta la calle Clemente Ball\u00e9n, por el parque La Victoria, en el centro.<\/p>\n<p>La segunda etapa con carrozas iluminadas saldr\u00e1 a las 10:00 y la tercera, a las 16:00; ambas recorrer\u00e1n la emblem\u00e1tica 9 de Octubre.\u00a0(I)<\/p>\n<p>&nbsp;<\/p>\n<p>&nbsp;<\/p>\n<p><strong>Fuente: <\/strong><span style=\"font-family: Calibri; color: black;\"><a href=\"http:\/\/www.eluniverso.com\/noticias\/2017\/10\/06\/nota\/6416755\/fiesta-se-enciende-feria-concierto\" target=\"_blank\" rel=\"noopener noreferrer\" data-saferedirecturl=\"https:\/\/www.google.com\/url?hl=es&amp;q=http:\/\/www.eluniverso.com\/noticias\/2017\/10\/06\/nota\/6416755\/fiesta-se-enciende-feria-concierto&amp;source=gmail&amp;ust=1507382906420000&amp;usg=AFQjCNENbTJdZdcE2qRpWA4_9xPiK-vl-Q\"><span style=\"color: #1155cc;\">http:\/\/www.eluniverso.com\/<wbr \/>noticias\/2017\/10\/06\/nota\/<wbr \/>6416755\/fiesta-se-enciende-<wbr \/>feria-concierto<\/span><\/a><\/span><\/p>\n","protected":false},"excerpt":{"rendered":"<p>&nbsp; El ambiente festivo por los 197 a\u00f1os de independencia de\u00a0Guayaquil\u00a0se aviva desde hoy con la inauguraci\u00f3n de la feria de Guayaquil, en el Centro de Convenciones, ubicado en la avenida de las Am\u00e9ricas, en el norte. La cuarta edici\u00f3n del evento tendr\u00e1 espacios para recordar la historia y tradiciones del Puerto Principal, de comercio y entretenimiento y un \u00e1rea dedicada a la gastronom\u00eda t\u00edpica en la que participar\u00e1n 13 huecas (locales de comida) con experiencia en la feria Ra\u00edces. Para este a\u00f1o la Empresa P\u00fablica Municipal de Turismo, dirigida por\u00a0Gloria Gallardo, prev\u00e9 que entre hoy y el pr\u00f3ximo lunes, \u00faltimo d\u00eda de la feria, lleguen al Centro de Convenciones unos 85 mil visitantes. Con esa proyecci\u00f3n, en este a\u00f1o la feria tendr\u00e1 un espacio de 11.964 metros cuadrados, m\u00e1s que en las ediciones anteriores. All\u00ed se dispondr\u00e1n 250 estands comerciales. La inauguraci\u00f3n ser\u00e1 al mediod\u00eda y estar\u00e1 a cargo del alcalde\u00a0Jaime Nebot. El horario de atenci\u00f3n desde hoy hasta el pr\u00f3ximo lunes ser\u00e1 desde las 11:00 hasta las 00:01, y la entrada costar\u00e1 $ 5 para adultos, mientras que los ni\u00f1os (hasta los 8 a\u00f1os), adultos mayores y personas con discapacidad pagar\u00e1n $ 2,50 para ingresar. El \u00e1rea destinada para los shows musicales estar\u00e1 en el exterior del\u00a0Centro de Convenciones. All\u00ed se destinar\u00e1n seis metros cuadrados en los que habr\u00e1 presentaciones a lo largo del d\u00eda, a partir de las 11:00. Entre los invitados internacionales figuran Alci Acosta (domingo 8), Los Mojinos de Colombia (ma\u00f1ana), Giorgio Valencia, exvocalista del grupo Gal\u00e9 (lunes). Al igual que ocurri\u00f3 en la feria Ra\u00edces, en el sal\u00f3n B se ubicar\u00e1n 20 expositores chocolateros. La zona de parqueos estar\u00e1 en la parte posterior. Mientras que a las 19:00 de hoy, en Machala y G\u00f3mez Rend\u00f3n, en el centro de la ciudad, se presentar\u00e1 el salsero Jerry Rivera y otros artistas invitados. Otro de los eventos octubrinos de concurrencia masiva es el desfile c\u00edvico estudiantil que se desarrollar\u00e1 el lunes, con 5.300 participantes de brigadas c\u00edvicas, bandas musicales y bastoneras, academias de danza y grupos folcl\u00f3ricos. Seis carrozas aleg\u00f3ricas recorrer\u00e1n las principales calles de la urbe porte\u00f1a con \u00edconos de la independencia, de la Fuerza A\u00e9rea del Ecuador (FAE), que se unir\u00e1 al recorrido para celebrar, adem\u00e1s, sus 97 a\u00f1os de vida institucional. Las alegor\u00edas representar\u00e1n tambi\u00e9n las costumbres del pueblo montuvio, los personajes del ayer, las orqu\u00eddeas y el turismo de la ciudad. Esta vig\u00e9simo segunda edici\u00f3n del desfile se realizar\u00e1 en tres etapas. La primera saldr\u00e1 a las 07:00 desde la avenida Ra\u00fal Clemente Huerta, 25 de Julio, Quito hasta la calle Clemente Ball\u00e9n, por el parque La Victoria, en el centro. La segunda etapa con carrozas iluminadas saldr\u00e1 a las 10:00 y la tercera, a las 16:00; ambas recorrer\u00e1n la emblem\u00e1tica 9 de Octubre.\u00a0(I) &nbsp; &nbsp; Fuente: http:\/\/www.eluniverso.com\/noticias\/2017\/10\/06\/nota\/6416755\/fiesta-se-enciende-feria-concierto<\/p>\n","protected":false},"author":1,"featured_media":246011,"comment_status":"open","ping_status":"open","sticky":false,"template":"","format":"standard","meta":[],"categories":[54,32,42,35],"tags":[],"_links":{"self":[{"href":"https:\/\/www.ecuadortimes.net\/es\/wp-json\/wp\/v2\/posts\/246010"}],"collection":[{"href":"https:\/\/www.ecuadortimes.net\/es\/wp-json\/wp\/v2\/posts"}],"about":[{"href":"https:\/\/www.ecuadortimes.net\/es\/wp-json\/wp\/v2\/types\/post"}],"author":[{"embeddable":true,"href":"https:\/\/www.ecuadortimes.net\/es\/wp-json\/wp\/v2\/users\/1"}],"replies":[{"embeddable":true,"href":"https:\/\/www.ecuadortimes.net\/es\/wp-json\/wp\/v2\/comments?post=246010"}],"version-history":[{"count":0,"href":"https:\/\/www.ecuadortimes.net\/es\/wp-json\/wp\/v2\/posts\/246010\/revisions"}],"wp:featuredmedia":[{"embeddable":true,"href":"https:\/\/www.ecuadortimes.net\/es\/wp-json\/wp\/v2\/media\/246011"}],"wp:attachment":[{"href":"https:\/\/www.ecuadortimes.net\/es\/wp-json\/wp\/v2\/media?parent=246010"}],"wp:term":[{"taxonomy":"category","embeddable":true,"href":"https:\/\/www.ecuadortimes.net\/es\/wp-json\/wp\/v2\/categories?post=246010"},{"taxonomy":"post_tag","embeddable":true,"href":"https:\/\/www.ecuadortimes.net\/es\/wp-json\/wp\/v2\/tags?post=246010"}],"curies":[{"name":"wp","href":"https:\/\/api.w.org\/{rel}","templated":true}]}}