{"id":246034,"date":"2017-10-10T00:00:00","date_gmt":"2017-10-10T00:00:00","guid":{"rendered":"https:\/\/www.ecuadortimes.net\/es\/carlos-abella-la-independencia-de-cataluna-tambien-afectaria-a-ecuador\/"},"modified":"2017-10-10T00:00:00","modified_gmt":"2017-10-10T00:00:00","slug":"carlos-abella-la-independencia-de-cataluna-tambien-afectaria-a-ecuador","status":"publish","type":"post","link":"https:\/\/www.ecuadortimes.net\/es\/carlos-abella-la-independencia-de-cataluna-tambien-afectaria-a-ecuador\/","title":{"rendered":"Carlos Abella: La independencia de Catalu\u00f1a tambi\u00e9n afectar\u00eda a Ecuador"},"content":{"rendered":"<p><img loading=\"lazy\" class=\"size-full wp-image-190416 aligncenter\" src=\"https:\/\/www.ecuadortimes.net\/es\/wp-content\/uploads\/2017\/10\/CARLOS_ABELLA_INDEPENDENCIA_CATALUN\u00cc\u0083A_AFECTARIA_ECUADOR_ECUADORTIMES_ECUADORNEWS.jpg\" alt=\"\" width=\"762\" height=\"428\" \/><\/p>\n<p>&nbsp;<\/p>\n<p>Casi imperceptible en el tiempo, de repente se ha desatado una tormenta de consecuencias incalculables a esta altura. El problema de\u00a0<b>Espa\u00f1a\u00a0<\/b>con\u00a0<b>Catalu\u00f1a\u00a0<\/b>(el vasco est\u00e1 ahora adormecido) levanta escollos aparentemente infranqueables. El asunto tiene su entramado: una aspiraci\u00f3n catalanista que se luce fuerte frente a la quiebra de la Constituci\u00f3n que da armon\u00eda a la diversidad de Espa\u00f1a. Ceder al ruido indeterminado de la calle, o defender las reglas del juego, este es el dilema para tomar posici\u00f3n. Ante el atolladero,\u00a0<b>Carlos Abella\u00a0<\/b>se despoja imaginariamente de su cargo y lo aborda desde la atalaya de un ciudadano espa\u00f1ol, europeo y dem\u00f3crata; para concluir: Que nadie se deje enga\u00f1ar\u009d.<\/p>\n<p>&#8211;\u00a0<i><b>\u00bfPor qu\u00e9 una parte de Catalu\u00f1a se siente inc\u00f3moda en Espa\u00f1a?<\/b><\/i><\/p>\n<p>&#8211; La primera trampa inducida es trasladar la imagen de que son todos. No es cierto, es solo una parte que responde a sus propios intereses. Espa\u00f1a est\u00e1 configurada como un Estado de las Autonom\u00edas con el mayor autogobierno de Europa. Catalu\u00f1a tiene instituciones propias:\u00a0<b>Gobierno<\/b>,\u00a0<b>Parlamento<\/b>,\u00a0<b>Polic\u00eda<\/b>, tribunales de Justicia. Y tambi\u00e9n competencias de administraci\u00f3n exclusiva tan importantes como la<b>\u00a0Sanidad<\/b>\u00a0y la<b>\u00a0Educaci\u00f3n<\/b>.<\/p>\n<p>&#8211;<i><b>\u00a0Si Catalu\u00f1a se declarara unilateralmente independiente ma\u00f1ana, como est\u00e1 anunciado, \u00bfcu\u00e1l es el escenario que se viene?<\/b><\/i><\/p>\n<p>&#8211; Mejor no adelantar acontecimientos. Yo pienso que prevalecer\u00e1 la fortaleza del Estado de Derecho, los principios de la Uni\u00f3n Europea (UE) y el sentido com\u00fan. Juntas las tres se evitar\u00e1 una situaci\u00f3n que perjudicar\u00e1 m\u00e1s que a nadie a los propios catalanes por la quiebra de su convivencia, con independencia de cu\u00e1l sea su ideolog\u00eda.<\/p>\n<p>&#8211;<i><b>\u00a0Como la imagen vale m\u00e1s que mil palabras, la percepci\u00f3n se sit\u00faa a menudo por encima de la realidad. Se han visto protestas masivas en la calle, enfrentamientos con la polic\u00eda, heridos. C\u00f3mo explicarle al mundo y convencerle de que la raz\u00f3n no est\u00e1 del lado de los independentistas catalanes.<\/b><\/i><\/p>\n<p>&#8211; Espa\u00f1a es un Estado democr\u00e1tico y de derecho donde se puede expresar cualquier opini\u00f3n, pero siempre cumpliendo la ley. No hay que dejarse enga\u00f1ar por unos titulares o por unas im\u00e1genes. Hay que conocer lo que est\u00e1 sucediendo y analizarlo desapasionadamente. \u00bfQu\u00e9 se pensar\u00eda en Ecuador si un prefecto y tres partidos de una provincia decidiesen rebelarse contra la Constituci\u00f3n y la ley, y declararse independientes? Las instituciones est\u00e1n defendiendo la Constituci\u00f3n, la ley y el Estado de Derecho.<\/p>\n<p>&#8211;\u00a0<i><b>\u00bfPuede ser que la confrontaci\u00f3n, percibida como represi\u00f3n, haga ganar adeptos y simpat\u00edas al independentismo catal\u00e1n?<\/b><\/i><\/p>\n<p>&#8211; Los datos son los importantes, las percepciones no. El refer\u00e9ndum fue un simulacro de consulta sin respaldo legal, garant\u00eda ni validez alguna. Ha sido una falsificaci\u00f3n de la democracia. Esta es la verdadera realidad catalana, seg\u00fan los resultados de las \u00faltimas elecciones celebradas all\u00ed, el 26 de junio de 2016: los tres partidos independentistas, los que han promovido la secesi\u00f3n, un mill\u00f3n cien mil votos. Los partidos por la Constituci\u00f3n y la convivencia arm\u00f3nica en el Estado de las autonom\u00edas espa\u00f1ol, un mill\u00f3n cuatrocientos mil votos. Esa es la realidad.<\/p>\n<p>&#8211;\u00a0<i><b>C\u00f3mo se soluciona este conflicto; las partes se encuentran en distancias siderales.<\/b><\/i><\/p>\n<p>&#8211; Primero hay que restablecer el orden constitucional y democr\u00e1tico. A partir de ah\u00ed\u00a0<b>Espa\u00f1a<\/b>\u00a0ha demostrado desde 1978, cuando se recuperaron las libertades, una total capacidad para integrar las distintas visiones y sensibilidades pol\u00edticas.<\/p>\n<p>&#8211;\u00a0<i><b>Qu\u00e9 pierde Espa\u00f1a sin Catalu\u00f1a.<\/b><\/i><\/p>\n<p>&#8211; No lo planteo. Si sucediera esa hip\u00f3tesis perder\u00edan todos.<\/p>\n<p>&#8211;<i><b>\u00a0Qu\u00e9 pierde Catalu\u00f1a sin Espa\u00f1a.<\/b><\/i><\/p>\n<p>&#8211; Tampoco los planteo. En esa hip\u00f3tesis, perder\u00edan Catalu\u00f1a, Espa\u00f1a, Europa y el mundo.<\/p>\n<p><i><b>&#8211; Resulta dif\u00edcil comprender que un conflicto interno espa\u00f1ol afecte a la vez al planeta, c\u00f3mo se explica eso.<\/b><\/i><\/p>\n<p>&#8211; Vivimos en un mundo globalizado con consecuencias inmediatas sobre todo lo que ocurre. Una secesi\u00f3n antidemocr\u00e1tica en Espa\u00f1a, y consecuentemente en Europa, tendr\u00eda un efecto negativo en el resto del mundo. En Iberoam\u00e9rica, por ejemplo, se ha ido reforzando notablemente la democracia. Si se diera un hecho en Europa donde se quebraran a la fuerza las reglas democr\u00e1ticas del juego, el resultado global por contagio ser\u00eda pernicioso.<\/p>\n<p>&#8211;<i><b>\u00a0Dicen los independentistas que Catalu\u00f1a seguir\u00e1 perteneciendo a la Uni\u00f3n Europea y que sus ciudadanos podr\u00e1n optar por la doble nacionalidad, la catalana y la espa\u00f1ola. \u00bfEs eso posible?<\/b><\/i><\/p>\n<p>&#8211; Es rotundamente falso, un eslab\u00f3n m\u00e1s en la cadena de utop\u00edas infantiles que difunden. Catalu\u00f1a est\u00e1 en la Uni\u00f3n Europea porque es parte de Espa\u00f1a. Todo su entramado pol\u00edtico, econ\u00f3mico y financiero, m\u00e1s todos los instrumentos de cooperaci\u00f3n, se vendr\u00edan inmediatamente abajo si quedara fuera. Catalu\u00f1a tendr\u00eda que comenzar de cero para ingresar en la UE, con un efecto tormentoso para su econom\u00eda y una pesad\u00edsima carga burocr\u00e1tica de a\u00f1os donde tendr\u00eda que negociar uno a uno todos los tratados con cada uno de los 28 pa\u00edses.<\/p>\n<p>&#8211;\u00a0<i><b>Ya es un hecho que hay fuga de empresas y capitales de Catalu\u00f1a. Dado que el sentimiento de pertenencia y el calor de la buena econom\u00eda son habitualmente indisolubles, \u00bfser\u00e1 esa una v\u00eda para convencer al independentismo que la separaci\u00f3n de Espa\u00f1a es un error?<\/b><\/i><\/p>\n<p>&#8211; Esas fugas reflejan lo que es la realidad y no la fantas\u00eda. El ciudadano se est\u00e1 expresando mejor por estos hechos que por el simulacro de consulta del 1 de octubre. Esta locura es muy negativa para Espa\u00f1a, pero much\u00edsimo m\u00e1s para\u00a0<b>Catalu\u00f1a<\/b>.<\/p>\n<p>&#8211;<i><b>\u00a0\u00bfLe ocurre algo a Ecuador si Catalu\u00f1a se separa de Espa\u00f1a?<\/b><\/i><\/p>\n<p>&#8211; Insisto, no contemplo el hecho. En la hip\u00f3tesis, se calcula que Catalu\u00f1a perder\u00eda el 25 % de su PIB. Inevitablemente eso tendr\u00eda consecuencias en las relaciones comerciales que ahora tiene\u00a0<b>Ecuador<\/b>\u00a0con Espa\u00f1a.<\/p>\n<p>&#8211;<i><b>\u00a0Lo lamento, pero insisto en el inter\u00e9s de la hip\u00f3tesis: qu\u00e9 consecuencias tendr\u00eda la separaci\u00f3n para los ecuatorianos con estatus de residencia en Espa\u00f1a que viven en Catalu\u00f1a.<\/b><\/i><\/p>\n<p>&#8211; Esa es una buena pregunta. Creo que los promotores del secesionismo no se la han hecho. Pero quien no respeta a su propia gente peor a los extranjeros. (I)<\/p>\n<p>&nbsp;<\/p>\n<p>&nbsp;<\/p>\n<p><strong>Fuente: <\/strong><a href=\"http:\/\/www.expreso.ec\/actualidad\/entrevistta-carlosabella-problemas-espana-cataluna-YX1752450\" target=\"_blank\" rel=\"noopener noreferrer\">http:\/\/www.expreso.ec\/actualidad\/entrevistta-carlosabella-problemas-espana-cataluna-YX1752450<\/a><\/p>\n","protected":false},"excerpt":{"rendered":"<p>&nbsp; Casi imperceptible en el tiempo, de repente se ha desatado una tormenta de consecuencias incalculables a esta altura. El problema de\u00a0Espa\u00f1a\u00a0con\u00a0Catalu\u00f1a\u00a0(el vasco est\u00e1 ahora adormecido) levanta escollos aparentemente infranqueables. El asunto tiene su entramado: una aspiraci\u00f3n catalanista que se luce fuerte frente a la quiebra de la Constituci\u00f3n que da armon\u00eda a la diversidad de Espa\u00f1a. Ceder al ruido indeterminado de la calle, o defender las reglas del juego, este es el dilema para tomar posici\u00f3n. Ante el atolladero,\u00a0Carlos Abella\u00a0se despoja imaginariamente de su cargo y lo aborda desde la atalaya de un ciudadano espa\u00f1ol, europeo y dem\u00f3crata; para concluir: Que nadie se deje enga\u00f1ar\u009d. &#8211;\u00a0\u00bfPor qu\u00e9 una parte de Catalu\u00f1a se siente inc\u00f3moda en Espa\u00f1a? &#8211; La primera trampa inducida es trasladar la imagen de que son todos. No es cierto, es solo una parte que responde a sus propios intereses. Espa\u00f1a est\u00e1 configurada como un Estado de las Autonom\u00edas con el mayor autogobierno de Europa. Catalu\u00f1a tiene instituciones propias:\u00a0Gobierno,\u00a0Parlamento,\u00a0Polic\u00eda, tribunales de Justicia. Y tambi\u00e9n competencias de administraci\u00f3n exclusiva tan importantes como la\u00a0Sanidad\u00a0y la\u00a0Educaci\u00f3n. &#8211;\u00a0Si Catalu\u00f1a se declarara unilateralmente independiente ma\u00f1ana, como est\u00e1 anunciado, \u00bfcu\u00e1l es el escenario que se viene? &#8211; Mejor no adelantar acontecimientos. Yo pienso que prevalecer\u00e1 la fortaleza del Estado de Derecho, los principios de la Uni\u00f3n Europea (UE) y el sentido com\u00fan. Juntas las tres se evitar\u00e1 una situaci\u00f3n que perjudicar\u00e1 m\u00e1s que a nadie a los propios catalanes por la quiebra de su convivencia, con independencia de cu\u00e1l sea su ideolog\u00eda. &#8211;\u00a0Como la imagen vale m\u00e1s que mil palabras, la percepci\u00f3n se sit\u00faa a menudo por encima de la realidad. Se han visto protestas masivas en la calle, enfrentamientos con la polic\u00eda, heridos. C\u00f3mo explicarle al mundo y convencerle de que la raz\u00f3n no est\u00e1 del lado de los independentistas catalanes. &#8211; Espa\u00f1a es un Estado democr\u00e1tico y de derecho donde se puede expresar cualquier opini\u00f3n, pero siempre cumpliendo la ley. No hay que dejarse enga\u00f1ar por unos titulares o por unas im\u00e1genes. Hay que conocer lo que est\u00e1 sucediendo y analizarlo desapasionadamente. \u00bfQu\u00e9 se pensar\u00eda en Ecuador si un prefecto y tres partidos de una provincia decidiesen rebelarse contra la Constituci\u00f3n y la ley, y declararse independientes? Las instituciones est\u00e1n defendiendo la Constituci\u00f3n, la ley y el Estado de Derecho. &#8211;\u00a0\u00bfPuede ser que la confrontaci\u00f3n, percibida como represi\u00f3n, haga ganar adeptos y simpat\u00edas al independentismo catal\u00e1n? &#8211; Los datos son los importantes, las percepciones no. El refer\u00e9ndum fue un simulacro de consulta sin respaldo legal, garant\u00eda ni validez alguna. Ha sido una falsificaci\u00f3n de la democracia. Esta es la verdadera realidad catalana, seg\u00fan los resultados de las \u00faltimas elecciones celebradas all\u00ed, el 26 de junio de 2016: los tres partidos independentistas, los que han promovido la secesi\u00f3n, un mill\u00f3n cien mil votos. Los partidos por la Constituci\u00f3n y la convivencia arm\u00f3nica en el Estado de las autonom\u00edas espa\u00f1ol, un mill\u00f3n cuatrocientos mil votos. Esa es la realidad. &#8211;\u00a0C\u00f3mo se soluciona este conflicto; las partes se encuentran en distancias siderales. &#8211; Primero hay que restablecer el orden constitucional y democr\u00e1tico. A partir de ah\u00ed\u00a0Espa\u00f1a\u00a0ha demostrado desde 1978, cuando se recuperaron las libertades, una total capacidad para integrar las distintas visiones y sensibilidades pol\u00edticas. &#8211;\u00a0Qu\u00e9 pierde Espa\u00f1a sin Catalu\u00f1a. &#8211; No lo planteo. Si sucediera esa hip\u00f3tesis perder\u00edan todos. &#8211;\u00a0Qu\u00e9 pierde Catalu\u00f1a sin Espa\u00f1a. &#8211; Tampoco los planteo. En esa hip\u00f3tesis, perder\u00edan Catalu\u00f1a, Espa\u00f1a, Europa y el mundo. &#8211; Resulta dif\u00edcil comprender que un conflicto interno espa\u00f1ol afecte a la vez al planeta, c\u00f3mo se explica eso. &#8211; Vivimos en un mundo globalizado con consecuencias inmediatas sobre todo lo que ocurre. Una secesi\u00f3n antidemocr\u00e1tica en Espa\u00f1a, y consecuentemente en Europa, tendr\u00eda un efecto negativo en el resto del mundo. En Iberoam\u00e9rica, por ejemplo, se ha ido reforzando notablemente la democracia. Si se diera un hecho en Europa donde se quebraran a la fuerza las reglas democr\u00e1ticas del juego, el resultado global por contagio ser\u00eda pernicioso. &#8211;\u00a0Dicen los independentistas que Catalu\u00f1a seguir\u00e1 perteneciendo a la Uni\u00f3n Europea y que sus ciudadanos podr\u00e1n optar por la doble nacionalidad, la catalana y la espa\u00f1ola. \u00bfEs eso posible? &#8211; Es rotundamente falso, un eslab\u00f3n m\u00e1s en la cadena de utop\u00edas infantiles que difunden. Catalu\u00f1a est\u00e1 en la Uni\u00f3n Europea porque es parte de Espa\u00f1a. Todo su entramado pol\u00edtico, econ\u00f3mico y financiero, m\u00e1s todos los instrumentos de cooperaci\u00f3n, se vendr\u00edan inmediatamente abajo si quedara fuera. Catalu\u00f1a tendr\u00eda que comenzar de cero para ingresar en la UE, con un efecto tormentoso para su econom\u00eda y una pesad\u00edsima carga burocr\u00e1tica de a\u00f1os donde tendr\u00eda que negociar uno a uno todos los tratados con cada uno de los 28 pa\u00edses. &#8211;\u00a0Ya es un hecho que hay fuga de empresas y capitales de Catalu\u00f1a. Dado que el sentimiento de pertenencia y el calor de la buena econom\u00eda son habitualmente indisolubles, \u00bfser\u00e1 esa una v\u00eda para convencer al independentismo que la separaci\u00f3n de Espa\u00f1a es un error? &#8211; Esas fugas reflejan lo que es la realidad y no la fantas\u00eda. El ciudadano se est\u00e1 expresando mejor por estos hechos que por el simulacro de consulta del 1 de octubre. Esta locura es muy negativa para Espa\u00f1a, pero much\u00edsimo m\u00e1s para\u00a0Catalu\u00f1a. &#8211;\u00a0\u00bfLe ocurre algo a Ecuador si Catalu\u00f1a se separa de Espa\u00f1a? &#8211; Insisto, no contemplo el hecho. En la hip\u00f3tesis, se calcula que Catalu\u00f1a perder\u00eda el 25 % de su PIB. Inevitablemente eso tendr\u00eda consecuencias en las relaciones comerciales que ahora tiene\u00a0Ecuador\u00a0con Espa\u00f1a. &#8211;\u00a0Lo lamento, pero insisto en el inter\u00e9s de la hip\u00f3tesis: qu\u00e9 consecuencias tendr\u00eda la separaci\u00f3n para los ecuatorianos con estatus de residencia en Espa\u00f1a que viven en Catalu\u00f1a. &#8211; Esa es una buena pregunta. Creo que los promotores del secesionismo no se la han hecho. Pero quien no respeta a su propia gente peor a los extranjeros. (I) &nbsp; &nbsp; Fuente: http:\/\/www.expreso.ec\/actualidad\/entrevistta-carlosabella-problemas-espana-cataluna-YX1752450<\/p>\n","protected":false},"author":1,"featured_media":246035,"comment_status":"open","ping_status":"open","sticky":false,"template":"","format":"standard","meta":[],"categories":[54,32,33,51,43,35],"tags":[],"_links":{"self":[{"href":"https:\/\/www.ecuadortimes.net\/es\/wp-json\/wp\/v2\/posts\/246034"}],"collection":[{"href":"https:\/\/www.ecuadortimes.net\/es\/wp-json\/wp\/v2\/posts"}],"about":[{"href":"https:\/\/www.ecuadortimes.net\/es\/wp-json\/wp\/v2\/types\/post"}],"author":[{"embeddable":true,"href":"https:\/\/www.ecuadortimes.net\/es\/wp-json\/wp\/v2\/users\/1"}],"replies":[{"embeddable":true,"href":"https:\/\/www.ecuadortimes.net\/es\/wp-json\/wp\/v2\/comments?post=246034"}],"version-history":[{"count":0,"href":"https:\/\/www.ecuadortimes.net\/es\/wp-json\/wp\/v2\/posts\/246034\/revisions"}],"wp:featuredmedia":[{"embeddable":true,"href":"https:\/\/www.ecuadortimes.net\/es\/wp-json\/wp\/v2\/media\/246035"}],"wp:attachment":[{"href":"https:\/\/www.ecuadortimes.net\/es\/wp-json\/wp\/v2\/media?parent=246034"}],"wp:term":[{"taxonomy":"category","embeddable":true,"href":"https:\/\/www.ecuadortimes.net\/es\/wp-json\/wp\/v2\/categories?post=246034"},{"taxonomy":"post_tag","embeddable":true,"href":"https:\/\/www.ecuadortimes.net\/es\/wp-json\/wp\/v2\/tags?post=246034"}],"curies":[{"name":"wp","href":"https:\/\/api.w.org\/{rel}","templated":true}]}}