{"id":246036,"date":"2017-10-11T00:00:00","date_gmt":"2017-10-11T00:00:00","guid":{"rendered":"https:\/\/www.ecuadortimes.net\/es\/alexis-mera-pide-se-retire-su-nominacion-como-embajador-ante-eeuu\/"},"modified":"2017-10-11T00:00:00","modified_gmt":"2017-10-11T00:00:00","slug":"alexis-mera-pide-se-retire-su-nominacion-como-embajador-ante-eeuu","status":"publish","type":"post","link":"https:\/\/www.ecuadortimes.net\/es\/alexis-mera-pide-se-retire-su-nominacion-como-embajador-ante-eeuu\/","title":{"rendered":"Alexis Mera pide se retire su nominaci\u00f3n como embajador ante EEUU"},"content":{"rendered":"<p><img loading=\"lazy\" class=\"size-full wp-image-190443 aligncenter\" src=\"https:\/\/www.ecuadortimes.net\/es\/wp-content\/uploads\/2017\/10\/ALEXIS_MERA_PIDE_RETIRAR_NOMINACION_EMBAJADOR_EE.UU_._ECUADORTIMES_ECUADORNEWS.jpg\" alt=\"\" width=\"620\" height=\"264\" \/><\/p>\n<p>&nbsp;<\/p>\n<p>El exsecretario jur\u00eddico de la Presidencia\u00a0durante el gobierno del expresidente\u00a0<strong>Rafael Correa,<\/strong><strong>Alexis Mera,<\/strong>\u00a0pidi\u00f3 a la canciller\u00a0<strong>Mar\u00eda Fernanda Espinosa<\/strong>\u00a0que se retire su nominaci\u00f3n como embajador ante Estados Unidos, en Washington.<\/p>\n<p>Lo hizo a trav\u00e9s de un correo electr\u00f3nico enviado esta tarde, 10 de octubre de 2017, a Espinosa y a su asesora de despacho.<\/p>\n<p>Luego que dej\u00f3 el cargo como secretario jur\u00eddico, retorn\u00f3 a su vida profesional privada, en el despacho jur\u00eddico Romero Men\u00e9ndez. Este es el argumento que Mera utiliza en su misiva.<\/p>\n<p><strong>Debido al tiempo transcurrido, he asumido compromisos profesionales de car\u00e1cter permanente en mi firma de abogados que me hacen imposible, en la actualidad, trasladar mi domicilio a ese pa\u00eds<\/strong>\u009d. Sostiene que\u00a0<strong>por esta raz\u00f3n, solicito muy comedidamente que se retire tal nominaci\u00f3n, ya que no voy a poder aceptarla, no sin antes agradecer por la referida propuesta<\/strong>\u009d.<\/p>\n<p>Y cierra la carta dese\u00e1ndole \u00e9xitos al Gobierno del presidente Moreno. Moreno propuso al exsecretario Jur\u00eddico como embajador el 30 de junio. Sin embargo, han transcurrido m\u00e1s de tres meses sin una respuesta del Gobierno de Donald Trump.<\/p>\n<p>Este silencio administrativo prolongado no fue aceptado por una negativa por parte de la Canciller\u00eda. Espinosa se mantuvo en su argumento de que, dependiendo del pa\u00eds y el proceso legal, el otorgamiento del benepl\u00e1cito para los nuevos diplom\u00e1ticos puede tomar tiempo.<\/p>\n<p>Sin embargo, el mismo presidente Moreno, en su \u00faltimo conversatorio con la prensa, el 4 de octubre, acept\u00f3 que ya ten\u00eda algunos nombres para reemplazar la candidatura de Mera. Pero que era pertinente enviar un comunicado a la Embajada de EE.UU. en Quito, para que responda definitivamente si Mera obtuvo o no el benepl\u00e1cito.(I)<\/p>\n<p>&nbsp;<\/p>\n<p>&nbsp;<\/p>\n<p><strong>Fuente: <\/strong><a href=\"http:\/\/www.larepublica.ec\/blog\/politica\/2017\/10\/10\/alexis-mera-pide-se-retire-su-nominacion-como-embajador-ante-eeuu\/\" target=\"_blank\" rel=\"noopener noreferrer\">http:\/\/www.larepublica.ec\/blog\/politica\/2017\/10\/10\/alexis-mera-pide-se-retire-su-nominacion-como-embajador-ante-eeuu\/<\/a><\/p>\n","protected":false},"excerpt":{"rendered":"<p>&nbsp; El exsecretario jur\u00eddico de la Presidencia\u00a0durante el gobierno del expresidente\u00a0Rafael Correa,Alexis Mera,\u00a0pidi\u00f3 a la canciller\u00a0Mar\u00eda Fernanda Espinosa\u00a0que se retire su nominaci\u00f3n como embajador ante Estados Unidos, en Washington. Lo hizo a trav\u00e9s de un correo electr\u00f3nico enviado esta tarde, 10 de octubre de 2017, a Espinosa y a su asesora de despacho. Luego que dej\u00f3 el cargo como secretario jur\u00eddico, retorn\u00f3 a su vida profesional privada, en el despacho jur\u00eddico Romero Men\u00e9ndez. Este es el argumento que Mera utiliza en su misiva. Debido al tiempo transcurrido, he asumido compromisos profesionales de car\u00e1cter permanente en mi firma de abogados que me hacen imposible, en la actualidad, trasladar mi domicilio a ese pa\u00eds\u009d. Sostiene que\u00a0por esta raz\u00f3n, solicito muy comedidamente que se retire tal nominaci\u00f3n, ya que no voy a poder aceptarla, no sin antes agradecer por la referida propuesta\u009d. Y cierra la carta dese\u00e1ndole \u00e9xitos al Gobierno del presidente Moreno. Moreno propuso al exsecretario Jur\u00eddico como embajador el 30 de junio. Sin embargo, han transcurrido m\u00e1s de tres meses sin una respuesta del Gobierno de Donald Trump. Este silencio administrativo prolongado no fue aceptado por una negativa por parte de la Canciller\u00eda. Espinosa se mantuvo en su argumento de que, dependiendo del pa\u00eds y el proceso legal, el otorgamiento del benepl\u00e1cito para los nuevos diplom\u00e1ticos puede tomar tiempo. Sin embargo, el mismo presidente Moreno, en su \u00faltimo conversatorio con la prensa, el 4 de octubre, acept\u00f3 que ya ten\u00eda algunos nombres para reemplazar la candidatura de Mera. Pero que era pertinente enviar un comunicado a la Embajada de EE.UU. en Quito, para que responda definitivamente si Mera obtuvo o no el benepl\u00e1cito.(I) &nbsp; &nbsp; Fuente: http:\/\/www.larepublica.ec\/blog\/politica\/2017\/10\/10\/alexis-mera-pide-se-retire-su-nominacion-como-embajador-ante-eeuu\/<\/p>\n","protected":false},"author":1,"featured_media":246037,"comment_status":"open","ping_status":"open","sticky":false,"template":"","format":"standard","meta":[],"categories":[54,32,40,35,46],"tags":[],"_links":{"self":[{"href":"https:\/\/www.ecuadortimes.net\/es\/wp-json\/wp\/v2\/posts\/246036"}],"collection":[{"href":"https:\/\/www.ecuadortimes.net\/es\/wp-json\/wp\/v2\/posts"}],"about":[{"href":"https:\/\/www.ecuadortimes.net\/es\/wp-json\/wp\/v2\/types\/post"}],"author":[{"embeddable":true,"href":"https:\/\/www.ecuadortimes.net\/es\/wp-json\/wp\/v2\/users\/1"}],"replies":[{"embeddable":true,"href":"https:\/\/www.ecuadortimes.net\/es\/wp-json\/wp\/v2\/comments?post=246036"}],"version-history":[{"count":0,"href":"https:\/\/www.ecuadortimes.net\/es\/wp-json\/wp\/v2\/posts\/246036\/revisions"}],"wp:featuredmedia":[{"embeddable":true,"href":"https:\/\/www.ecuadortimes.net\/es\/wp-json\/wp\/v2\/media\/246037"}],"wp:attachment":[{"href":"https:\/\/www.ecuadortimes.net\/es\/wp-json\/wp\/v2\/media?parent=246036"}],"wp:term":[{"taxonomy":"category","embeddable":true,"href":"https:\/\/www.ecuadortimes.net\/es\/wp-json\/wp\/v2\/categories?post=246036"},{"taxonomy":"post_tag","embeddable":true,"href":"https:\/\/www.ecuadortimes.net\/es\/wp-json\/wp\/v2\/tags?post=246036"}],"curies":[{"name":"wp","href":"https:\/\/api.w.org\/{rel}","templated":true}]}}