{"id":246038,"date":"2017-10-11T00:00:00","date_gmt":"2017-10-11T00:00:00","guid":{"rendered":"https:\/\/www.ecuadortimes.net\/es\/glas-elige-seguir-en-la-carcel\/"},"modified":"2017-10-11T00:00:00","modified_gmt":"2017-10-11T00:00:00","slug":"glas-elige-seguir-en-la-carcel","status":"publish","type":"post","link":"https:\/\/www.ecuadortimes.net\/es\/glas-elige-seguir-en-la-carcel\/","title":{"rendered":"Glas elige seguir en la c\u00e1rcel"},"content":{"rendered":"<p><img loading=\"lazy\" class=\"size-full wp-image-190447 aligncenter\" src=\"https:\/\/www.ecuadortimes.net\/es\/wp-content\/uploads\/2017\/10\/GLAS_ELIGE_SEGUIR_EN_LA_CARCEL_ECUADORTIMES_ECUADORNEWS.jpg\" alt=\"\" width=\"762\" height=\"428\" \/><\/p>\n<p>&nbsp;<\/p>\n<p><strong>Jorge Glas, vicepresidente sin funciones, prefiri\u00f3 esperar encarcelado la audiencia preparatoria de juicio por el presunto delito de asociaci\u00f3n il\u00edcita en el caso Odebrecht,<\/strong> que ser\u00e1 el lunes en la Corte.<\/p>\n<p>En esa diligencia Glas espera que el fiscal <strong>Carlos Baca<\/strong> no lo acuse o que el juez Miguel Jurado dicte sobreseimiento del presunto delito al que fue vinculado el 29 de agosto y que tiene como uno de los 18 investigados a su t\u00edo <strong>Ricardo Rivera.<\/strong><\/p>\n<p>Por eso ayer desisti\u00f3 de seguir con el pedido de sustituci\u00f3n de la prisi\u00f3n dictada en su contra por el <strong>juez Miguel Jurado<\/strong>, quien revoc\u00f3 la prohibici\u00f3n de salida del pa\u00eds por existir riesgo de fuga.<\/p>\n<p>La audiencia para revisar la prisi\u00f3n del vicepresidente ni siquiera se hab\u00eda instalado cuando la secretaria ley\u00f3 el escrito presentado unos minutos antes por la defensa de Glas. Eduardo Franco Loor comunicaba al juez que su cliente ya no estaba interesado en la revisi\u00f3n de la medida cautelar.<\/p>\n<p>Ni bien el juez acogi\u00f3 el pedido, Franco abandon\u00f3 la sala. Tambi\u00e9n lo hizo Cinthia D\u00edaz, esposa del vicepresidente, quien hab\u00eda ocupado uno de los puestos en la primera fila de la audiencia.<\/p>\n<p>Ella se dirigi\u00f3 al menos por tres ocasiones al juez levantando su Biblia. Antes de dejar la sala tambi\u00e9n le ense\u00f1\u00f3 el libro sagrado de los cristianos y le expres\u00f3 alguna bendici\u00f3n.<\/p>\n<p>Ya fuera de la sala, en la planta baja de la Corte, Franco explic\u00f3 a un enjambre de periodistas que por el sentido de oportunidad, ya que el lunes es la audiencia preparatoria de juicio, esperaban que ese d\u00eda brille la verdad\u009d. Insisti\u00f3 en que Glas se ha sometido a la justicia y espera salir en libertad, ya sea porque el fiscal se abstenga de acusarlo o porque el juez dicte un sobreseimiento.<\/p>\n<p>Pero el escrito de Glas no fue el \u00fanico que se conoci\u00f3 antes del inicio de la audiencia. La Fiscal\u00eda comunic\u00f3 al juez que desisti\u00f3 del juicio abreviado que deb\u00eda iniciar hoy en contra de K\u00e9pler Verduga, Jos\u00e9 Catagua y Gustavo Massuh. Los tres, en testimonios adelantados, reconocieron los hechos y asumieron la responsabilidad como presuntos intermediarios de Odebrecht para el pago de coimas.<\/p>\n<p>La Fiscal\u00eda justific\u00f3 que no hubo acuerdo y el juez dej\u00f3 sin efecto la convocatoria al juicio previsto para este d\u00eda.<\/p>\n<p>En otro escrito, el Centro de Rehabilitaci\u00f3n de Guayaquil comunic\u00f3 al juez que el t\u00edo del vicepresidente guarda prisi\u00f3n en la celda 203, que es la destinada a adultos mayores. Con ello se cumpl\u00eda lo dispuesto por el juez la semana pasada.<\/p>\n<p>Rivera est\u00e1 detenido desde el martes 3 de octubre. El d\u00eda anterior el juez Jurado hab\u00eda revocado el arresto domiciliario del que se beneficiaba el t\u00edo del vicepresidente. El pedido lo hizo el fiscal Baca, quien present\u00f3 un informe que alertaba de riesgo de fuga. Tambi\u00e9n indicaba que Rivera no utilizaba todo el tiempo el dispositivo electr\u00f3nico.<\/p>\n<p>La revelaci\u00f3n de la trama de sobornos de Odebrecht la hizo el Departamento de Justicia de Estados Unidos en diciembre del a\u00f1o pasado. (I)<\/p>\n<p>&nbsp;<\/p>\n<p>&nbsp;<\/p>\n<p><strong>Fuente: <\/strong><a href=\"http:\/\/www.expreso.ec\/actualidad\/glas-elige-seguir-en-la-carcel-FJ1759456\" target=\"_blank\" rel=\"noopener noreferrer\">http:\/\/www.expreso.ec\/actualidad\/glas-elige-seguir-en-la-carcel-FJ1759456<\/a><\/p>\n","protected":false},"excerpt":{"rendered":"<p>&nbsp; Jorge Glas, vicepresidente sin funciones, prefiri\u00f3 esperar encarcelado la audiencia preparatoria de juicio por el presunto delito de asociaci\u00f3n il\u00edcita en el caso Odebrecht, que ser\u00e1 el lunes en la Corte. En esa diligencia Glas espera que el fiscal Carlos Baca no lo acuse o que el juez Miguel Jurado dicte sobreseimiento del presunto delito al que fue vinculado el 29 de agosto y que tiene como uno de los 18 investigados a su t\u00edo Ricardo Rivera. Por eso ayer desisti\u00f3 de seguir con el pedido de sustituci\u00f3n de la prisi\u00f3n dictada en su contra por el juez Miguel Jurado, quien revoc\u00f3 la prohibici\u00f3n de salida del pa\u00eds por existir riesgo de fuga. La audiencia para revisar la prisi\u00f3n del vicepresidente ni siquiera se hab\u00eda instalado cuando la secretaria ley\u00f3 el escrito presentado unos minutos antes por la defensa de Glas. Eduardo Franco Loor comunicaba al juez que su cliente ya no estaba interesado en la revisi\u00f3n de la medida cautelar. Ni bien el juez acogi\u00f3 el pedido, Franco abandon\u00f3 la sala. Tambi\u00e9n lo hizo Cinthia D\u00edaz, esposa del vicepresidente, quien hab\u00eda ocupado uno de los puestos en la primera fila de la audiencia. Ella se dirigi\u00f3 al menos por tres ocasiones al juez levantando su Biblia. Antes de dejar la sala tambi\u00e9n le ense\u00f1\u00f3 el libro sagrado de los cristianos y le expres\u00f3 alguna bendici\u00f3n. Ya fuera de la sala, en la planta baja de la Corte, Franco explic\u00f3 a un enjambre de periodistas que por el sentido de oportunidad, ya que el lunes es la audiencia preparatoria de juicio, esperaban que ese d\u00eda brille la verdad\u009d. Insisti\u00f3 en que Glas se ha sometido a la justicia y espera salir en libertad, ya sea porque el fiscal se abstenga de acusarlo o porque el juez dicte un sobreseimiento. Pero el escrito de Glas no fue el \u00fanico que se conoci\u00f3 antes del inicio de la audiencia. La Fiscal\u00eda comunic\u00f3 al juez que desisti\u00f3 del juicio abreviado que deb\u00eda iniciar hoy en contra de K\u00e9pler Verduga, Jos\u00e9 Catagua y Gustavo Massuh. Los tres, en testimonios adelantados, reconocieron los hechos y asumieron la responsabilidad como presuntos intermediarios de Odebrecht para el pago de coimas. La Fiscal\u00eda justific\u00f3 que no hubo acuerdo y el juez dej\u00f3 sin efecto la convocatoria al juicio previsto para este d\u00eda. En otro escrito, el Centro de Rehabilitaci\u00f3n de Guayaquil comunic\u00f3 al juez que el t\u00edo del vicepresidente guarda prisi\u00f3n en la celda 203, que es la destinada a adultos mayores. Con ello se cumpl\u00eda lo dispuesto por el juez la semana pasada. Rivera est\u00e1 detenido desde el martes 3 de octubre. El d\u00eda anterior el juez Jurado hab\u00eda revocado el arresto domiciliario del que se beneficiaba el t\u00edo del vicepresidente. El pedido lo hizo el fiscal Baca, quien present\u00f3 un informe que alertaba de riesgo de fuga. Tambi\u00e9n indicaba que Rivera no utilizaba todo el tiempo el dispositivo electr\u00f3nico. La revelaci\u00f3n de la trama de sobornos de Odebrecht la hizo el Departamento de Justicia de Estados Unidos en diciembre del a\u00f1o pasado. (I) &nbsp; &nbsp; Fuente: http:\/\/www.expreso.ec\/actualidad\/glas-elige-seguir-en-la-carcel-FJ1759456<\/p>\n","protected":false},"author":1,"featured_media":246039,"comment_status":"open","ping_status":"open","sticky":false,"template":"","format":"standard","meta":[],"categories":[54,32,40,35,46],"tags":[],"_links":{"self":[{"href":"https:\/\/www.ecuadortimes.net\/es\/wp-json\/wp\/v2\/posts\/246038"}],"collection":[{"href":"https:\/\/www.ecuadortimes.net\/es\/wp-json\/wp\/v2\/posts"}],"about":[{"href":"https:\/\/www.ecuadortimes.net\/es\/wp-json\/wp\/v2\/types\/post"}],"author":[{"embeddable":true,"href":"https:\/\/www.ecuadortimes.net\/es\/wp-json\/wp\/v2\/users\/1"}],"replies":[{"embeddable":true,"href":"https:\/\/www.ecuadortimes.net\/es\/wp-json\/wp\/v2\/comments?post=246038"}],"version-history":[{"count":0,"href":"https:\/\/www.ecuadortimes.net\/es\/wp-json\/wp\/v2\/posts\/246038\/revisions"}],"wp:featuredmedia":[{"embeddable":true,"href":"https:\/\/www.ecuadortimes.net\/es\/wp-json\/wp\/v2\/media\/246039"}],"wp:attachment":[{"href":"https:\/\/www.ecuadortimes.net\/es\/wp-json\/wp\/v2\/media?parent=246038"}],"wp:term":[{"taxonomy":"category","embeddable":true,"href":"https:\/\/www.ecuadortimes.net\/es\/wp-json\/wp\/v2\/categories?post=246038"},{"taxonomy":"post_tag","embeddable":true,"href":"https:\/\/www.ecuadortimes.net\/es\/wp-json\/wp\/v2\/tags?post=246038"}],"curies":[{"name":"wp","href":"https:\/\/api.w.org\/{rel}","templated":true}]}}