{"id":246042,"date":"2017-10-11T00:00:00","date_gmt":"2017-10-11T00:00:00","guid":{"rendered":"https:\/\/www.ecuadortimes.net\/es\/uees-potencia-comunicacion-entre-los-diferentes-publicos\/"},"modified":"2017-10-11T00:00:00","modified_gmt":"2017-10-11T00:00:00","slug":"uees-potencia-comunicacion-entre-los-diferentes-publicos","status":"publish","type":"post","link":"https:\/\/www.ecuadortimes.net\/es\/uees-potencia-comunicacion-entre-los-diferentes-publicos\/","title":{"rendered":"UEES potencia comunicaci\u00f3n entre los diferentes p\u00fablicos"},"content":{"rendered":"<p><iframe loading=\"lazy\" src=\"https:\/\/www.youtube.com\/embed\/CXhElzgHR84\" width=\"560\" height=\"315\" frameborder=\"0\" allowfullscreen=\"allowfullscreen\" data-mce-fragment=\"1\"><\/iframe><\/p>\n<p>&nbsp;<\/p>\n<p>Desde hace un a\u00f1o, <strong>Ana Luisa V\u00e9lez<\/strong> aporta en la <strong>Universidad de Especialidades Esp\u00edritu Santo (UEES)<\/strong> los conocimientos en marketing que ha adquirido durante 20 a\u00f1os de ejercicio profesional. Y lo hace con la misi\u00f3n de mantener una comunicaci\u00f3n unificada entre los diversos p\u00fablicos y departamentos de la instituci\u00f3n.<\/p>\n<p>V\u00e9lez, guayaquile\u00f1a de 41 a\u00f1os, refiere que ese fue el primer desaf\u00edo que experiment\u00f3 cuando asumi\u00f3<strong> la direcci\u00f3n de marketing de la UEES<\/strong>, en la avenida Samborond\u00f3n.<\/p>\n<p>Esto debido a que la instituci\u00f3n tiene varias unidades (ocho facultades y distintos departamentos) y cada una \u0098apela\u0099 a determinado p\u00fablico objetivo (colegiales, estudiantes universitarios, egresados y otros).<\/p>\n<p>Al ser una entidad educativa es muy importante lo que comunicamos, de qu\u00e9 forma lo decimos; no solamente hacia nuestro p\u00fablico, que son las personas que en alg\u00fan momento piensan venir a estudiar en la instituci\u00f3n, sino tambi\u00e9n la comunicaci\u00f3n que damos como voceros de la parte universitaria, como una universidad categor\u00eda A\u009d, remarca ella.<\/p>\n<p>La UEES es uno de los ocho centros de educaci\u00f3n superior de Ecuador que, seg\u00fan el \u00f3rgano rector del Estado, ofrece excelencia acad\u00e9mica.<\/p>\n<p>En el pa\u00eds existen 55 universidades acreditadas.<\/p>\n<p>V\u00e9lez aspira a seguir aportando en la excelencia de la Universidad de Especialidades Esp\u00edritu Santo.<\/p>\n<p>Cuenta que antes colabor\u00f3 en empresas de diversa \u00edndole; estuvo en Artes Gr\u00e1ficas Senefelder, Tesalia Sprint Company, Mercantil Garzozi y Difare.<\/p>\n<p>Todo profesional de marketing debe mantenerse siempre actualizado. Al estar en marketing necesitamos estar en constante investigaci\u00f3n, saber cu\u00e1les son las nuevas tendencias del mercado: en este caso tendencias acad\u00e9micas; cu\u00e1les son las principales, o las nuevas demandas que hay de conocimiento, de estudios; cu\u00e1les son las carreras que los chicos quieren\u009d, sostiene V\u00e9lez. (I)<\/p>\n<p>&nbsp;<\/p>\n<p>&nbsp;<\/p>\n<p><strong>Fuente: <\/strong><a href=\"http:\/\/www.eluniverso.com\/noticias\/2017\/10\/11\/nota\/6425065\/uees-potencia-comunicacion-diferentes-publicos\" target=\"_blank\" rel=\"noopener noreferrer\">http:\/\/www.eluniverso.com\/noticias\/2017\/10\/11\/nota\/6425065\/uees-potencia-comunicacion-diferentes-publicos<\/a><\/p>\n","protected":false},"excerpt":{"rendered":"<p>&nbsp; Desde hace un a\u00f1o, Ana Luisa V\u00e9lez aporta en la Universidad de Especialidades Esp\u00edritu Santo (UEES) los conocimientos en marketing que ha adquirido durante 20 a\u00f1os de ejercicio profesional. Y lo hace con la misi\u00f3n de mantener una comunicaci\u00f3n unificada entre los diversos p\u00fablicos y departamentos de la instituci\u00f3n. V\u00e9lez, guayaquile\u00f1a de 41 a\u00f1os, refiere que ese fue el primer desaf\u00edo que experiment\u00f3 cuando asumi\u00f3 la direcci\u00f3n de marketing de la UEES, en la avenida Samborond\u00f3n. Esto debido a que la instituci\u00f3n tiene varias unidades (ocho facultades y distintos departamentos) y cada una \u0098apela\u0099 a determinado p\u00fablico objetivo (colegiales, estudiantes universitarios, egresados y otros). Al ser una entidad educativa es muy importante lo que comunicamos, de qu\u00e9 forma lo decimos; no solamente hacia nuestro p\u00fablico, que son las personas que en alg\u00fan momento piensan venir a estudiar en la instituci\u00f3n, sino tambi\u00e9n la comunicaci\u00f3n que damos como voceros de la parte universitaria, como una universidad categor\u00eda A\u009d, remarca ella. La UEES es uno de los ocho centros de educaci\u00f3n superior de Ecuador que, seg\u00fan el \u00f3rgano rector del Estado, ofrece excelencia acad\u00e9mica. En el pa\u00eds existen 55 universidades acreditadas. V\u00e9lez aspira a seguir aportando en la excelencia de la Universidad de Especialidades Esp\u00edritu Santo. Cuenta que antes colabor\u00f3 en empresas de diversa \u00edndole; estuvo en Artes Gr\u00e1ficas Senefelder, Tesalia Sprint Company, Mercantil Garzozi y Difare. Todo profesional de marketing debe mantenerse siempre actualizado. Al estar en marketing necesitamos estar en constante investigaci\u00f3n, saber cu\u00e1les son las nuevas tendencias del mercado: en este caso tendencias acad\u00e9micas; cu\u00e1les son las principales, o las nuevas demandas que hay de conocimiento, de estudios; cu\u00e1les son las carreras que los chicos quieren\u009d, sostiene V\u00e9lez. (I) &nbsp; &nbsp; Fuente: http:\/\/www.eluniverso.com\/noticias\/2017\/10\/11\/nota\/6425065\/uees-potencia-comunicacion-diferentes-publicos<\/p>\n","protected":false},"author":1,"featured_media":246043,"comment_status":"open","ping_status":"open","sticky":false,"template":"","format":"standard","meta":[],"categories":[54,32,51,35],"tags":[],"_links":{"self":[{"href":"https:\/\/www.ecuadortimes.net\/es\/wp-json\/wp\/v2\/posts\/246042"}],"collection":[{"href":"https:\/\/www.ecuadortimes.net\/es\/wp-json\/wp\/v2\/posts"}],"about":[{"href":"https:\/\/www.ecuadortimes.net\/es\/wp-json\/wp\/v2\/types\/post"}],"author":[{"embeddable":true,"href":"https:\/\/www.ecuadortimes.net\/es\/wp-json\/wp\/v2\/users\/1"}],"replies":[{"embeddable":true,"href":"https:\/\/www.ecuadortimes.net\/es\/wp-json\/wp\/v2\/comments?post=246042"}],"version-history":[{"count":0,"href":"https:\/\/www.ecuadortimes.net\/es\/wp-json\/wp\/v2\/posts\/246042\/revisions"}],"wp:featuredmedia":[{"embeddable":true,"href":"https:\/\/www.ecuadortimes.net\/es\/wp-json\/wp\/v2\/media\/246043"}],"wp:attachment":[{"href":"https:\/\/www.ecuadortimes.net\/es\/wp-json\/wp\/v2\/media?parent=246042"}],"wp:term":[{"taxonomy":"category","embeddable":true,"href":"https:\/\/www.ecuadortimes.net\/es\/wp-json\/wp\/v2\/categories?post=246042"},{"taxonomy":"post_tag","embeddable":true,"href":"https:\/\/www.ecuadortimes.net\/es\/wp-json\/wp\/v2\/tags?post=246042"}],"curies":[{"name":"wp","href":"https:\/\/api.w.org\/{rel}","templated":true}]}}