{"id":246050,"date":"2017-10-11T00:00:00","date_gmt":"2017-10-11T00:00:00","guid":{"rendered":"https:\/\/www.ecuadortimes.net\/es\/mayta-fusiona-el-arte-con-la-alta-costura-en-el-world-fashion-week-malasia\/"},"modified":"2017-10-11T00:00:00","modified_gmt":"2017-10-11T00:00:00","slug":"mayta-fusiona-el-arte-con-la-alta-costura-en-el-world-fashion-week-malasia","status":"publish","type":"post","link":"https:\/\/www.ecuadortimes.net\/es\/mayta-fusiona-el-arte-con-la-alta-costura-en-el-world-fashion-week-malasia\/","title":{"rendered":"Mayta fusiona el arte con la alta costura en el World Fashion Week Malasia"},"content":{"rendered":"<p><img loading=\"lazy\" class=\"size-full wp-image-190455 aligncenter\" src=\"https:\/\/www.ecuadortimes.net\/es\/wp-content\/uploads\/2017\/10\/WOELD_FASHION_WEEK_MALASIA_MAYTA_ARTE_ALTA_COSTURA__ECUADORTIMES_ECUADORNEWS.jpg\" alt=\"\" width=\"675\" height=\"450\" \/><\/p>\n<p>&nbsp;<\/p>\n<p><a href=\"http:\/\/maytamoda.com\/\" target=\"_blank\" rel=\"noopener noreferrer\"><strong>Mayta<\/strong><\/a><strong>, la empresa textil que represent\u00f3 al Ecuador en el World Fashion Week<\/strong>, innova en la moda ecuatoriana con su lema \u00a1Vivir es un arte!. Tras vivir rodeado de obras art\u00edsticas, el <strong>CEO Diego<\/strong> Madri\u00f1an junto a dem\u00e1s miembros creo la marca Mayta hace dos a\u00f1os y medio.<\/p>\n<p>El grupo de exitosos emprendedores logr\u00f3 fusionar el arte con la moda y as\u00ed desarrollar al poco tiempo una f\u00e1brica propia y\u00a0<a href=\"http:\/\/maytamoda.com\/tiendas\/\" target=\"_blank\" rel=\"noopener noreferrer\">cinco locales<\/a>\u00a0en Quito, capital del Ecuador. La empresa confecciona a mano y en alta costura\u009d un m\u00e1ximo diez prendas de cada dise\u00f1o, sin embargo manejan un pr\u00c3\u00aat-\u00c3\u00a0-porter (producci\u00f3n textil en serie).<\/p>\n<p><strong>El Gerente de la empresa junto a Gabriela Vera<\/strong>, la directora de dise\u00f1o, son nietos del reconocido pintor <strong>Oswaldo Guayasam\u00edn<\/strong>. Bajo el manto art\u00edstico de sus familias crearon Mayta, una marca que brinde tanto a artistas de renombre como emergentes el espacio dentro de la moda para presentar sus obras.<\/p>\n<p>&nbsp;<\/p>\n<div id=\"attachment_190475\" style=\"width: 729px\" class=\"wp-caption aligncenter\"><img aria-describedby=\"caption-attachment-190475\" loading=\"lazy\" class=\" wp-image-190475\" src=\"https:\/\/www.ecuadortimes.net\/es\/wp-content\/uploads\/2017\/10\/WOELD_FASHION_WEEK_MALASIA_MAYTA_ARTE_ALTA_COSTURA_2_ECUADORTIMES_ECUADORNEWS.jpg\" alt=\"\" width=\"719\" height=\"1610\" \/><p id=\"caption-attachment-190475\" class=\"wp-caption-text\">El vestido Merizal de Stripes fue elegido en el evento Runway realizado este a\u00f1o en Quito, para estar en el programa estadounidense American Beauty Star.<\/p><\/div>\n<p>&nbsp;<\/p>\n<p>&nbsp;<\/p>\n<p>Madri\u00f1an manifiesta que busca dar la apertura a\u00a0<a href=\"http:\/\/maytamoda.com\/artistas\/\" target=\"_blank\" rel=\"noopener noreferrer\">artistas nacionales e internacionales<\/a>\u00a0dentro del campo de textil y brindar la oportunidad a j\u00f3venes artistas a mostrar sus obras por medio de las prendas Mayta. Vivimos el arte de manera apasionada para ofrecer exclusividad, originalidad y sobre todo arte\u009d, expresa en su p\u00e1gina oficial.<\/p>\n<p>El nombre de la marca consta con una contenido significativo, familiar e hist\u00f3rico, para los miembros de la empresa. Madri\u00f1an explica que Mayta es un guerrero de C\u00e1pac (guerrero inca), pero la realidad es que mi hermana que falleci\u00f3 en el reciente accidente de la aerol\u00ednea cubana se llamaba Mayta\u009d.<\/p>\n<p>&nbsp;<\/p>\n<h2>Mayta en mercado extranjero<\/h2>\n<p><a href=\"http:\/\/maytamoda.com\/sobre-mayta-moda\/\" target=\"_blank\" rel=\"noopener noreferrer\">Madri\u00f1an y su equipo\u00a0<\/a>ya ha generado exportaciones a sectores de California, Los \u00c3\u0081ngeles y San Francisco. Con cinco locales en distintas zonas de Quito Mayta se abre paso al mercado extranjero mediante sus participaciones en Runways, el Fashion Week en Las Vegas y en el World Fashion Week de Malasia.<\/p>\n<p>Los tres dise\u00f1adores: Marcela Cevallos, Gabriela Vera y Mar\u00eda Sol Moya juntos a la lista de artistas que trabajan en colaboraci\u00f3n crean las prendas que permiten vestir obras de arte. El gerente de la empresa afirma que su p\u00fablico objetivo es general; sus productos tienen un precio ni elevado ni barato\u009d. Cada vestimenta frisa de los 50 d\u00f3lares a los 100 d\u00f3lares.<\/p>\n<p>&nbsp;<\/p>\n<p><a href=\"https:\/\/www.instagram.com\/p\/BUZzpgYF-QK\/\" target=\"_blank\" rel=\"noopener noreferrer\"><img loading=\"lazy\" class=\"size-full wp-image-190476 aligncenter\" src=\"https:\/\/www.ecuadortimes.net\/es\/wp-content\/uploads\/2017\/10\/WOELD_FASHION_WEEK_MALASIA_MAYTA_ARTE_ALTA_COSTURA__ECUADORTIMES_1_ECUADORNEWS.png\" alt=\"\" width=\"643\" height=\"881\" \/><\/a><\/p>\n<p>&nbsp;<\/p>\n<p>El equipo de Mayta se encuentra agradecido por la aceptaci\u00f3n de sus dise\u00f1os por parte de los ecuatorianos. Madri\u00f1an dice que es dificil entrar al mercado ecuatoriano, con un productor ecuatoriano\u009d. (Pero) Hoy por hoy nos han demostrado que s\u00ed hay como hacer moda en el Ecuador\u009d, finaliza.<\/p>\n<p>&nbsp;<\/p>\n<h3>World Fashion Week Malasia<\/h3>\n<p>Mayta recibi\u00f3 la invitaci\u00f3n a inicios del a\u00f1o por parte de la organizaci\u00f3n del Fashion Week luego de su presentaci\u00f3n en el Runway de Ecuador. El 10 de septiembre Mayta sale a las pasarelas del World Fashion Week en Kuala Lumpur, Malasia, como representante de Ecuador mientras presenta su reciente colecci\u00f3n denominada \u0098SS18: Naturaleza Geom\u00e9trica\u0099.<\/p>\n<p>Madri\u00f1an cuenta que la organizaci\u00f3n selecciona a un delegado de la moda de cada pa\u00eds del mundo para participar en el famosos evento auspiciado por Fashion TV, una de las cadenas m\u00e1s importantes de la industria. Entonces, imag\u00ednese lo que significa poder presentar la moda ecuatoriana en el mundo entero\u009d enfatiza.<\/p>\n<p>Durante la participaci\u00f3n la marca cont\u00f3 con el apoyo de Laura Donoso, embajadora de Ecuador en Malasia, junto a su esposos Craig Le\u00f3n. Los artistas que estuvieron en la colecci\u00f3n presentada en la pasarela desarrollada en el Palacio de los Caballos Dorados fueron: Michelle Merizalde, Felix Ar\u00e1uz, Bego\u00f1a Salas, Mo V\u00e1zquez, Carlos Neira, Itziar Duque y Natali Ortiz. (I)<\/p>\n<p>&nbsp;<\/p>\n<p>&nbsp;<\/p>\n<p><strong>Fuente: <\/strong><a href=\"http:\/\/www.eluniverso.com\/tendencias\/2017\/10\/10\/nota\/6424807\/mayta-fusiona-arte-alta-costura-world-fashion-week-malasia\" target=\"_blank\" rel=\"noopener noreferrer\">http:\/\/www.eluniverso.com\/tendencias\/2017\/10\/10\/nota\/6424807\/mayta-fusiona-arte-alta-costura-world-fashion-week-malasia<\/a><\/p>\n","protected":false},"excerpt":{"rendered":"<p>&nbsp; Mayta, la empresa textil que represent\u00f3 al Ecuador en el World Fashion Week, innova en la moda ecuatoriana con su lema \u00a1Vivir es un arte!. Tras vivir rodeado de obras art\u00edsticas, el CEO Diego Madri\u00f1an junto a dem\u00e1s miembros creo la marca Mayta hace dos a\u00f1os y medio. El grupo de exitosos emprendedores logr\u00f3 fusionar el arte con la moda y as\u00ed desarrollar al poco tiempo una f\u00e1brica propia y\u00a0cinco locales\u00a0en Quito, capital del Ecuador. La empresa confecciona a mano y en alta costura\u009d un m\u00e1ximo diez prendas de cada dise\u00f1o, sin embargo manejan un pr\u00c3\u00aat-\u00c3\u00a0-porter (producci\u00f3n textil en serie). El Gerente de la empresa junto a Gabriela Vera, la directora de dise\u00f1o, son nietos del reconocido pintor Oswaldo Guayasam\u00edn. Bajo el manto art\u00edstico de sus familias crearon Mayta, una marca que brinde tanto a artistas de renombre como emergentes el espacio dentro de la moda para presentar sus obras. &nbsp; &nbsp; &nbsp; Madri\u00f1an manifiesta que busca dar la apertura a\u00a0artistas nacionales e internacionales\u00a0dentro del campo de textil y brindar la oportunidad a j\u00f3venes artistas a mostrar sus obras por medio de las prendas Mayta. Vivimos el arte de manera apasionada para ofrecer exclusividad, originalidad y sobre todo arte\u009d, expresa en su p\u00e1gina oficial. El nombre de la marca consta con una contenido significativo, familiar e hist\u00f3rico, para los miembros de la empresa. Madri\u00f1an explica que Mayta es un guerrero de C\u00e1pac (guerrero inca), pero la realidad es que mi hermana que falleci\u00f3 en el reciente accidente de la aerol\u00ednea cubana se llamaba Mayta\u009d. &nbsp; Mayta en mercado extranjero Madri\u00f1an y su equipo\u00a0ya ha generado exportaciones a sectores de California, Los \u00c3\u0081ngeles y San Francisco. Con cinco locales en distintas zonas de Quito Mayta se abre paso al mercado extranjero mediante sus participaciones en Runways, el Fashion Week en Las Vegas y en el World Fashion Week de Malasia. Los tres dise\u00f1adores: Marcela Cevallos, Gabriela Vera y Mar\u00eda Sol Moya juntos a la lista de artistas que trabajan en colaboraci\u00f3n crean las prendas que permiten vestir obras de arte. El gerente de la empresa afirma que su p\u00fablico objetivo es general; sus productos tienen un precio ni elevado ni barato\u009d. Cada vestimenta frisa de los 50 d\u00f3lares a los 100 d\u00f3lares. &nbsp; &nbsp; El equipo de Mayta se encuentra agradecido por la aceptaci\u00f3n de sus dise\u00f1os por parte de los ecuatorianos. Madri\u00f1an dice que es dificil entrar al mercado ecuatoriano, con un productor ecuatoriano\u009d. (Pero) Hoy por hoy nos han demostrado que s\u00ed hay como hacer moda en el Ecuador\u009d, finaliza. &nbsp; World Fashion Week Malasia Mayta recibi\u00f3 la invitaci\u00f3n a inicios del a\u00f1o por parte de la organizaci\u00f3n del Fashion Week luego de su presentaci\u00f3n en el Runway de Ecuador. El 10 de septiembre Mayta sale a las pasarelas del World Fashion Week en Kuala Lumpur, Malasia, como representante de Ecuador mientras presenta su reciente colecci\u00f3n denominada \u0098SS18: Naturaleza Geom\u00e9trica\u0099. Madri\u00f1an cuenta que la organizaci\u00f3n selecciona a un delegado de la moda de cada pa\u00eds del mundo para participar en el famosos evento auspiciado por Fashion TV, una de las cadenas m\u00e1s importantes de la industria. Entonces, imag\u00ednese lo que significa poder presentar la moda ecuatoriana en el mundo entero\u009d enfatiza. Durante la participaci\u00f3n la marca cont\u00f3 con el apoyo de Laura Donoso, embajadora de Ecuador en Malasia, junto a su esposos Craig Le\u00f3n. Los artistas que estuvieron en la colecci\u00f3n presentada en la pasarela desarrollada en el Palacio de los Caballos Dorados fueron: Michelle Merizalde, Felix Ar\u00e1uz, Bego\u00f1a Salas, Mo V\u00e1zquez, Carlos Neira, Itziar Duque y Natali Ortiz. (I) &nbsp; &nbsp; Fuente: http:\/\/www.eluniverso.com\/tendencias\/2017\/10\/10\/nota\/6424807\/mayta-fusiona-arte-alta-costura-world-fashion-week-malasia<\/p>\n","protected":false},"author":1,"featured_media":246051,"comment_status":"open","ping_status":"open","sticky":false,"template":"","format":"standard","meta":[],"categories":[54,32,44,35],"tags":[],"_links":{"self":[{"href":"https:\/\/www.ecuadortimes.net\/es\/wp-json\/wp\/v2\/posts\/246050"}],"collection":[{"href":"https:\/\/www.ecuadortimes.net\/es\/wp-json\/wp\/v2\/posts"}],"about":[{"href":"https:\/\/www.ecuadortimes.net\/es\/wp-json\/wp\/v2\/types\/post"}],"author":[{"embeddable":true,"href":"https:\/\/www.ecuadortimes.net\/es\/wp-json\/wp\/v2\/users\/1"}],"replies":[{"embeddable":true,"href":"https:\/\/www.ecuadortimes.net\/es\/wp-json\/wp\/v2\/comments?post=246050"}],"version-history":[{"count":0,"href":"https:\/\/www.ecuadortimes.net\/es\/wp-json\/wp\/v2\/posts\/246050\/revisions"}],"wp:featuredmedia":[{"embeddable":true,"href":"https:\/\/www.ecuadortimes.net\/es\/wp-json\/wp\/v2\/media\/246051"}],"wp:attachment":[{"href":"https:\/\/www.ecuadortimes.net\/es\/wp-json\/wp\/v2\/media?parent=246050"}],"wp:term":[{"taxonomy":"category","embeddable":true,"href":"https:\/\/www.ecuadortimes.net\/es\/wp-json\/wp\/v2\/categories?post=246050"},{"taxonomy":"post_tag","embeddable":true,"href":"https:\/\/www.ecuadortimes.net\/es\/wp-json\/wp\/v2\/tags?post=246050"}],"curies":[{"name":"wp","href":"https:\/\/api.w.org\/{rel}","templated":true}]}}