{"id":246052,"date":"2017-10-11T00:00:00","date_gmt":"2017-10-11T00:00:00","guid":{"rendered":"https:\/\/www.ecuadortimes.net\/es\/ecuador-en-una-silente-pelea-comercial-con-otras-naciones\/"},"modified":"2017-10-11T00:00:00","modified_gmt":"2017-10-11T00:00:00","slug":"ecuador-en-una-silente-pelea-comercial-con-otras-naciones","status":"publish","type":"post","link":"https:\/\/www.ecuadortimes.net\/es\/ecuador-en-una-silente-pelea-comercial-con-otras-naciones\/","title":{"rendered":"Ecuador, en una silente pelea comercial con otras naciones"},"content":{"rendered":"<p><img loading=\"lazy\" class=\"size-full wp-image-190445 aligncenter\" src=\"https:\/\/www.ecuadortimes.net\/es\/wp-content\/uploads\/2017\/10\/ECUADOR_PELEA_COMERCIAL_OTRAS_NACIONES_ECUADORTIMES_ECUADORNEWS.jpg\" alt=\"\" width=\"762\" height=\"428\" \/><\/p>\n<p>&nbsp;<\/p>\n<p>Si otros pa\u00edses de la regi\u00f3n no facilitan el ingreso de productos ecuatorianos a sus mercados, Ecuador traza una ruta para hacer algo parecido. A eso se resume el castigo que, de forma silente, el pa\u00eds ha empezado a aplicar a 38 subpartidas arancelarias de productos que provienen de Colombia y Brasil. Y aunque los empresarios entienden la medida, no comparten la forma en que esta se aplica. Se quejan de las trabas que esto genera en su actividad diaria y advierten sobre un posible encarecimiento del producto importado.<\/p>\n<p>Amparado en las normas del Acuerdo de Cartagena, que plantea la libre comercializaci\u00f3n entre pa\u00edses, Ecuador decidi\u00f3 aplicar hace unas semanas la figura de \u0098duda de origen\u0099 a ciertos productos como el calzado o los repuestos que vienen de Brasil, o los confites o ciertos textiles que se fabrican en Colombia\u00a0<b>(ver infograf\u00eda)<\/b>.<\/p>\n<p>&nbsp;<\/p>\n<p><img loading=\"lazy\" class=\"size-full wp-image-190478 aligncenter\" src=\"https:\/\/www.ecuadortimes.net\/es\/wp-content\/uploads\/2017\/10\/ECUADOR_PELEA_COMERCIAL_OTRAS_NACIONES_1_ECUADORTIMES_ECUADORNEWS.png\" alt=\"\" width=\"800\" height=\"1027\" \/><\/p>\n<p>&nbsp;<\/p>\n<p>La medida implica que estos productos, una vez que han ingresado a la Aduana, empiecen a ser calificados con par\u00e1metros m\u00e1s rigurosos que demuestren su origen. Y que, hasta que eso se d\u00e9, los importadores est\u00e9n obligados a cancelar una garant\u00eda por el pago de aranceles que, en caso de irregularidad, tengan que gravarse a estos art\u00edculos.<\/p>\n<p>Las restricciones para Colombia se aplicaron a trav\u00e9s de la resoluci\u00f3n 004-2017, firmada el pasado 25 de agosto por el <strong>Comit\u00e9 de Comercio Exterior (Comex)<\/strong>. Para Brasil, se lo hizo mediante un oficio que fue enviado el pasado 31 de agosto al <strong>Servicio Nacional de Aduana del Ecuador (Senae)<\/strong>.<\/p>\n<p>EXPRESO solicit\u00f3 detalles de los motivos que originan estas medidas, pero ninguna de las dos entidades ha atendido, hasta el momento, este pedido.<\/p>\n<p>Gabriela Uquillas, experta en temas aduaneros y asesora empresarial, explica que ambas medidas se justifican legalmente por las restricciones que por a\u00f1os viene aplicando Colombia a ciertos productos ecuatorianos como el arroz; y Brasil, al banano y el camar\u00f3n ecuatorianos. No obstante, ella y los importadores cuestionan la forma de aplicaci\u00f3n y los efectos econ\u00f3micos que esto est\u00e1 generando.<\/p>\n<p>No solo critican que para el caso de Brasil a\u00fan no exista un acuerdo ministerial, sino el hecho de que se exija el pago de aranceles o de garant\u00edas.<\/p>\n<p>Andr\u00e9s Torres, representante de la empresa Zapec, rechaza que las autoridades no hayan advertido con tiempo al sector importador. Se les ha informado de la noche a la ma\u00f1ana\u009d, dijo. De esta forma, \u00bfde d\u00f3nde sacamos ese dinero?\u009d, se pregunta el representante de esta firma que distribuye calzados a diferentes cadenas comerciales como De Prati y Eta-Fashion y que, ahora mismo, dice tener retenidos unos 10.000 pares de zapatos en la Aduana.<\/p>\n<p>En la misma situaci\u00f3n est\u00e1n otros 60 importadores de calzado. La situaci\u00f3n es cr\u00edtica, explica Margott L\u00f3pez, gerente administrativa de Shoes Tatiana, si se toma en cuenta que este es el mes en el que los comerciantes empiezan a abastecerse de la mercader\u00eda que se expender\u00e1 en \u00e9poca navide\u00f1a, y si se mide la eventual especulaci\u00f3n de precios que esto podr\u00eda causar.<\/p>\n<p>Los importadores explican que con el pago de garant\u00edas, muchos de ellos tienen la dificultad de fijar precios, valores que, para evitar perder, podr\u00edan tender a fijarse al alza. En nuestro caso, nosotros hemos pagado ya una garant\u00eda por tres contenedores, pero no sabemos si eso es algo que vamos a recuperar\u009d, manifest\u00f3 L\u00f3pez, quien tambi\u00e9n hace hincapi\u00e9 en el efecto que esto podr\u00eda tener en el sector laboral. Su firma, explica, distribuye zapatos a trav\u00e9s de cat\u00e1logos, una actividad de la que viven cerca de 12.000 personas.<\/p>\n<p>Estas nuevas exigencias a\u00fan no han provocado un pronunciamiento oficial por parte de autoridades de pa\u00edses vecinos, pero s\u00ed el rechazo de gremios locales como la C\u00e1mara de Comercio de Guayaquil (CCG), que consideran que se trata de una disposici\u00f3n que, aunque se adopta para castigar a naciones vecinas, afectar\u00e1 el comercio local.<\/p>\n<p><i><b>Colombia ceder\u00e1 ante el arroz local<\/b><\/i><\/p>\n<p>Colombia empieza a dar se\u00f1ales de ceder a esta batalla. Ayer el Ministerio de Comercio Exterior inform\u00f3 que el pa\u00eds vecino, despu\u00e9s de 13 a\u00f1os, abrir\u00e1 sus puertas al arroz ecuatoriano a partir de diciembre pr\u00f3ximo. No obstante, no inform\u00f3 si esta resoluci\u00f3n obligar\u00eda al ministerio a analizar las nuevas medidas comerciales que viene adoptando.<\/p>\n<p>Igual suerte espera tener el sector camaronero del pa\u00eds, que contin\u00faa negociando con Brasil su ingreso. Por eso este gremio prefiere, y as\u00ed lo ha solicitado, no aplicar la retaliaci\u00f3n en este producto. (I)<\/p>\n<p>&nbsp;<\/p>\n<p>&nbsp;<\/p>\n<p><strong>Fuente: <\/strong><a href=\"http:\/\/www.expreso.ec\/economia\/ecuador-en-una-silente-pelea-comercial-con-otras-naciones-YJ1759551\" target=\"_blank\" rel=\"noopener noreferrer\">http:\/\/www.expreso.ec\/economia\/ecuador-en-una-silente-pelea-comercial-con-otras-naciones-YJ1759551<\/a><\/p>\n","protected":false},"excerpt":{"rendered":"<p>&nbsp; Si otros pa\u00edses de la regi\u00f3n no facilitan el ingreso de productos ecuatorianos a sus mercados, Ecuador traza una ruta para hacer algo parecido. A eso se resume el castigo que, de forma silente, el pa\u00eds ha empezado a aplicar a 38 subpartidas arancelarias de productos que provienen de Colombia y Brasil. Y aunque los empresarios entienden la medida, no comparten la forma en que esta se aplica. Se quejan de las trabas que esto genera en su actividad diaria y advierten sobre un posible encarecimiento del producto importado. Amparado en las normas del Acuerdo de Cartagena, que plantea la libre comercializaci\u00f3n entre pa\u00edses, Ecuador decidi\u00f3 aplicar hace unas semanas la figura de \u0098duda de origen\u0099 a ciertos productos como el calzado o los repuestos que vienen de Brasil, o los confites o ciertos textiles que se fabrican en Colombia\u00a0(ver infograf\u00eda). &nbsp; &nbsp; La medida implica que estos productos, una vez que han ingresado a la Aduana, empiecen a ser calificados con par\u00e1metros m\u00e1s rigurosos que demuestren su origen. Y que, hasta que eso se d\u00e9, los importadores est\u00e9n obligados a cancelar una garant\u00eda por el pago de aranceles que, en caso de irregularidad, tengan que gravarse a estos art\u00edculos. Las restricciones para Colombia se aplicaron a trav\u00e9s de la resoluci\u00f3n 004-2017, firmada el pasado 25 de agosto por el Comit\u00e9 de Comercio Exterior (Comex). Para Brasil, se lo hizo mediante un oficio que fue enviado el pasado 31 de agosto al Servicio Nacional de Aduana del Ecuador (Senae). EXPRESO solicit\u00f3 detalles de los motivos que originan estas medidas, pero ninguna de las dos entidades ha atendido, hasta el momento, este pedido. Gabriela Uquillas, experta en temas aduaneros y asesora empresarial, explica que ambas medidas se justifican legalmente por las restricciones que por a\u00f1os viene aplicando Colombia a ciertos productos ecuatorianos como el arroz; y Brasil, al banano y el camar\u00f3n ecuatorianos. No obstante, ella y los importadores cuestionan la forma de aplicaci\u00f3n y los efectos econ\u00f3micos que esto est\u00e1 generando. No solo critican que para el caso de Brasil a\u00fan no exista un acuerdo ministerial, sino el hecho de que se exija el pago de aranceles o de garant\u00edas. Andr\u00e9s Torres, representante de la empresa Zapec, rechaza que las autoridades no hayan advertido con tiempo al sector importador. Se les ha informado de la noche a la ma\u00f1ana\u009d, dijo. De esta forma, \u00bfde d\u00f3nde sacamos ese dinero?\u009d, se pregunta el representante de esta firma que distribuye calzados a diferentes cadenas comerciales como De Prati y Eta-Fashion y que, ahora mismo, dice tener retenidos unos 10.000 pares de zapatos en la Aduana. En la misma situaci\u00f3n est\u00e1n otros 60 importadores de calzado. La situaci\u00f3n es cr\u00edtica, explica Margott L\u00f3pez, gerente administrativa de Shoes Tatiana, si se toma en cuenta que este es el mes en el que los comerciantes empiezan a abastecerse de la mercader\u00eda que se expender\u00e1 en \u00e9poca navide\u00f1a, y si se mide la eventual especulaci\u00f3n de precios que esto podr\u00eda causar. Los importadores explican que con el pago de garant\u00edas, muchos de ellos tienen la dificultad de fijar precios, valores que, para evitar perder, podr\u00edan tender a fijarse al alza. En nuestro caso, nosotros hemos pagado ya una garant\u00eda por tres contenedores, pero no sabemos si eso es algo que vamos a recuperar\u009d, manifest\u00f3 L\u00f3pez, quien tambi\u00e9n hace hincapi\u00e9 en el efecto que esto podr\u00eda tener en el sector laboral. Su firma, explica, distribuye zapatos a trav\u00e9s de cat\u00e1logos, una actividad de la que viven cerca de 12.000 personas. Estas nuevas exigencias a\u00fan no han provocado un pronunciamiento oficial por parte de autoridades de pa\u00edses vecinos, pero s\u00ed el rechazo de gremios locales como la C\u00e1mara de Comercio de Guayaquil (CCG), que consideran que se trata de una disposici\u00f3n que, aunque se adopta para castigar a naciones vecinas, afectar\u00e1 el comercio local. Colombia ceder\u00e1 ante el arroz local Colombia empieza a dar se\u00f1ales de ceder a esta batalla. Ayer el Ministerio de Comercio Exterior inform\u00f3 que el pa\u00eds vecino, despu\u00e9s de 13 a\u00f1os, abrir\u00e1 sus puertas al arroz ecuatoriano a partir de diciembre pr\u00f3ximo. No obstante, no inform\u00f3 si esta resoluci\u00f3n obligar\u00eda al ministerio a analizar las nuevas medidas comerciales que viene adoptando. Igual suerte espera tener el sector camaronero del pa\u00eds, que contin\u00faa negociando con Brasil su ingreso. Por eso este gremio prefiere, y as\u00ed lo ha solicitado, no aplicar la retaliaci\u00f3n en este producto. (I) &nbsp; &nbsp; Fuente: http:\/\/www.expreso.ec\/economia\/ecuador-en-una-silente-pelea-comercial-con-otras-naciones-YJ1759551<\/p>\n","protected":false},"author":1,"featured_media":246053,"comment_status":"open","ping_status":"open","sticky":false,"template":"","format":"standard","meta":[],"categories":[54,32,33,43],"tags":[],"_links":{"self":[{"href":"https:\/\/www.ecuadortimes.net\/es\/wp-json\/wp\/v2\/posts\/246052"}],"collection":[{"href":"https:\/\/www.ecuadortimes.net\/es\/wp-json\/wp\/v2\/posts"}],"about":[{"href":"https:\/\/www.ecuadortimes.net\/es\/wp-json\/wp\/v2\/types\/post"}],"author":[{"embeddable":true,"href":"https:\/\/www.ecuadortimes.net\/es\/wp-json\/wp\/v2\/users\/1"}],"replies":[{"embeddable":true,"href":"https:\/\/www.ecuadortimes.net\/es\/wp-json\/wp\/v2\/comments?post=246052"}],"version-history":[{"count":0,"href":"https:\/\/www.ecuadortimes.net\/es\/wp-json\/wp\/v2\/posts\/246052\/revisions"}],"wp:featuredmedia":[{"embeddable":true,"href":"https:\/\/www.ecuadortimes.net\/es\/wp-json\/wp\/v2\/media\/246053"}],"wp:attachment":[{"href":"https:\/\/www.ecuadortimes.net\/es\/wp-json\/wp\/v2\/media?parent=246052"}],"wp:term":[{"taxonomy":"category","embeddable":true,"href":"https:\/\/www.ecuadortimes.net\/es\/wp-json\/wp\/v2\/categories?post=246052"},{"taxonomy":"post_tag","embeddable":true,"href":"https:\/\/www.ecuadortimes.net\/es\/wp-json\/wp\/v2\/tags?post=246052"}],"curies":[{"name":"wp","href":"https:\/\/api.w.org\/{rel}","templated":true}]}}