{"id":246054,"date":"2017-10-11T00:00:00","date_gmt":"2017-10-11T00:00:00","guid":{"rendered":"https:\/\/www.ecuadortimes.net\/es\/la-industria-minera-puede-tener-mayores-restricciones\/"},"modified":"2017-10-11T00:00:00","modified_gmt":"2017-10-11T00:00:00","slug":"la-industria-minera-puede-tener-mayores-restricciones","status":"publish","type":"post","link":"https:\/\/www.ecuadortimes.net\/es\/la-industria-minera-puede-tener-mayores-restricciones\/","title":{"rendered":"La industria minera puede tener mayores restricciones"},"content":{"rendered":"<p><img loading=\"lazy\" class=\"size-full wp-image-190449 aligncenter\" src=\"https:\/\/www.ecuadortimes.net\/es\/wp-content\/uploads\/2017\/10\/INDUSTRIA_MINERA_RESTRICCIONES_ECUADORTIMES_ECUADORNEWS.jpeg\" alt=\"\" width=\"612\" height=\"340\" \/><\/p>\n<p>&nbsp;<\/p>\n<p>La consulta popular ha priorizado dos temas ambientales dentro de las siete preguntas que se plantean. Uno de estos es la prohibici\u00f3n de la miner\u00eda met\u00e1lica en todas sus etapas en \u00e1reas protegidas, zonas intangibles y centros urbanos. Esto implica modificar el art\u00edculo 407 de la<strong> Constituci\u00f3n de la Rep\u00fablica y el art\u00edculo 54 del C\u00f3digo Org\u00e1nico del Ambiente (COA).<\/strong><\/p>\n<p>La inclusi\u00f3n de esta pregunta ha causado diversas posiciones. Mientras algunos acad\u00e9micos rescatan la inclusi\u00f3n de este tema, para otra parte de la poblaci\u00f3n, lo que se plantea, a\u00fan es insuficiente para la protecci\u00f3n del ambiente y de las comunidades locales.<\/p>\n<p>Para Mar\u00eda Amparo Alb\u00e1n, especialista en legislaci\u00f3n ambiental, esta propuesta es positiva, ya que clarifica las reglas de juego\u009d para la miner\u00eda y establece hacia donde puede crecer esta industria. Seg\u00fan Alb\u00e1n, esta enmienda es necesaria porque el <strong>art\u00edculo 407 de la Constituci\u00f3n<\/strong> establece una excepci\u00f3n a la intangibilidad de las \u00e1reas protegidas. Cualquier proyecto considerado como estrat\u00e9gico pod\u00eda ser aprobado por la Asamblea Nacional, como ocurri\u00f3 en el caso del Yasun\u00ed, siguiendo el procedimiento que se encuentra en la norma.<\/p>\n<p>A trav\u00e9s de esta propuesta se est\u00e1 creando un resguardo adicional para evitar que en el futuro proliferen excepciones y existan varios proyectos mineros en \u00e1reas protegidas, considera la especialista. Al incluir a los centros urbanos en la pregunta sobre miner\u00eda, dice Alb\u00e1n, se otorga un respaldo a los municipios que est\u00e1n intentando ejercer sus competencias de planificaci\u00f3n urbana, dejando de lado a la miner\u00eda debido a sus connotaciones sociales y ambientales para la ciudad.<\/p>\n<p>Para Alb\u00e1n, esto es importante porque, si Ecuador ha descubierto su vocaci\u00f3n minera, es necesario que la industria tenga un marco normativo claro en materia ambiental. Dice que lo propuesto no es una norma restrictiva hacia la miner\u00eda, sino solo una garant\u00eda para respetar las \u00e1reas protegidas. Para Ivette Vallejo, profesora investigadora de Flacso Ecuador, la pregunta a\u00fan es insuficiente\u009d si lo que se busca es proteger a las comunidades afectadas por la miner\u00eda, que viven fuera de las \u00e1reas protegidas y de los centros urbanos. Existen zonas, dice, que tambi\u00e9n son estrat\u00e9gicas para la conservaci\u00f3n de la biodiversidad como los bosques protectores, que no est\u00e1n considerados en esta propuesta.<\/p>\n<p>Seg\u00fan los datos del 2016 del Catastro Minero y Plan Nacional de Desarrollo Minero, existen 828 639 hect\u00e1reas concesionadas del territorio nacional para la miner\u00eda y en tr\u00e1mite hay 1 828 667 hect\u00e1reas. Para Vallejo, esto es preocupante porque hay zonas que coinciden con \u00e1reas de bosques. Para la docente, la pregunta deb\u00eda plantear si se est\u00e1 de acuerdo con la miner\u00eda a gran escala considerando los grandes impactos ambientales que genera\u009d.<\/p>\n<p>Esta industria es conocida por sus efectos en la deforestaci\u00f3n de grandes territorios y la contaminaci\u00f3n a las fuentes de agua, que se produce cuando se liberan metales al fracturar la roca y al separar el mineral. Aunque, para Alb\u00e1n, la protecci\u00f3n a las fuentes de agua ya est\u00e1 establecida en las normas actuales, para otro sector de la poblaci\u00f3n, esto se debi\u00f3 especificar en la pregunta.<\/p>\n<p>Carlos P\u00e9rez Guartambel, presidente de la Ecuarunari, explica que su propuesta inclu\u00eda la prohibici\u00f3n de la actividad de miner\u00eda met\u00e1lica en fuentes de agua, p\u00e1ramos, humedales, en cabeceras de r\u00edos y en zonas de biodiversidad. Para Guartambel, si esto no se contempla en la pregunta, significa que los cinco proyectos estrat\u00e9gicos de miner\u00eda pueden continuar en marcha. Aunque gane el s\u00ed\u009d en la consulta popular, dice, se estar\u00e1 afectando zonas sensibles.<small> (I)<\/small><\/p>\n<p>&nbsp;<\/p>\n<p>&nbsp;<\/p>\n<p><strong>Fuente: <\/strong><a href=\"http:\/\/www.elcomercio.com\/actualidad\/industria-minera-restricciones-consulta-popular.html\" target=\"_blank\" rel=\"noopener noreferrer\">http:\/\/www.elcomercio.com\/actualidad\/industria-minera-restricciones-consulta-popular.html<\/a><\/p>\n","protected":false},"excerpt":{"rendered":"<p>&nbsp; La consulta popular ha priorizado dos temas ambientales dentro de las siete preguntas que se plantean. Uno de estos es la prohibici\u00f3n de la miner\u00eda met\u00e1lica en todas sus etapas en \u00e1reas protegidas, zonas intangibles y centros urbanos. Esto implica modificar el art\u00edculo 407 de la Constituci\u00f3n de la Rep\u00fablica y el art\u00edculo 54 del C\u00f3digo Org\u00e1nico del Ambiente (COA). La inclusi\u00f3n de esta pregunta ha causado diversas posiciones. Mientras algunos acad\u00e9micos rescatan la inclusi\u00f3n de este tema, para otra parte de la poblaci\u00f3n, lo que se plantea, a\u00fan es insuficiente para la protecci\u00f3n del ambiente y de las comunidades locales. Para Mar\u00eda Amparo Alb\u00e1n, especialista en legislaci\u00f3n ambiental, esta propuesta es positiva, ya que clarifica las reglas de juego\u009d para la miner\u00eda y establece hacia donde puede crecer esta industria. Seg\u00fan Alb\u00e1n, esta enmienda es necesaria porque el art\u00edculo 407 de la Constituci\u00f3n establece una excepci\u00f3n a la intangibilidad de las \u00e1reas protegidas. Cualquier proyecto considerado como estrat\u00e9gico pod\u00eda ser aprobado por la Asamblea Nacional, como ocurri\u00f3 en el caso del Yasun\u00ed, siguiendo el procedimiento que se encuentra en la norma. A trav\u00e9s de esta propuesta se est\u00e1 creando un resguardo adicional para evitar que en el futuro proliferen excepciones y existan varios proyectos mineros en \u00e1reas protegidas, considera la especialista. Al incluir a los centros urbanos en la pregunta sobre miner\u00eda, dice Alb\u00e1n, se otorga un respaldo a los municipios que est\u00e1n intentando ejercer sus competencias de planificaci\u00f3n urbana, dejando de lado a la miner\u00eda debido a sus connotaciones sociales y ambientales para la ciudad. Para Alb\u00e1n, esto es importante porque, si Ecuador ha descubierto su vocaci\u00f3n minera, es necesario que la industria tenga un marco normativo claro en materia ambiental. Dice que lo propuesto no es una norma restrictiva hacia la miner\u00eda, sino solo una garant\u00eda para respetar las \u00e1reas protegidas. Para Ivette Vallejo, profesora investigadora de Flacso Ecuador, la pregunta a\u00fan es insuficiente\u009d si lo que se busca es proteger a las comunidades afectadas por la miner\u00eda, que viven fuera de las \u00e1reas protegidas y de los centros urbanos. Existen zonas, dice, que tambi\u00e9n son estrat\u00e9gicas para la conservaci\u00f3n de la biodiversidad como los bosques protectores, que no est\u00e1n considerados en esta propuesta. Seg\u00fan los datos del 2016 del Catastro Minero y Plan Nacional de Desarrollo Minero, existen 828 639 hect\u00e1reas concesionadas del territorio nacional para la miner\u00eda y en tr\u00e1mite hay 1 828 667 hect\u00e1reas. Para Vallejo, esto es preocupante porque hay zonas que coinciden con \u00e1reas de bosques. Para la docente, la pregunta deb\u00eda plantear si se est\u00e1 de acuerdo con la miner\u00eda a gran escala considerando los grandes impactos ambientales que genera\u009d. Esta industria es conocida por sus efectos en la deforestaci\u00f3n de grandes territorios y la contaminaci\u00f3n a las fuentes de agua, que se produce cuando se liberan metales al fracturar la roca y al separar el mineral. Aunque, para Alb\u00e1n, la protecci\u00f3n a las fuentes de agua ya est\u00e1 establecida en las normas actuales, para otro sector de la poblaci\u00f3n, esto se debi\u00f3 especificar en la pregunta. Carlos P\u00e9rez Guartambel, presidente de la Ecuarunari, explica que su propuesta inclu\u00eda la prohibici\u00f3n de la actividad de miner\u00eda met\u00e1lica en fuentes de agua, p\u00e1ramos, humedales, en cabeceras de r\u00edos y en zonas de biodiversidad. Para Guartambel, si esto no se contempla en la pregunta, significa que los cinco proyectos estrat\u00e9gicos de miner\u00eda pueden continuar en marcha. Aunque gane el s\u00ed\u009d en la consulta popular, dice, se estar\u00e1 afectando zonas sensibles. (I) &nbsp; &nbsp; Fuente: http:\/\/www.elcomercio.com\/actualidad\/industria-minera-restricciones-consulta-popular.html<\/p>\n","protected":false},"author":1,"featured_media":246055,"comment_status":"open","ping_status":"open","sticky":false,"template":"","format":"standard","meta":[],"categories":[54,32,43,40],"tags":[],"_links":{"self":[{"href":"https:\/\/www.ecuadortimes.net\/es\/wp-json\/wp\/v2\/posts\/246054"}],"collection":[{"href":"https:\/\/www.ecuadortimes.net\/es\/wp-json\/wp\/v2\/posts"}],"about":[{"href":"https:\/\/www.ecuadortimes.net\/es\/wp-json\/wp\/v2\/types\/post"}],"author":[{"embeddable":true,"href":"https:\/\/www.ecuadortimes.net\/es\/wp-json\/wp\/v2\/users\/1"}],"replies":[{"embeddable":true,"href":"https:\/\/www.ecuadortimes.net\/es\/wp-json\/wp\/v2\/comments?post=246054"}],"version-history":[{"count":0,"href":"https:\/\/www.ecuadortimes.net\/es\/wp-json\/wp\/v2\/posts\/246054\/revisions"}],"wp:featuredmedia":[{"embeddable":true,"href":"https:\/\/www.ecuadortimes.net\/es\/wp-json\/wp\/v2\/media\/246055"}],"wp:attachment":[{"href":"https:\/\/www.ecuadortimes.net\/es\/wp-json\/wp\/v2\/media?parent=246054"}],"wp:term":[{"taxonomy":"category","embeddable":true,"href":"https:\/\/www.ecuadortimes.net\/es\/wp-json\/wp\/v2\/categories?post=246054"},{"taxonomy":"post_tag","embeddable":true,"href":"https:\/\/www.ecuadortimes.net\/es\/wp-json\/wp\/v2\/tags?post=246054"}],"curies":[{"name":"wp","href":"https:\/\/api.w.org\/{rel}","templated":true}]}}