{"id":246056,"date":"2017-10-11T00:00:00","date_gmt":"2017-10-11T00:00:00","guid":{"rendered":"https:\/\/www.ecuadortimes.net\/es\/el-cne-inicio-evaluacion-tecnica-previa-a-consulta\/"},"modified":"2017-10-11T00:00:00","modified_gmt":"2017-10-11T00:00:00","slug":"el-cne-inicio-evaluacion-tecnica-previa-a-consulta","status":"publish","type":"post","link":"https:\/\/www.ecuadortimes.net\/es\/el-cne-inicio-evaluacion-tecnica-previa-a-consulta\/","title":{"rendered":"El CNE inici\u00f3 evaluaci\u00f3n t\u00e9cnica previa a consulta"},"content":{"rendered":"<p><img loading=\"lazy\" class=\"size-full wp-image-190444 aligncenter\" src=\"https:\/\/www.ecuadortimes.net\/es\/wp-content\/uploads\/2017\/10\/CNE_INICIO_EVALUACION_TECNICA_PREVIA_CONSULTA_ECUADORTIMES_ECUADORNEWS.jpg\" alt=\"\" width=\"1170\" height=\"552\" \/><\/p>\n<p>&nbsp;<\/p>\n<p>Los departamentos t\u00e9cnicos del <strong>Consejo Nacional Electoral (CNE)<\/strong> iniciaron\u00a0 la revisi\u00f3n de los sistemas que aplicar\u00e1n para la realizaci\u00f3n de la consulta popular, en\u00a0 caso de que la <strong>Corte Constitucional (CC)<\/strong> apruebe las preguntas propuestas por el Ejecutivo.<\/p>\n<p>El consejero del CNE, Pa\u00fal Salazar, indic\u00f3 que la entidad inici\u00f3 la evaluaci\u00f3n de los protocolos con un enfoque de reutilizaci\u00f3n,\u00a0 para aprovechar la\u00a0 infraestructura adquirida para las elecciones pasadas. Esta din\u00e1mica le permitir\u00e1 al organismo un ahorro al momento de plantear la elaboraci\u00f3n del presupuesto de la consulta\u009d, asegur\u00f3.<\/p>\n<p>&nbsp;<\/p>\n<p><img loading=\"lazy\" class=\"size-full wp-image-190481 aligncenter\" src=\"https:\/\/www.ecuadortimes.net\/es\/wp-content\/uploads\/2017\/10\/CNE_INICIO_EVALUACION_TECNICA_PREVIA_CONSULTA_1_ECUADORTIMES_ECUADORNEWS.jpg\" alt=\"\" width=\"880\" height=\"1474\" \/><\/p>\n<p>&nbsp;<\/p>\n<p>Adem\u00e1s, sostuvo, no habr\u00e1 adquisici\u00f3n de nuevos equipos pero tampoco pueden indicar todav\u00eda un monto. <em><strong>El presupuesto se har\u00e1 en funci\u00f3n de la parte t\u00e9cnica, con un enfoque de austeridad<\/strong><\/em>\u009d. El funcionario aclar\u00f3 que una vez emitido el decreto ejecutivo para la convocatoria a consulta popular, luego del dictamen de la Corte, tienen 15 d\u00edas para elaborar el plan operativo que incluye costos, luego de lo cual hay un plazo de 60 d\u00edas para realizar los comicios.<\/p>\n<p>&nbsp;<\/p>\n<p><strong>Apoyo a consulta<\/strong><\/p>\n<p>A nueve d\u00edas de conocidas las preguntas, la respuesta ciudadana sobre los temas es favorable. Una \u00faltima encuesta realizada por la empresa <strong>Consulta Marketing Solution (CMS)<\/strong> revel\u00f3 que existe una mayoritaria aprobaci\u00f3n por parte de\u00a0 los entrevistados. \u00a0Seg\u00fan la ficha t\u00e9cnica, la encuesta fue elaborada entre el 3 y el 6 de octubre en m\u00e1s de 10.000 hogares. Como resultado, todas las preguntas tuvieron una respuesta favorable, especialmente la primera, que tiene relaci\u00f3n con la supresi\u00f3n de los derechos pol\u00edticos a quienes sean declarados culpables de delitos de corrupci\u00f3n (91,02%).<\/p>\n<p>Mientras tanto, sectores pol\u00edticos, sociales y ciudadanos ya anticipan posturas respecto de la convocatoria; si bien est\u00e1n a favor de que se consulte al pueblo, la diferencia radica en c\u00f3mo decidir\u00e1n su voto, sobre todo en los temas relacionados con la cesaci\u00f3n de funciones de los miembros del Consejo de Participaci\u00f3n Ciudadana o sobre la reelecci\u00f3n indefinida, este \u00faltimo aprobado mediante enmienda constitucional en diciembre de 2015.<\/p>\n<p>Para el secretario nacional de Gesti\u00f3n de la Pol\u00edtica, Miguel Carvajal, los temas est\u00e1n ligados al mejoramiento de la institucionalidad con el fin de prevenir y combatir la corrupci\u00f3n. El funcionario sostuvo que la corrupci\u00f3n ha sido un hecho que no se puede ocultar, por lo que, como Gobierno, hemos emprendido una verdadera lucha para que la funci\u00f3n Ejecutiva no se inmiscuya en las dem\u00e1s funciones del Estado y as\u00ed se respete la autonom\u00eda de cada una\u009d.<\/p>\n<p>&nbsp;<\/p>\n<p><strong>PCE rechaza tercera pregunta<\/strong><\/p>\n<p>En la asamblea nacional, efectuada el pasado 7 de octubre, la directiva del Partido Comunista Ecuatoriano (PCE) acord\u00f3 su postura sobre las preguntas de la consulta popular. El dirigente Carlos Andrade afirm\u00f3 que votar\u00e1n No en la pregunta que contempla la eliminaci\u00f3n de la reelecci\u00f3n indefinida, pues si es afirmativa ser\u00eda una regresi\u00f3n en derechos.<\/p>\n<p>Con respecto a las preguntas sobre la cesaci\u00f3n de los miembros del Consejo de Participaci\u00f3n Ciudadana expresaron que la apoyar\u00edan solo si la terna de los siete miembros fuese enviada por las organizaciones sociales. Este planteamiento tambi\u00e9n lo consideran frente a la Ley de Plusval\u00eda. La apoyar\u00edan si el presidente Len\u00edn Moreno se comprometiese a enviar una nueva propuesta de ley.<\/p>\n<p>Por su parte Rodrigo Collahuazo, dirigente de la Coordinadora de Movimientos Sociales se\u00f1al\u00f3 que los 15 representantes nacionales de la agrupaci\u00f3n se reunir\u00e1n la pr\u00f3xima semana para definir la posici\u00f3n del colectivo. Aclar\u00f3 que esperan el pronunciamiento de la CC, que podr\u00eda redefinir\u00a0 las preguntas o incluso negar alguna, por eso esperaremos para anunciar nuestra posici\u00f3n\u009d. (I)<\/p>\n<p>&nbsp;<\/p>\n<p>&nbsp;<\/p>\n<p><strong>Fuente: <\/strong><a href=\"http:\/\/www.eltelegrafo.com.ec\/noticias\/politica\/2\/el-cne-inicio-evaluacion-tecnica-previa-a-consulta\" target=\"_blank\" rel=\"noopener noreferrer\">http:\/\/www.eltelegrafo.com.ec\/noticias\/politica\/2\/el-cne-inicio-evaluacion-tecnica-previa-a-consulta<\/a><\/p>\n","protected":false},"excerpt":{"rendered":"<p>&nbsp; Los departamentos t\u00e9cnicos del Consejo Nacional Electoral (CNE) iniciaron\u00a0 la revisi\u00f3n de los sistemas que aplicar\u00e1n para la realizaci\u00f3n de la consulta popular, en\u00a0 caso de que la Corte Constitucional (CC) apruebe las preguntas propuestas por el Ejecutivo. El consejero del CNE, Pa\u00fal Salazar, indic\u00f3 que la entidad inici\u00f3 la evaluaci\u00f3n de los protocolos con un enfoque de reutilizaci\u00f3n,\u00a0 para aprovechar la\u00a0 infraestructura adquirida para las elecciones pasadas. Esta din\u00e1mica le permitir\u00e1 al organismo un ahorro al momento de plantear la elaboraci\u00f3n del presupuesto de la consulta\u009d, asegur\u00f3. &nbsp; &nbsp; Adem\u00e1s, sostuvo, no habr\u00e1 adquisici\u00f3n de nuevos equipos pero tampoco pueden indicar todav\u00eda un monto. El presupuesto se har\u00e1 en funci\u00f3n de la parte t\u00e9cnica, con un enfoque de austeridad\u009d. El funcionario aclar\u00f3 que una vez emitido el decreto ejecutivo para la convocatoria a consulta popular, luego del dictamen de la Corte, tienen 15 d\u00edas para elaborar el plan operativo que incluye costos, luego de lo cual hay un plazo de 60 d\u00edas para realizar los comicios. &nbsp; Apoyo a consulta A nueve d\u00edas de conocidas las preguntas, la respuesta ciudadana sobre los temas es favorable. Una \u00faltima encuesta realizada por la empresa Consulta Marketing Solution (CMS) revel\u00f3 que existe una mayoritaria aprobaci\u00f3n por parte de\u00a0 los entrevistados. \u00a0Seg\u00fan la ficha t\u00e9cnica, la encuesta fue elaborada entre el 3 y el 6 de octubre en m\u00e1s de 10.000 hogares. Como resultado, todas las preguntas tuvieron una respuesta favorable, especialmente la primera, que tiene relaci\u00f3n con la supresi\u00f3n de los derechos pol\u00edticos a quienes sean declarados culpables de delitos de corrupci\u00f3n (91,02%). Mientras tanto, sectores pol\u00edticos, sociales y ciudadanos ya anticipan posturas respecto de la convocatoria; si bien est\u00e1n a favor de que se consulte al pueblo, la diferencia radica en c\u00f3mo decidir\u00e1n su voto, sobre todo en los temas relacionados con la cesaci\u00f3n de funciones de los miembros del Consejo de Participaci\u00f3n Ciudadana o sobre la reelecci\u00f3n indefinida, este \u00faltimo aprobado mediante enmienda constitucional en diciembre de 2015. Para el secretario nacional de Gesti\u00f3n de la Pol\u00edtica, Miguel Carvajal, los temas est\u00e1n ligados al mejoramiento de la institucionalidad con el fin de prevenir y combatir la corrupci\u00f3n. El funcionario sostuvo que la corrupci\u00f3n ha sido un hecho que no se puede ocultar, por lo que, como Gobierno, hemos emprendido una verdadera lucha para que la funci\u00f3n Ejecutiva no se inmiscuya en las dem\u00e1s funciones del Estado y as\u00ed se respete la autonom\u00eda de cada una\u009d. &nbsp; PCE rechaza tercera pregunta En la asamblea nacional, efectuada el pasado 7 de octubre, la directiva del Partido Comunista Ecuatoriano (PCE) acord\u00f3 su postura sobre las preguntas de la consulta popular. El dirigente Carlos Andrade afirm\u00f3 que votar\u00e1n No en la pregunta que contempla la eliminaci\u00f3n de la reelecci\u00f3n indefinida, pues si es afirmativa ser\u00eda una regresi\u00f3n en derechos. Con respecto a las preguntas sobre la cesaci\u00f3n de los miembros del Consejo de Participaci\u00f3n Ciudadana expresaron que la apoyar\u00edan solo si la terna de los siete miembros fuese enviada por las organizaciones sociales. Este planteamiento tambi\u00e9n lo consideran frente a la Ley de Plusval\u00eda. La apoyar\u00edan si el presidente Len\u00edn Moreno se comprometiese a enviar una nueva propuesta de ley. Por su parte Rodrigo Collahuazo, dirigente de la Coordinadora de Movimientos Sociales se\u00f1al\u00f3 que los 15 representantes nacionales de la agrupaci\u00f3n se reunir\u00e1n la pr\u00f3xima semana para definir la posici\u00f3n del colectivo. Aclar\u00f3 que esperan el pronunciamiento de la CC, que podr\u00eda redefinir\u00a0 las preguntas o incluso negar alguna, por eso esperaremos para anunciar nuestra posici\u00f3n\u009d. (I) &nbsp; &nbsp; Fuente: http:\/\/www.eltelegrafo.com.ec\/noticias\/politica\/2\/el-cne-inicio-evaluacion-tecnica-previa-a-consulta<\/p>\n","protected":false},"author":1,"featured_media":246057,"comment_status":"open","ping_status":"open","sticky":false,"template":"","format":"standard","meta":[],"categories":[54,32,40,35],"tags":[],"_links":{"self":[{"href":"https:\/\/www.ecuadortimes.net\/es\/wp-json\/wp\/v2\/posts\/246056"}],"collection":[{"href":"https:\/\/www.ecuadortimes.net\/es\/wp-json\/wp\/v2\/posts"}],"about":[{"href":"https:\/\/www.ecuadortimes.net\/es\/wp-json\/wp\/v2\/types\/post"}],"author":[{"embeddable":true,"href":"https:\/\/www.ecuadortimes.net\/es\/wp-json\/wp\/v2\/users\/1"}],"replies":[{"embeddable":true,"href":"https:\/\/www.ecuadortimes.net\/es\/wp-json\/wp\/v2\/comments?post=246056"}],"version-history":[{"count":0,"href":"https:\/\/www.ecuadortimes.net\/es\/wp-json\/wp\/v2\/posts\/246056\/revisions"}],"wp:featuredmedia":[{"embeddable":true,"href":"https:\/\/www.ecuadortimes.net\/es\/wp-json\/wp\/v2\/media\/246057"}],"wp:attachment":[{"href":"https:\/\/www.ecuadortimes.net\/es\/wp-json\/wp\/v2\/media?parent=246056"}],"wp:term":[{"taxonomy":"category","embeddable":true,"href":"https:\/\/www.ecuadortimes.net\/es\/wp-json\/wp\/v2\/categories?post=246056"},{"taxonomy":"post_tag","embeddable":true,"href":"https:\/\/www.ecuadortimes.net\/es\/wp-json\/wp\/v2\/tags?post=246056"}],"curies":[{"name":"wp","href":"https:\/\/api.w.org\/{rel}","templated":true}]}}