{"id":246058,"date":"2017-10-11T00:00:00","date_gmt":"2017-10-11T00:00:00","guid":{"rendered":"https:\/\/www.ecuadortimes.net\/es\/visto-bueno-a-pedidos-de-sectores-productivos\/"},"modified":"2017-10-11T00:00:00","modified_gmt":"2017-10-11T00:00:00","slug":"visto-bueno-a-pedidos-de-sectores-productivos","status":"publish","type":"post","link":"https:\/\/www.ecuadortimes.net\/es\/visto-bueno-a-pedidos-de-sectores-productivos\/","title":{"rendered":"Visto bueno a pedidos de sectores productivos"},"content":{"rendered":"<p><img loading=\"lazy\" class=\"size-full wp-image-190454 aligncenter\" src=\"https:\/\/www.ecuadortimes.net\/es\/wp-content\/uploads\/2017\/10\/VISTO_BUENO_PEDIDOS_SECTORES_PRODUCTIVOS_ECUADORTIMES_ECUADORNEWS.jpg\" alt=\"\" width=\"762\" height=\"428\" \/><\/p>\n<p>&nbsp;<\/p>\n<p>A\u00fan no hab\u00eda definiciones en materia de impuestos. <strong>El Consejo Consultivo Productivo Tributario<\/strong> se reuni\u00f3 la ma\u00f1ana de ayer para conocer qu\u00e9 propuestas fueron acogidas por el presidente de la <strong>Rep\u00fablica, Len\u00edn Moreno.<\/strong><\/p>\n<p>Empresarios prev\u00e9n que hoy, a las 11:00, Moreno anuncie qu\u00e9 sugerencias acogi\u00f3 del Consejo, junto al plan econ\u00f3mico. Sin embargo, el Gobierno no lo ha confirmado.<\/p>\n<p>El pasado 26 de septiembre, el <strong>Consejo Consultivo entreg\u00f3 139 planteamientos al presidente Moreno.<\/strong> De esa cantidad, 86 % aproximadamente tienen el visto bueno del Ejecutivo, asegur\u00f3 \u00c3\u0089dison Garz\u00f3n, presidente del colectivo ProponLe al Futuro y miembro del Consejo Consultivo.<\/p>\n<p>Las propuestas del sector privado se concentran en cinco grandes ejes: tributaci\u00f3n; entorno productivo (temas laborales y tramitolog\u00eda); acceso a mercados, inversi\u00f3n y financiamiento; innovaci\u00f3n, calidad y emprendimiento.<\/p>\n<p>Sobre el Impuesto a la Renta (IR) y su anticipo, Garz\u00f3n explic\u00f3 que todav\u00eda Len\u00edn Moreno no ha escogido cu\u00e1l de las f\u00f3rmulas propuestas por el Consejo se aplicar\u00e1 y eso ser\u00e1 anunciado hoy.<\/p>\n<p>No obstante, Marco Carri\u00f3n, presidente de la C\u00e1mara de la Peque\u00f1a y Mediana Empresa de Pichincha (Capeipi), adelant\u00f3 que la eliminaci\u00f3n gradual del pago en exceso del IR podr\u00eda ser acogida por Moreno.<\/p>\n<p>Se prev\u00e9 que los ajustes tributarios, dijo Garz\u00f3n, se realicen a trav\u00e9s de un proyecto de ley econ\u00f3mico urgente.<\/p>\n<p>Luego de esta reforma no se efectuar\u00e1n otros cambios tributarios durante los cuatro a\u00f1os de gesti\u00f3n del Gobierno. Esta fue una de las promesas del mandatario al sector privado.<\/p>\n<p>Otra de las propuestas acogidas, dijo Carri\u00f3n, es la eliminaci\u00f3n de impuestos a las tierras rurales. Tambi\u00e9n han sido acogidas medidas que implican reducci\u00f3n en tramitolog\u00eda y mayor acceso a cr\u00e9ditos para los sectores productivos.<\/p>\n<p>Mientras que el Impuesto a la Salida de Divisas (ISD) no tuvo una respuesta favorable debido a que aporta al fisco cerca de $ 1.000 millones al a\u00f1o.<\/p>\n<p>Iv\u00e1n Ontaneda, presidente de la Federaci\u00f3n Ecuatoriana de Exportadores (Fedexpor), se\u00f1al\u00f3 que ha habido una buena predisposici\u00f3n del sector p\u00fablico para impulsar la econom\u00eda.<\/p>\n<p>La decisi\u00f3n primordial que demandan los empresarios es la suscripci\u00f3n de un acuerdo comercial con EE. UU. Tambi\u00e9n se recomendaron la firma de acuerdos comerciales con Canad\u00e1, Rusia y pa\u00edses asi\u00e1ticos, la activaci\u00f3n de incentivos para el exportador y m\u00e1s controles para el contrabando. Hoy se conocer\u00e1 si tambi\u00e9n esos pedidos fueron acogidos. (I)<\/p>\n<p>&nbsp;<\/p>\n<p>&nbsp;<\/p>\n<p><strong>Fuente: <\/strong><a href=\"http:\/\/www.expreso.ec\/economia\/visto-bueno-a-pedidos-de-sectores-productivos-CJ1759523\" target=\"_blank\" rel=\"noopener noreferrer\">http:\/\/www.expreso.ec\/economia\/visto-bueno-a-pedidos-de-sectores-productivos-CJ1759523<\/a><\/p>\n","protected":false},"excerpt":{"rendered":"<p>&nbsp; A\u00fan no hab\u00eda definiciones en materia de impuestos. El Consejo Consultivo Productivo Tributario se reuni\u00f3 la ma\u00f1ana de ayer para conocer qu\u00e9 propuestas fueron acogidas por el presidente de la Rep\u00fablica, Len\u00edn Moreno. Empresarios prev\u00e9n que hoy, a las 11:00, Moreno anuncie qu\u00e9 sugerencias acogi\u00f3 del Consejo, junto al plan econ\u00f3mico. Sin embargo, el Gobierno no lo ha confirmado. El pasado 26 de septiembre, el Consejo Consultivo entreg\u00f3 139 planteamientos al presidente Moreno. De esa cantidad, 86 % aproximadamente tienen el visto bueno del Ejecutivo, asegur\u00f3 \u00c3\u0089dison Garz\u00f3n, presidente del colectivo ProponLe al Futuro y miembro del Consejo Consultivo. Las propuestas del sector privado se concentran en cinco grandes ejes: tributaci\u00f3n; entorno productivo (temas laborales y tramitolog\u00eda); acceso a mercados, inversi\u00f3n y financiamiento; innovaci\u00f3n, calidad y emprendimiento. Sobre el Impuesto a la Renta (IR) y su anticipo, Garz\u00f3n explic\u00f3 que todav\u00eda Len\u00edn Moreno no ha escogido cu\u00e1l de las f\u00f3rmulas propuestas por el Consejo se aplicar\u00e1 y eso ser\u00e1 anunciado hoy. No obstante, Marco Carri\u00f3n, presidente de la C\u00e1mara de la Peque\u00f1a y Mediana Empresa de Pichincha (Capeipi), adelant\u00f3 que la eliminaci\u00f3n gradual del pago en exceso del IR podr\u00eda ser acogida por Moreno. Se prev\u00e9 que los ajustes tributarios, dijo Garz\u00f3n, se realicen a trav\u00e9s de un proyecto de ley econ\u00f3mico urgente. Luego de esta reforma no se efectuar\u00e1n otros cambios tributarios durante los cuatro a\u00f1os de gesti\u00f3n del Gobierno. Esta fue una de las promesas del mandatario al sector privado. Otra de las propuestas acogidas, dijo Carri\u00f3n, es la eliminaci\u00f3n de impuestos a las tierras rurales. Tambi\u00e9n han sido acogidas medidas que implican reducci\u00f3n en tramitolog\u00eda y mayor acceso a cr\u00e9ditos para los sectores productivos. Mientras que el Impuesto a la Salida de Divisas (ISD) no tuvo una respuesta favorable debido a que aporta al fisco cerca de $ 1.000 millones al a\u00f1o. Iv\u00e1n Ontaneda, presidente de la Federaci\u00f3n Ecuatoriana de Exportadores (Fedexpor), se\u00f1al\u00f3 que ha habido una buena predisposici\u00f3n del sector p\u00fablico para impulsar la econom\u00eda. La decisi\u00f3n primordial que demandan los empresarios es la suscripci\u00f3n de un acuerdo comercial con EE. UU. Tambi\u00e9n se recomendaron la firma de acuerdos comerciales con Canad\u00e1, Rusia y pa\u00edses asi\u00e1ticos, la activaci\u00f3n de incentivos para el exportador y m\u00e1s controles para el contrabando. Hoy se conocer\u00e1 si tambi\u00e9n esos pedidos fueron acogidos. (I) &nbsp; &nbsp; Fuente: http:\/\/www.expreso.ec\/economia\/visto-bueno-a-pedidos-de-sectores-productivos-CJ1759523<\/p>\n","protected":false},"author":1,"featured_media":246059,"comment_status":"open","ping_status":"open","sticky":false,"template":"","format":"standard","meta":[],"categories":[54,32,43,40,35],"tags":[],"_links":{"self":[{"href":"https:\/\/www.ecuadortimes.net\/es\/wp-json\/wp\/v2\/posts\/246058"}],"collection":[{"href":"https:\/\/www.ecuadortimes.net\/es\/wp-json\/wp\/v2\/posts"}],"about":[{"href":"https:\/\/www.ecuadortimes.net\/es\/wp-json\/wp\/v2\/types\/post"}],"author":[{"embeddable":true,"href":"https:\/\/www.ecuadortimes.net\/es\/wp-json\/wp\/v2\/users\/1"}],"replies":[{"embeddable":true,"href":"https:\/\/www.ecuadortimes.net\/es\/wp-json\/wp\/v2\/comments?post=246058"}],"version-history":[{"count":0,"href":"https:\/\/www.ecuadortimes.net\/es\/wp-json\/wp\/v2\/posts\/246058\/revisions"}],"wp:featuredmedia":[{"embeddable":true,"href":"https:\/\/www.ecuadortimes.net\/es\/wp-json\/wp\/v2\/media\/246059"}],"wp:attachment":[{"href":"https:\/\/www.ecuadortimes.net\/es\/wp-json\/wp\/v2\/media?parent=246058"}],"wp:term":[{"taxonomy":"category","embeddable":true,"href":"https:\/\/www.ecuadortimes.net\/es\/wp-json\/wp\/v2\/categories?post=246058"},{"taxonomy":"post_tag","embeddable":true,"href":"https:\/\/www.ecuadortimes.net\/es\/wp-json\/wp\/v2\/tags?post=246058"}],"curies":[{"name":"wp","href":"https:\/\/api.w.org\/{rel}","templated":true}]}}