{"id":246066,"date":"2017-10-13T00:00:00","date_gmt":"2017-10-13T00:00:00","guid":{"rendered":"https:\/\/www.ecuadortimes.net\/es\/empresarios-y-emprendedores-debatieron-sobre-el-fracaso-y-el-exito\/"},"modified":"2017-10-13T00:00:00","modified_gmt":"2017-10-13T00:00:00","slug":"empresarios-y-emprendedores-debatieron-sobre-el-fracaso-y-el-exito","status":"publish","type":"post","link":"https:\/\/www.ecuadortimes.net\/es\/empresarios-y-emprendedores-debatieron-sobre-el-fracaso-y-el-exito\/","title":{"rendered":"Empresarios y emprendedores debatieron sobre el fracaso y el \u00e9xito"},"content":{"rendered":"<p><img loading=\"lazy\" class=\"size-full wp-image-190495 aligncenter\" src=\"https:\/\/www.ecuadortimes.net\/es\/wp-content\/uploads\/2017\/10\/EMPRESARIOS_EMPRENDEDORES_DEBATIERON_SOBRE_FRACASO_Y_EXITO_ECUADORTIMES_ECUADORNEWS.png\" alt=\"\" width=\"612\" height=\"340\" \/><\/p>\n<p>&nbsp;<\/p>\n<p>C\u00f3mo enfrentar el fracaso y aprovecharlo para alcanzar el \u00e9xito fue el tema central del conversatorio organizado por la <strong>revista L\u00edderes<\/strong> y la incubadora de <strong>emprendimientos Impaqto:<\/strong> La Noche del Fracaso. Este encuentro es parte de las celebraciones por los 20 a\u00f1os de la revista especializada, que pertenece a <strong>Grupo El Comercio<\/strong>.<\/p>\n<p>En la cita, emprendedores y empresarios compartieron sus experiencias de fracaso, que les ha permitido liderar proyectos exitosos. Tal es el caso de Mart\u00edn Jara del portal de comercio electr\u00f3nico Yaesta.com que vio en el fracaso una oportunidad para aprender y, hoy en d\u00eda, en su sitio web cuenta con m\u00e1s de 10 000 productos.<small><\/small><\/p>\n<p>Reconocer el fracaso, dar la vuelta a la p\u00e1gina y empezar de nuevo son estrategias que recomienda <strong>Maca Lara, CEO de Kipus<\/strong>, quien tuvo que hacerlo en su primer emprendimiento Vider. El mundo del periodismo tambi\u00e9n est\u00e1 lleno de errores y rectificaciones, as\u00ed lo reconoci\u00f3 Pedro Maldonado, editor de revista L\u00edderes, quien comparti\u00f3 an\u00e9cdotas laborales, las cuales se pudieron superar gracias a la pasi\u00f3n por el oficio.<\/p>\n<p>En el conversatorio tambi\u00e9n participaron David Mar\u00edn, analista y Jackie Arango, gerente de innovaci\u00f3n de Bancolombia.<small><strong> (I)<b><\/b><\/strong><\/small><\/p>\n<p>&nbsp;<\/p>\n<p>&nbsp;<\/p>\n<p><strong>Fuente: <\/strong><a href=\"http:\/\/www.elcomercio.com\/actualidad\/empresarios-emprendedores-debatieron-fracaso-exito.html\" target=\"_blank\" rel=\"noopener noreferrer\">http:\/\/www.elcomercio.com\/actualidad\/empresarios-emprendedores-debatieron-fracaso-exito.html<\/a><\/p>\n","protected":false},"excerpt":{"rendered":"<p>&nbsp; C\u00f3mo enfrentar el fracaso y aprovecharlo para alcanzar el \u00e9xito fue el tema central del conversatorio organizado por la revista L\u00edderes y la incubadora de emprendimientos Impaqto: La Noche del Fracaso. Este encuentro es parte de las celebraciones por los 20 a\u00f1os de la revista especializada, que pertenece a Grupo El Comercio. En la cita, emprendedores y empresarios compartieron sus experiencias de fracaso, que les ha permitido liderar proyectos exitosos. Tal es el caso de Mart\u00edn Jara del portal de comercio electr\u00f3nico Yaesta.com que vio en el fracaso una oportunidad para aprender y, hoy en d\u00eda, en su sitio web cuenta con m\u00e1s de 10 000 productos. Reconocer el fracaso, dar la vuelta a la p\u00e1gina y empezar de nuevo son estrategias que recomienda Maca Lara, CEO de Kipus, quien tuvo que hacerlo en su primer emprendimiento Vider. El mundo del periodismo tambi\u00e9n est\u00e1 lleno de errores y rectificaciones, as\u00ed lo reconoci\u00f3 Pedro Maldonado, editor de revista L\u00edderes, quien comparti\u00f3 an\u00e9cdotas laborales, las cuales se pudieron superar gracias a la pasi\u00f3n por el oficio. En el conversatorio tambi\u00e9n participaron David Mar\u00edn, analista y Jackie Arango, gerente de innovaci\u00f3n de Bancolombia. (I) &nbsp; &nbsp; Fuente: http:\/\/www.elcomercio.com\/actualidad\/empresarios-emprendedores-debatieron-fracaso-exito.html<\/p>\n","protected":false},"author":1,"featured_media":0,"comment_status":"open","ping_status":"open","sticky":false,"template":"","format":"standard","meta":[],"categories":[54,32,43,35],"tags":[],"_links":{"self":[{"href":"https:\/\/www.ecuadortimes.net\/es\/wp-json\/wp\/v2\/posts\/246066"}],"collection":[{"href":"https:\/\/www.ecuadortimes.net\/es\/wp-json\/wp\/v2\/posts"}],"about":[{"href":"https:\/\/www.ecuadortimes.net\/es\/wp-json\/wp\/v2\/types\/post"}],"author":[{"embeddable":true,"href":"https:\/\/www.ecuadortimes.net\/es\/wp-json\/wp\/v2\/users\/1"}],"replies":[{"embeddable":true,"href":"https:\/\/www.ecuadortimes.net\/es\/wp-json\/wp\/v2\/comments?post=246066"}],"version-history":[{"count":0,"href":"https:\/\/www.ecuadortimes.net\/es\/wp-json\/wp\/v2\/posts\/246066\/revisions"}],"wp:attachment":[{"href":"https:\/\/www.ecuadortimes.net\/es\/wp-json\/wp\/v2\/media?parent=246066"}],"wp:term":[{"taxonomy":"category","embeddable":true,"href":"https:\/\/www.ecuadortimes.net\/es\/wp-json\/wp\/v2\/categories?post=246066"},{"taxonomy":"post_tag","embeddable":true,"href":"https:\/\/www.ecuadortimes.net\/es\/wp-json\/wp\/v2\/tags?post=246066"}],"curies":[{"name":"wp","href":"https:\/\/api.w.org\/{rel}","templated":true}]}}