{"id":246069,"date":"2017-10-13T00:00:00","date_gmt":"2017-10-13T00:00:00","guid":{"rendered":"https:\/\/www.ecuadortimes.net\/es\/la-asamblea-perdio-su-agenda\/"},"modified":"2017-10-13T00:00:00","modified_gmt":"2017-10-13T00:00:00","slug":"la-asamblea-perdio-su-agenda","status":"publish","type":"post","link":"https:\/\/www.ecuadortimes.net\/es\/la-asamblea-perdio-su-agenda\/","title":{"rendered":"La Asamblea perdi\u00f3 su agenda"},"content":{"rendered":"<p><img loading=\"lazy\" class=\"size-full wp-image-190528 aligncenter\" src=\"https:\/\/www.ecuadortimes.net\/es\/wp-content\/uploads\/2017\/10\/LA_ASAMBLEA_PERDIO_SU_AGENDA_ECUADORTIMES_ECUADORNEWS.jpg\" alt=\"\" width=\"762\" height=\"428\" \/><\/p>\n<p>&nbsp;<\/p>\n<h4>La sesi\u00f3n plenaria fue suspendida por tercera ocasi\u00f3n en dos semanas. El intempestivo intento de reactivar la fiscalizaci\u00f3n del fiscal tampoco tuvo \u00e9xito. (I)<\/h4>\n<p>&nbsp;<\/p>\n<p>&nbsp;<\/p>\n<p><strong>Fuente: <\/strong><a href=\"http:\/\/www.expreso.ec\/actualidad\/la-asamblea-perdio-su-agenda-HF1766966\" target=\"_blank\" rel=\"noopener noreferrer\">http:\/\/www.expreso.ec\/<wbr \/>actualidad\/la-asamblea-perdio-<wbr \/>su-agenda-HF1766966<\/a><\/p>\n","protected":false},"excerpt":{"rendered":"<p>&nbsp; La sesi\u00f3n plenaria fue suspendida por tercera ocasi\u00f3n en dos semanas. El intempestivo intento de reactivar la fiscalizaci\u00f3n del fiscal tampoco tuvo \u00e9xito. (I) &nbsp; &nbsp; Fuente: http:\/\/www.expreso.ec\/actualidad\/la-asamblea-perdio-su-agenda-HF1766966<\/p>\n","protected":false},"author":1,"featured_media":246070,"comment_status":"open","ping_status":"open","sticky":false,"template":"","format":"standard","meta":[],"categories":[54,32,40,35],"tags":[],"_links":{"self":[{"href":"https:\/\/www.ecuadortimes.net\/es\/wp-json\/wp\/v2\/posts\/246069"}],"collection":[{"href":"https:\/\/www.ecuadortimes.net\/es\/wp-json\/wp\/v2\/posts"}],"about":[{"href":"https:\/\/www.ecuadortimes.net\/es\/wp-json\/wp\/v2\/types\/post"}],"author":[{"embeddable":true,"href":"https:\/\/www.ecuadortimes.net\/es\/wp-json\/wp\/v2\/users\/1"}],"replies":[{"embeddable":true,"href":"https:\/\/www.ecuadortimes.net\/es\/wp-json\/wp\/v2\/comments?post=246069"}],"version-history":[{"count":0,"href":"https:\/\/www.ecuadortimes.net\/es\/wp-json\/wp\/v2\/posts\/246069\/revisions"}],"wp:featuredmedia":[{"embeddable":true,"href":"https:\/\/www.ecuadortimes.net\/es\/wp-json\/wp\/v2\/media\/246070"}],"wp:attachment":[{"href":"https:\/\/www.ecuadortimes.net\/es\/wp-json\/wp\/v2\/media?parent=246069"}],"wp:term":[{"taxonomy":"category","embeddable":true,"href":"https:\/\/www.ecuadortimes.net\/es\/wp-json\/wp\/v2\/categories?post=246069"},{"taxonomy":"post_tag","embeddable":true,"href":"https:\/\/www.ecuadortimes.net\/es\/wp-json\/wp\/v2\/tags?post=246069"}],"curies":[{"name":"wp","href":"https:\/\/api.w.org\/{rel}","templated":true}]}}